{"id":4854,"date":"2020-10-27T13:55:02","date_gmt":"2020-10-27T10:55:02","guid":{"rendered":"https:\/\/hskurd.org\/?p=4854"},"modified":"2020-10-27T13:55:02","modified_gmt":"2020-10-27T10:55:02","slug":"li-dibistane-cawa-eme-xwe-ji-vayrosa-kovid19-biparezin","status":"publish","type":"post","link":"https:\/\/hskurd.org\/?p=4854&lang=ku","title":{"rendered":"Li dibistan\u00ea \u00c7awa em\u00ea xwe ji vayrosa Kov\u00eed19 bipar\u00eazin"},"content":{"rendered":"<p>&nbsp;<\/p>\n<p>&nbsp;Ji ber ku dibistan hjmar\u00ean mezin ji \u015fagirtan diciv\u00eene \u00fb gelek caran \u015fagirt dibe cih\u00ea belavb\u00fbna Vayrosa Koronay\u00ea ,gerek em bi hev re li mal \u00fb dibistan\u00ea wan f\u00ear\u00ee r\u00eabaz\u00ean tendurst \u00ean rast bikin da ku ew xwe \u00fb derdora xwe ji nexwe\u015fiy\u00ea bipar\u00eazin.<\/p>\n<p>&nbsp;<\/p>\n<p>&nbsp;<\/p>\n<p><span class=\"embed-youtube\" style=\"text-align:center; display: block;\"><iframe loading=\"lazy\" class=\"youtube-player\" width=\"1500\" height=\"844\" src=\"https:\/\/www.youtube.com\/embed\/-oLEN9nDQpE?version=3&#038;rel=1&#038;showsearch=0&#038;showinfo=1&#038;iv_load_policy=1&#038;fs=1&#038;hl=ar&#038;autohide=2&#038;wmode=transparent\" allowfullscreen=\"true\" style=\"border:0;\" sandbox=\"allow-scripts allow-same-origin allow-popups allow-presentation allow-popups-to-escape-sandbox\"><\/iframe><\/span><\/p>\n","protected":false},"excerpt":{"rendered":"<p>&nbsp; &nbsp;Ji ber ku dibistan hjmar\u00ean mezin ji \u015fagirtan diciv\u00eene \u00fb gelek caran \u015fagirt dibe cih\u00ea belavb\u00fbna Vayrosa Koronay\u00ea ,gerek em bi hev re li mal \u00fb dibistan\u00ea wan f\u00ear\u00ee r\u00eabaz\u00ean tendurst \u00ean rast bikin da ku ew xwe \u00fb derdora xwe ji nexwe\u015fiy\u00ea bipar\u00eazin. &nbsp; &nbsp;<\/p>\n","protected":false},"author":3,"featured_media":4855,"comment_status":"open","ping_status":"open","sticky":false,"template":"","format":"standard","meta":{"give_campaign_id":0,"ngg_post_thumbnail":0,"jetpack_post_was_ever_published":false,"_jetpack_newsletter_access":"","_jetpack_dont_email_post_to_subs":false,"_jetpack_newsletter_tier_id":0,"_jetpack_memberships_contains_paywalled_content":false,"_jetpack_memberships_contains_paid_content":false,"footnotes":"","jetpack_publicize_message":"","jetpack_publicize_feature_enabled":true,"jetpack_social_post_already_shared":true,"jetpack_social_options":{"image_generator_settings":{"template":"highway","default_image_id":0,"font":"","enabled":false},"version":2},"_links_to":"","_links_to_target":""},"categories":[844],"tags":[925],"class_list":["post-4854","post","type-post","status-publish","format-standard","has-post-thumbnail","hentry","category-perwerdehiya-tenduristi","tag-li_dibistane_cawa_eme_xwe_ji_vayrosa_kovid19_biparezin"],"jetpack_publicize_connections":[],"jetpack_featured_media_url":"https:\/\/i0.wp.com\/hskurd.org\/wp-content\/uploads\/2020\/10\/FFF.jpg?fit=559%2C399&ssl=1","jetpack-related-posts":[{"id":11564,"url":"https:\/\/hskurd.org\/?p=11564&lang=ku","url_meta":{"origin":4854,"position":0},"title":"pi\u015ftgiriya ko\u00e7ber\u00ean \u015eehba \u00fb Heleb\u00ea didom\u00eene","author":"user55","date":"21 \u0623\u063a\u0633\u0637\u0633\u060c 2025","format":false,"excerpt":"https:\/\/youtube.com\/shorts\/0Oxv3IbiLpM?si=p-M05TOac5VzZw_2 Heyva Sor a Kurd pi\u015ftgiriya xwe ji bo ko\u00e7ber\u00ean ji \u015eehba \u00fb Heleb\u00ea didom\u00eene. Di \u00e7ar\u00e7oveya Projeya Bersiva Awarte ya Pi\u015ftgiriya Ko\u00e7beran de, 765 kit\u00ean paqijiy\u00ea li Qami\u015flo, Girg\u00ea Leg\u00ea \u00fb D\u00earik\u00ea hatin belavkirin. Ev selik ti\u015ft\u00ean bingeh\u00een ku paqijiya kesane \u00fb gi\u015ft\u00ee bipar\u00eazin dihew\u00eene ji bo tendurist\u00ee \u00fb\u2026","rel":"","context":"\u0641\u064a &quot;Ge\u015fep\u00eadan&quot;","block_context":{"text":"Ge\u015fep\u00eadan","link":"https:\/\/hskurd.org\/?cat=862&lang=ku"},"img":{"alt_text":"","src":"https:\/\/i0.wp.com\/hskurd.org\/wp-content\/uploads\/2025\/08\/IMG_2831-scaled.jpg?fit=1200%2C800&ssl=1&resize=350%2C200","width":350,"height":200,"srcset":"https:\/\/i0.wp.com\/hskurd.org\/wp-content\/uploads\/2025\/08\/IMG_2831-scaled.jpg?fit=1200%2C800&ssl=1&resize=350%2C200 1x, https:\/\/i0.wp.com\/hskurd.org\/wp-content\/uploads\/2025\/08\/IMG_2831-scaled.jpg?fit=1200%2C800&ssl=1&resize=525%2C300 1.5x, https:\/\/i0.wp.com\/hskurd.org\/wp-content\/uploads\/2025\/08\/IMG_2831-scaled.jpg?fit=1200%2C800&ssl=1&resize=700%2C400 2x, https:\/\/i0.wp.com\/hskurd.org\/wp-content\/uploads\/2025\/08\/IMG_2831-scaled.jpg?fit=1200%2C800&ssl=1&resize=1050%2C600 3x"},"classes":[]},{"id":12712,"url":"https:\/\/hskurd.org\/?p=12712&lang=ku","url_meta":{"origin":4854,"position":1},"title":"Perwerdehiyek p\u00ea\u015fket\u00ee di r\u00eaveberiya karesatan \u00fb ba\u015fkirina bersiva bilez de li Qam\u00ee\u015flo bi pi\u015ftgiriya Medico International","author":"user55","date":"22 \u0623\u0628\u0631\u064a\u0644\u060c 2026","format":false,"excerpt":"https:\/\/youtu.be\/kC7JYuFvbiM?si=rs6eea_dUVTZMS0z Di nav s\u00ea rojan de li Qami\u015flo, t\u00eem\u00ea Parastina Siv\u00eel ya Heyva Sor a Kurd, bi pi\u015ftgiriya Medico International, perwerdehiya p\u00ea\u015fkeft\u00ee da endam\u00ean \u015faredariy\u00ea y\u00ean pispor, li ser r\u00eaveberiya karesatan \u00fb r\u00eabaz\u00ean destwerdan\u00ea. Em berdewam in di xebat\u00ean xwe de ji bo bilindkirina amadeb\u00fbn\u00ea \u00fb xurtkirina kapas\u00eeteya t\u00eem\u00ean her\u00eam\u00ee,\u2026","rel":"","context":"\u0641\u064a &quot;Ge\u015fep\u00eadan&quot;","block_context":{"text":"Ge\u015fep\u00eadan","link":"https:\/\/hskurd.org\/?cat=862&lang=ku"},"img":{"alt_text":"","src":"https:\/\/i0.wp.com\/img.youtube.com\/vi\/kC7JYuFvbiM\/0.jpg?resize=350%2C200","width":350,"height":200},"classes":[]},{"id":11951,"url":"https:\/\/hskurd.org\/?p=11951&lang=ku","url_meta":{"origin":4854,"position":2},"title":"Daxuyaniya \u015fermezarkirin \u00fb \u015fermezarkirina \u00ear\u00ee\u015f\u00ean li ser navend\u00ean tenduristiy\u00ea li Bakur \u00fb Rojhilat\u00ea S\u00fbriy\u00ea","author":"user55","date":"24 \u0641\u0628\u0631\u0627\u064a\u0631\u060c 2026","format":false,"excerpt":"Daxuyaniya \u015eermezarkirina \u00car\u00ee\u015f\u00ean li ser Navend\u00ean Tenduristiy\u00ea \u00fb Karmend\u00ean Bij\u00ee\u015fk\u00ee li Bakur \u00fb Rojhilat\u00ea S\u00fbriyey\u00ea Em li Heyva Sor a Kurd, li ser bingeha erk\u00ea xwe y\u00ea mirov\u00ee, hem\u00fb \u00ear\u00ee\u015f\u00ean ku navend\u00ean tenduristiy\u00ea, karmend\u00ean bij\u00ee\u015fk\u00ee \u00fb r\u00eaxistin\u00ean al\u00eekariy\u00ea li Bakur \u00fb Rojhilat\u00ea S\u00fbriyey\u00ea hedef digirin bi tund\u00ee \u015fermezar dikin. \u00car\u00ee\u015fa\u2026","rel":"","context":"\u0641\u064a &quot;Rapor&quot;","block_context":{"text":"Rapor","link":"https:\/\/hskurd.org\/?cat=206&lang=ku"},"img":{"alt_text":"","src":"https:\/\/i0.wp.com\/hskurd.org\/wp-content\/uploads\/2026\/02\/616189932_1181428474152450_2742318992070712677_n.jpg?fit=1200%2C800&ssl=1&resize=350%2C200","width":350,"height":200,"srcset":"https:\/\/i0.wp.com\/hskurd.org\/wp-content\/uploads\/2026\/02\/616189932_1181428474152450_2742318992070712677_n.jpg?fit=1200%2C800&ssl=1&resize=350%2C200 1x, https:\/\/i0.wp.com\/hskurd.org\/wp-content\/uploads\/2026\/02\/616189932_1181428474152450_2742318992070712677_n.jpg?fit=1200%2C800&ssl=1&resize=525%2C300 1.5x, https:\/\/i0.wp.com\/hskurd.org\/wp-content\/uploads\/2026\/02\/616189932_1181428474152450_2742318992070712677_n.jpg?fit=1200%2C800&ssl=1&resize=700%2C400 2x, https:\/\/i0.wp.com\/hskurd.org\/wp-content\/uploads\/2026\/02\/616189932_1181428474152450_2742318992070712677_n.jpg?fit=1200%2C800&ssl=1&resize=1050%2C600 3x"},"classes":[]},{"id":7428,"url":"https:\/\/hskurd.org\/?p=7428&lang=ku","url_meta":{"origin":4854,"position":3},"title":"Baran\u00ea zarok ji bajar\u00ea Koban\u00ee pi\u015ft\u00ee ku navenda protez t\u0131\u015ft\u00ean w\u00ee y\u00ean ku ji ber teq\u00eena bermah\u0131yeke DAI\u015e\u00ea li pey xwe hi\u015ftib\u00fb, vegerandin ji n\u00fbve bi ken vedigere qada l\u00eestik\u00ea.","author":"heyvasorakurd","date":"1 \u0623\u063a\u0633\u0637\u0633\u060c 2023","format":false,"excerpt":"Baran\u00ea zarok b\u0131 ken\u00ea xwe vedigere qada l\u00eestik\u00ea Bermahiy\u00ean \u015fer gelek caran mexd\u00fbr\u00ean siv\u00eel l\u0131 d\u00fb xwe ve dih\u00ealin, bi piran\u00ee zarok, ku haya wan ji wan xeterey\u00ean tune ye. Yek ji qurbaniy\u00ean van may\u00eenan Baran Mazen Qar\u00ee y\u00ea 10 sal\u00ee ye. Di 18\u2019\u00ea Sibata 2023\u2019an de tev\u00ee malbata xwe\u2026","rel":"","context":"\u0641\u064a &quot;\u00c7\u00eerok&quot;","block_context":{"text":"\u00c7\u00eerok","link":"https:\/\/hskurd.org\/?cat=831&lang=ku"},"img":{"alt_text":"","src":"https:\/\/i0.wp.com\/hskurd.org\/wp-content\/uploads\/2023\/08\/952A8898-copy-scaled.webp?fit=1200%2C800&ssl=1&resize=350%2C200","width":350,"height":200,"srcset":"https:\/\/i0.wp.com\/hskurd.org\/wp-content\/uploads\/2023\/08\/952A8898-copy-scaled.webp?fit=1200%2C800&ssl=1&resize=350%2C200 1x, https:\/\/i0.wp.com\/hskurd.org\/wp-content\/uploads\/2023\/08\/952A8898-copy-scaled.webp?fit=1200%2C800&ssl=1&resize=525%2C300 1.5x, https:\/\/i0.wp.com\/hskurd.org\/wp-content\/uploads\/2023\/08\/952A8898-copy-scaled.webp?fit=1200%2C800&ssl=1&resize=700%2C400 2x, https:\/\/i0.wp.com\/hskurd.org\/wp-content\/uploads\/2023\/08\/952A8898-copy-scaled.webp?fit=1200%2C800&ssl=1&resize=1050%2C600 3x"},"classes":[]},{"id":5885,"url":"https:\/\/hskurd.org\/?p=5885&lang=ku","url_meta":{"origin":4854,"position":4},"title":"\u015eeh\u00eed Basim Muhemed &#8221; \u015eeh\u00eed\u00ea Mirovatiy\u00ea &#8220;","author":"Sozdar","date":"30 \u064a\u0646\u0627\u064a\u0631\u060c 2022","format":false,"excerpt":"Bi xemg\u00eeniyeke mezin me n\u00fb\u00e7eya \u015feh\u00eedb\u00fbna heval\u00ea xwe Basem Mihemed wergirt, ku di encama gulebaranek\u00ea de dema ku w\u00ee li navenda sereke ya Heyva Sor a Kurd li Kampa Hol\u00ea erk\u00ea xwe ye mirov\u00ee p\u00eak di an\u00ee. Tev\u00ee hem\u00fb hewldan\u00ean ku heval\u00ean me dan ta Basim jiyana xwe ji dest\u2026","rel":"","context":"\u0641\u064a &quot;Awarte&quot;","block_context":{"text":"Awarte","link":"https:\/\/hskurd.org\/?cat=848&lang=ku"},"img":{"alt_text":"","src":"https:\/\/i0.wp.com\/hskurd.org\/wp-content\/uploads\/2022\/01\/g.jpg?fit=800%2C1200&ssl=1&resize=350%2C200","width":350,"height":200,"srcset":"https:\/\/i0.wp.com\/hskurd.org\/wp-content\/uploads\/2022\/01\/g.jpg?fit=800%2C1200&ssl=1&resize=350%2C200 1x, https:\/\/i0.wp.com\/hskurd.org\/wp-content\/uploads\/2022\/01\/g.jpg?fit=800%2C1200&ssl=1&resize=525%2C300 1.5x, https:\/\/i0.wp.com\/hskurd.org\/wp-content\/uploads\/2022\/01\/g.jpg?fit=800%2C1200&ssl=1&resize=700%2C400 2x"},"classes":[]},{"id":11106,"url":"https:\/\/hskurd.org\/?p=11106&lang=ku","url_meta":{"origin":4854,"position":5},"title":"diyar\u00ee \u00fb p\u00eal\u00eestok ji bo zarok\u00ean Telas\u00eemiyay\u00ea","author":"user55","date":"9 \u0623\u0628\u0631\u064a\u0644\u060c 2025","format":false,"excerpt":"Bi \u00een\u00ees\u00eeyat\u00eefeke hem\u00fb mirovah\u00ee \u00fb day\u00een , Navenda H\u00eero ya Diyalog \u00fb n\u00fbavakirin\u00ea bi hevkariya r\u00eaxistina CARAVAN a Nemsaw\u00ee komek p\u00eal\u00eestok \u00fb \u00e7entey\u00ean dibistan\u00ea ji odeya pi\u015ftgiriya ps\u00eekoloj\u00eek re li nexwe\u015fxaneya Onkoloj\u00ee, \u015fewat \u00fb Telas\u00eemiyay\u00ea p\u00ea\u015fk\u00ea\u015f kirin. Ku haw\u00eerdoreke pi\u015ftgir \u00fb rehet Ji bo zarok\u00ean bi nexwe\u015f\u00eey\u00ean domdar \u00ean wek\u2026","rel":"","context":"\u0641\u064a &quot;\u00c7\u00eerok&quot;","block_context":{"text":"\u00c7\u00eerok","link":"https:\/\/hskurd.org\/?cat=831&lang=ku"},"img":{"alt_text":"","src":"https:\/\/i0.wp.com\/hskurd.org\/wp-content\/uploads\/2025\/04\/722a82a9-4cd4-4524-8729-81874ece2822.jpg?fit=1200%2C800&ssl=1&resize=350%2C200","width":350,"height":200,"srcset":"https:\/\/i0.wp.com\/hskurd.org\/wp-content\/uploads\/2025\/04\/722a82a9-4cd4-4524-8729-81874ece2822.jpg?fit=1200%2C800&ssl=1&resize=350%2C200 1x, https:\/\/i0.wp.com\/hskurd.org\/wp-content\/uploads\/2025\/04\/722a82a9-4cd4-4524-8729-81874ece2822.jpg?fit=1200%2C800&ssl=1&resize=525%2C300 1.5x, https:\/\/i0.wp.com\/hskurd.org\/wp-content\/uploads\/2025\/04\/722a82a9-4cd4-4524-8729-81874ece2822.jpg?fit=1200%2C800&ssl=1&resize=700%2C400 2x, https:\/\/i0.wp.com\/hskurd.org\/wp-content\/uploads\/2025\/04\/722a82a9-4cd4-4524-8729-81874ece2822.jpg?fit=1200%2C800&ssl=1&resize=1050%2C600 3x"},"classes":[]}],"jetpack_sharing_enabled":true,"_links":{"self":[{"href":"https:\/\/hskurd.org\/index.php?rest_route=\/wp\/v2\/posts\/4854","targetHints":{"allow":["GET"]}}],"collection":[{"href":"https:\/\/hskurd.org\/index.php?rest_route=\/wp\/v2\/posts"}],"about":[{"href":"https:\/\/hskurd.org\/index.php?rest_route=\/wp\/v2\/types\/post"}],"author":[{"embeddable":true,"href":"https:\/\/hskurd.org\/index.php?rest_route=\/wp\/v2\/users\/3"}],"replies":[{"embeddable":true,"href":"https:\/\/hskurd.org\/index.php?rest_route=%2Fwp%2Fv2%2Fcomments&post=4854"}],"version-history":[{"count":2,"href":"https:\/\/hskurd.org\/index.php?rest_route=\/wp\/v2\/posts\/4854\/revisions"}],"predecessor-version":[{"id":4857,"href":"https:\/\/hskurd.org\/index.php?rest_route=\/wp\/v2\/posts\/4854\/revisions\/4857"}],"wp:featuredmedia":[{"embeddable":true,"href":"https:\/\/hskurd.org\/index.php?rest_route=\/wp\/v2\/media\/4855"}],"wp:attachment":[{"href":"https:\/\/hskurd.org\/index.php?rest_route=%2Fwp%2Fv2%2Fmedia&parent=4854"}],"wp:term":[{"taxonomy":"category","embeddable":true,"href":"https:\/\/hskurd.org\/index.php?rest_route=%2Fwp%2Fv2%2Fcategories&post=4854"},{"taxonomy":"post_tag","embeddable":true,"href":"https:\/\/hskurd.org\/index.php?rest_route=%2Fwp%2Fv2%2Ftags&post=4854"}],"curies":[{"name":"wp","href":"https:\/\/api.w.org\/{rel}","templated":true}]}}