{"id":4838,"date":"2020-10-13T13:28:05","date_gmt":"2020-10-13T10:28:05","guid":{"rendered":"https:\/\/hskurd.org\/?p=4838"},"modified":"2020-10-13T13:28:05","modified_gmt":"2020-10-13T10:28:05","slug":"wasokani-ciroka-kocberya-deh-hezaran-insan-e","status":"publish","type":"post","link":"https:\/\/hskurd.org\/?p=4838&lang=ku","title":{"rendered":"Wa\u015fokan\u00ee, \u00e7\u00eeroka ko\u00e7berya deh hezaran insan e"},"content":{"rendered":"<p><span class=\"embed-youtube\" style=\"text-align:center; display: block;\"><iframe loading=\"lazy\" class=\"youtube-player\" width=\"1500\" height=\"844\" src=\"https:\/\/www.youtube.com\/embed\/_6V5tBivNLk?version=3&#038;rel=1&#038;showsearch=0&#038;showinfo=1&#038;iv_load_policy=1&#038;fs=1&#038;hl=ar&#038;autohide=2&#038;wmode=transparent\" allowfullscreen=\"true\" style=\"border:0;\" sandbox=\"allow-scripts allow-same-origin allow-popups allow-presentation allow-popups-to-escape-sandbox\"><\/iframe><\/span><\/p>\n<p>&nbsp;<\/p>\n<p>Pi\u015ft\u00ee \u00ear\u00ee\u015f\u00ean dewleta Turkiy\u00ea \u00fb h\u00eaz\u00ea Rad\u00eekal \u00fb dagirkirina wan ji bajar\u00ea Ser\u00ea Kaniy\u00ea \u00fb Gir\u00ea Sip\u00ee re, bi hezaran welat\u00ee penaber b\u00fbn \u00fb ji cih \u00fb war\u00ean xwe d\u00fbrketin.<br \/>\nTev\u00ee hem\u00fb zehmet\u00ee \u00fb \u00ea\u015f\u00ean hatin p\u00ea\u015fber\u00ee wan, t\u00eem\u00ean Heyva Sor a Kurd \u00ean tendurst\u00ee ku li navenda HSK li Ser\u00ea Kaniy\u00ea kar dikirin xizmeta tendurst\u00ee li kamp\u00ean (Wa\u015fokan\u00ee -Ser\u00ea Kaniy\u00ea) \u00fb bajar\u00ea Hesek\u00ea, \u00fb nexwe\u0219xan\u00ea derdor\u00ea ku piranya xwe xizmeta xelk\u00ean ser\u00ea kaniye dikin, kar\u00ea xwe berdewam dikin \u00fb bi h\u00eaviya vegereke n\u00eaz\u00eekin.<\/p>\n<p>&nbsp;<\/p>\n","protected":false},"excerpt":{"rendered":"<p>&nbsp; Pi\u015ft\u00ee \u00ear\u00ee\u015f\u00ean dewleta Turkiy\u00ea \u00fb h\u00eaz\u00ea Rad\u00eekal \u00fb dagirkirina wan ji bajar\u00ea Ser\u00ea Kaniy\u00ea \u00fb Gir\u00ea Sip\u00ee re, bi hezaran welat\u00ee penaber b\u00fbn \u00fb ji cih \u00fb war\u00ean xwe d\u00fbrketin. Tev\u00ee hem\u00fb zehmet\u00ee \u00fb \u00ea\u015f\u00ean hatin p\u00ea\u015fber\u00ee wan, t\u00eem\u00ean Heyva Sor a Kurd \u00ean tendurst\u00ee ku li navenda HSK li Ser\u00ea Kaniy\u00ea kar dikirin [&hellip;]<\/p>\n","protected":false},"author":3,"featured_media":4839,"comment_status":"open","ping_status":"open","sticky":false,"template":"","format":"standard","meta":{"give_campaign_id":0,"ngg_post_thumbnail":0,"jetpack_post_was_ever_published":false,"_jetpack_newsletter_access":"","_jetpack_dont_email_post_to_subs":false,"_jetpack_newsletter_tier_id":0,"_jetpack_memberships_contains_paywalled_content":false,"_jetpack_memberships_contains_paid_content":false,"footnotes":"","jetpack_publicize_message":"","jetpack_publicize_feature_enabled":true,"jetpack_social_post_already_shared":true,"jetpack_social_options":{"image_generator_settings":{"template":"highway","default_image_id":0,"font":"","enabled":false},"version":2},"_links_to":"","_links_to_target":""},"categories":[831],"tags":[921],"class_list":["post-4838","post","type-post","status-publish","format-standard","has-post-thumbnail","hentry","category-cirok","tag-wasokani_ciroka_kocberya_deh_hezaran_insan_e"],"jetpack_publicize_connections":[],"jetpack_featured_media_url":"https:\/\/i0.wp.com\/hskurd.org\/wp-content\/uploads\/2020\/10\/ggg.jpg?fit=1080%2C720&ssl=1","jetpack-related-posts":[{"id":5485,"url":"https:\/\/hskurd.org\/?p=5485&lang=ku","url_meta":{"origin":4838,"position":0},"title":"Xala tendurst\u00ee li kampa Ser\u00ea Kaniy\u00ea","author":"Sozdar","date":"31 \u0645\u0627\u064a\u0648\u060c 2021","format":false,"excerpt":"Xala tendurst\u00ee ya kampa Ser\u00ea Kaniy\u00ea li bajar\u00ea Heseke xala daw\u00een e ku Heyva Sor a Kurd vekiriye, ji bo peydakirina xizmeta lezg\u00een \u00fb tenduristiy\u00ea ya sereke (kl\u00een\u00eek\u00ean hundir\u00een, jinan \u00fb zarokan, be\u015f\u00ea lezg\u00een, dermanxane \u00fb hi\u015fiyariya tendurist\u00ee) ji bo n\u00eaz\u00ee 11 hezar ko\u00e7ber ji bajar\u00ea Ser\u00eakaniy\u00ea di hundir\u00ea kamp\u00ea\u2026","rel":"","context":"\u0641\u064a &quot;Tendurist\u00ee&quot;","block_context":{"text":"Tendurist\u00ee","link":"https:\/\/hskurd.org\/?cat=846&lang=ku"},"img":{"alt_text":"","src":"https:\/\/i0.wp.com\/hskurd.org\/wp-content\/uploads\/2021\/05\/192526918_2931262373819471_689849948580002567_n.jpg?fit=960%2C640&ssl=1&resize=350%2C200","width":350,"height":200,"srcset":"https:\/\/i0.wp.com\/hskurd.org\/wp-content\/uploads\/2021\/05\/192526918_2931262373819471_689849948580002567_n.jpg?fit=960%2C640&ssl=1&resize=350%2C200 1x, https:\/\/i0.wp.com\/hskurd.org\/wp-content\/uploads\/2021\/05\/192526918_2931262373819471_689849948580002567_n.jpg?fit=960%2C640&ssl=1&resize=525%2C300 1.5x, https:\/\/i0.wp.com\/hskurd.org\/wp-content\/uploads\/2021\/05\/192526918_2931262373819471_689849948580002567_n.jpg?fit=960%2C640&ssl=1&resize=700%2C400 2x"},"classes":[]},{"id":12179,"url":"https:\/\/hskurd.org\/?p=12179&lang=ku","url_meta":{"origin":4838,"position":1},"title":"T\u00eem\u00ean me y\u00ean meydan\u00ee pi\u015ftgiriya malbat\u00ean ko\u00e7ber \u00ean ji Ser\u00ea Kaniy\u00ea \u00fb Efr\u00eena ku li Hesek\u00ea dij\u00een dikin","author":"user55","date":"5 \u0645\u0627\u0631\u0633\u060c 2026","format":false,"excerpt":"T\u00eem\u00ean me y\u00ean meydan\u00ee, ji ber baweriya me bi erk\u00ea ku di her \u015fert \u00fb merc\u00ee de li k\u00ealeka gel\u00ea xwe bisekinin, bi dab\u00eenkirina al\u00eekariy\u00ea \u00fb dab\u00eenkirina p\u00eadiviy\u00ean wan \u00ean bingeh\u00een, pi\u015ftgiriya malbat\u00ean ko\u00e7ber \u00ean ji Res\u00fbl\u00eayn \u00fb Efr\u00een \u00ean li Hesek\u00ea dikin.","rel":"","context":"\u0641\u064a &quot;Ge\u015fep\u00eadan&quot;","block_context":{"text":"Ge\u015fep\u00eadan","link":"https:\/\/hskurd.org\/?cat=862&lang=ku"},"img":{"alt_text":"","src":"https:\/\/i0.wp.com\/hskurd.org\/wp-content\/uploads\/2026\/03\/633505198_1203257158636248_8422840867162292056_n.jpg?fit=1200%2C900&ssl=1&resize=350%2C200","width":350,"height":200,"srcset":"https:\/\/i0.wp.com\/hskurd.org\/wp-content\/uploads\/2026\/03\/633505198_1203257158636248_8422840867162292056_n.jpg?fit=1200%2C900&ssl=1&resize=350%2C200 1x, https:\/\/i0.wp.com\/hskurd.org\/wp-content\/uploads\/2026\/03\/633505198_1203257158636248_8422840867162292056_n.jpg?fit=1200%2C900&ssl=1&resize=525%2C300 1.5x, https:\/\/i0.wp.com\/hskurd.org\/wp-content\/uploads\/2026\/03\/633505198_1203257158636248_8422840867162292056_n.jpg?fit=1200%2C900&ssl=1&resize=700%2C400 2x, https:\/\/i0.wp.com\/hskurd.org\/wp-content\/uploads\/2026\/03\/633505198_1203257158636248_8422840867162292056_n.jpg?fit=1200%2C900&ssl=1&resize=1050%2C600 3x"},"classes":[]},{"id":920,"url":"https:\/\/hskurd.org\/?p=920&lang=ku","url_meta":{"origin":4838,"position":2},"title":"DAXUYAN\u00ce  J\u0130 BO RAYA G\u0130\u015eT\u00ce","author":"heyvasorakurd","date":"14 \u0646\u0648\u0641\u0645\u0628\u0631\u060c 2017","format":false,"excerpt":"Bi sedema erdhej\u00eena ku li gelek nav\u00e7ey\u00ean Ba\u015f\u00fbr \u00fb Rojhilat\u00ee\u00a0 kurdistan\u00ea r\u00fb daye , gelek zerar \u00a0hat p\u00ea\u015fber\u00ee milet\u00ea Ba\u015f\u00fbr \u00fb Rojhilat \u00fb gelek \u015feh\u00eed \u00e7\u00fbn . Ji bo v\u00ea yek\u00ea Heyva sor a kurd dest bi Qampan\u0131ya danheva al\u00eekariyan ji gel\u00ea Rojava\/Ba\u015f\u00fbr\u00ea S\u00fbriy\u00ea \u00a0kirye \u00a0,lewra em h\u00eaviy\u00ean pir mezin\u2026","rel":"","context":"\u0641\u064a &quot;b\u00ea kategoriyan&quot;","block_context":{"text":"b\u00ea kategoriyan","link":"https:\/\/hskurd.org\/?cat=85&lang=ku"},"img":{"alt_text":"","src":"https:\/\/i0.wp.com\/hskurd.org\/wp-content\/uploads\/2017\/11\/IMG-20171114-WA0009-1.jpg?fit=1080%2C715&ssl=1&resize=350%2C200","width":350,"height":200,"srcset":"https:\/\/i0.wp.com\/hskurd.org\/wp-content\/uploads\/2017\/11\/IMG-20171114-WA0009-1.jpg?fit=1080%2C715&ssl=1&resize=350%2C200 1x, https:\/\/i0.wp.com\/hskurd.org\/wp-content\/uploads\/2017\/11\/IMG-20171114-WA0009-1.jpg?fit=1080%2C715&ssl=1&resize=525%2C300 1.5x, https:\/\/i0.wp.com\/hskurd.org\/wp-content\/uploads\/2017\/11\/IMG-20171114-WA0009-1.jpg?fit=1080%2C715&ssl=1&resize=700%2C400 2x, https:\/\/i0.wp.com\/hskurd.org\/wp-content\/uploads\/2017\/11\/IMG-20171114-WA0009-1.jpg?fit=1080%2C715&ssl=1&resize=1050%2C600 3x"},"classes":[]},{"id":12208,"url":"https:\/\/hskurd.org\/?p=12208&lang=ku","url_meta":{"origin":4838,"position":3},"title":"Heyva Sor a Kurd belavkirina al\u00eekariy\u00ean xwarin\u00ea ji bo ko\u00e7ber\u00ean li tax\u00ean Hesek\u00ea berdewam dike.","author":"user55","date":"11 \u0645\u0627\u0631\u0633\u060c 2026","format":false,"excerpt":"Kampanyay\u00ean belavkirina al\u00eekariya mirov\u00ee ji bo pi\u015ftgiriya xelk\u00ea me y\u00ea ko\u00e7ber berdewam dikin. Di \u00e7ar\u00e7oveya van hewldanan de, t\u00eema Heyva Sor a Kurd selik\u00ean xwarin\u00ea li malbat\u00ean ji Ser\u00ea kaniy\u00ea \u00fb Efr\u00een ko\u00e7ber b\u00fbne li tax\u00ean Mu\u015feyrfa, el-Dahiya, el-Muft\u00ee \u00fb el-Salihiya li Hesek\u00ea belav kir. Bi van destp\u00ea\u015fxeriyan, em pabend\u2026","rel":"","context":"\u0641\u064a &quot;Al\u00eekar\u00ee&quot;","block_context":{"text":"Al\u00eekar\u00ee","link":"https:\/\/hskurd.org\/?cat=2169&lang=ku"},"img":{"alt_text":"","src":"https:\/\/i0.wp.com\/hskurd.org\/wp-content\/uploads\/2026\/03\/635667099_1204844291810868_6329629479239249029_n.jpg?fit=1200%2C540&ssl=1&resize=350%2C200","width":350,"height":200,"srcset":"https:\/\/i0.wp.com\/hskurd.org\/wp-content\/uploads\/2026\/03\/635667099_1204844291810868_6329629479239249029_n.jpg?fit=1200%2C540&ssl=1&resize=350%2C200 1x, https:\/\/i0.wp.com\/hskurd.org\/wp-content\/uploads\/2026\/03\/635667099_1204844291810868_6329629479239249029_n.jpg?fit=1200%2C540&ssl=1&resize=525%2C300 1.5x, https:\/\/i0.wp.com\/hskurd.org\/wp-content\/uploads\/2026\/03\/635667099_1204844291810868_6329629479239249029_n.jpg?fit=1200%2C540&ssl=1&resize=700%2C400 2x, https:\/\/i0.wp.com\/hskurd.org\/wp-content\/uploads\/2026\/03\/635667099_1204844291810868_6329629479239249029_n.jpg?fit=1200%2C540&ssl=1&resize=1050%2C600 3x"},"classes":[]},{"id":11678,"url":"https:\/\/hskurd.org\/?p=11678&lang=ku","url_meta":{"origin":4838,"position":4},"title":"Belavkirina al\u00eekariy\u00ean mirov\u00ee li ser ko\u00e7beran","author":"user55","date":"18 \u0633\u0628\u062a\u0645\u0628\u0631\u060c 2025","format":false,"excerpt":"https:\/\/youtube.com\/shorts\/pwT4lNVpHG4?si=OUSagZCABKDi4JLg Heyva Sor a Kurd\u00ee berdewam dike bi xebat\u00ean xwe ya mirovah\u00ee, bi belavkirina seleted\u00ean xwarin\u00ea ji bo ko\u00e7ber\u00ean ji Ser\u00ea Kaniy\u00ea ku niha li nav navenda penaberiyan li Hesek\u00ea dij\u00een. Belavkirin li ser 37 dibistan\u00ean ku wek\u00ee navenda penaberiyan hatine tay\u00een kirin hate xebitandin, \u00fb ji w\u00ea re z\u00eadetir\u2026","rel":"","context":"\u0641\u064a &quot;Ge\u015fep\u00eadan&quot;","block_context":{"text":"Ge\u015fep\u00eadan","link":"https:\/\/hskurd.org\/?cat=862&lang=ku"},"img":{"alt_text":"","src":"https:\/\/i0.wp.com\/hskurd.org\/wp-content\/uploads\/2025\/09\/IMG_8592-scaled.jpg?fit=1200%2C800&ssl=1&resize=350%2C200","width":350,"height":200,"srcset":"https:\/\/i0.wp.com\/hskurd.org\/wp-content\/uploads\/2025\/09\/IMG_8592-scaled.jpg?fit=1200%2C800&ssl=1&resize=350%2C200 1x, https:\/\/i0.wp.com\/hskurd.org\/wp-content\/uploads\/2025\/09\/IMG_8592-scaled.jpg?fit=1200%2C800&ssl=1&resize=525%2C300 1.5x, https:\/\/i0.wp.com\/hskurd.org\/wp-content\/uploads\/2025\/09\/IMG_8592-scaled.jpg?fit=1200%2C800&ssl=1&resize=700%2C400 2x, https:\/\/i0.wp.com\/hskurd.org\/wp-content\/uploads\/2025\/09\/IMG_8592-scaled.jpg?fit=1200%2C800&ssl=1&resize=1050%2C600 3x"},"classes":[]},{"id":2980,"url":"https:\/\/hskurd.org\/?p=2980&lang=ku","url_meta":{"origin":4838,"position":5},"title":"Al\u00ee \u00cemad \u00fb ling\u00ea p\u00ee\u015fesaz\u00ee","author":"heyvasorakurd","date":"23 \u062f\u064a\u0633\u0645\u0628\u0631\u060c 2019","format":false,"excerpt":"\u201cAl\u00ee \u00cemad\u201d zarok\u00ea 14 sal\u00ee biray\u00ea 2 kur \u00fb s\u00ea xwi\u015fkan ku di 2012an de dema \u00ear\u00ee\u015f\u00ean teror\u00eestan li ser Ser\u00ea Kaniy\u00ea ling\u00ea xwe winda kir. \u00cero careke din penaber dibe \u00fb li kampa Wa\u015fokan\u00ee hem\u00fb h\u00eaviy\u00ean xwe careke din wunda dike. Ji bo ku ew h\u00eav\u00ee belav nebin navenda\u2026","rel":"","context":"\u0641\u064a &quot;Rapor&quot;","block_context":{"text":"Rapor","link":"https:\/\/hskurd.org\/?cat=206&lang=ku"},"img":{"alt_text":"","src":"https:\/\/i0.wp.com\/hskurd.org\/wp-content\/uploads\/2019\/12\/952A3200-scaled.jpg?fit=1200%2C675&ssl=1&resize=350%2C200","width":350,"height":200,"srcset":"https:\/\/i0.wp.com\/hskurd.org\/wp-content\/uploads\/2019\/12\/952A3200-scaled.jpg?fit=1200%2C675&ssl=1&resize=350%2C200 1x, https:\/\/i0.wp.com\/hskurd.org\/wp-content\/uploads\/2019\/12\/952A3200-scaled.jpg?fit=1200%2C675&ssl=1&resize=525%2C300 1.5x, https:\/\/i0.wp.com\/hskurd.org\/wp-content\/uploads\/2019\/12\/952A3200-scaled.jpg?fit=1200%2C675&ssl=1&resize=700%2C400 2x, https:\/\/i0.wp.com\/hskurd.org\/wp-content\/uploads\/2019\/12\/952A3200-scaled.jpg?fit=1200%2C675&ssl=1&resize=1050%2C600 3x"},"classes":[]}],"jetpack_sharing_enabled":true,"_links":{"self":[{"href":"https:\/\/hskurd.org\/index.php?rest_route=\/wp\/v2\/posts\/4838","targetHints":{"allow":["GET"]}}],"collection":[{"href":"https:\/\/hskurd.org\/index.php?rest_route=\/wp\/v2\/posts"}],"about":[{"href":"https:\/\/hskurd.org\/index.php?rest_route=\/wp\/v2\/types\/post"}],"author":[{"embeddable":true,"href":"https:\/\/hskurd.org\/index.php?rest_route=\/wp\/v2\/users\/3"}],"replies":[{"embeddable":true,"href":"https:\/\/hskurd.org\/index.php?rest_route=%2Fwp%2Fv2%2Fcomments&post=4838"}],"version-history":[{"count":2,"href":"https:\/\/hskurd.org\/index.php?rest_route=\/wp\/v2\/posts\/4838\/revisions"}],"predecessor-version":[{"id":4841,"href":"https:\/\/hskurd.org\/index.php?rest_route=\/wp\/v2\/posts\/4838\/revisions\/4841"}],"wp:featuredmedia":[{"embeddable":true,"href":"https:\/\/hskurd.org\/index.php?rest_route=\/wp\/v2\/media\/4839"}],"wp:attachment":[{"href":"https:\/\/hskurd.org\/index.php?rest_route=%2Fwp%2Fv2%2Fmedia&parent=4838"}],"wp:term":[{"taxonomy":"category","embeddable":true,"href":"https:\/\/hskurd.org\/index.php?rest_route=%2Fwp%2Fv2%2Fcategories&post=4838"},{"taxonomy":"post_tag","embeddable":true,"href":"https:\/\/hskurd.org\/index.php?rest_route=%2Fwp%2Fv2%2Ftags&post=4838"}],"curies":[{"name":"wp","href":"https:\/\/api.w.org\/{rel}","templated":true}]}}