{"id":431,"date":"2017-01-19T13:19:11","date_gmt":"2017-01-19T10:19:11","guid":{"rendered":"https:\/\/hskurd.org\/?p=431"},"modified":"2017-01-19T13:19:11","modified_gmt":"2017-01-19T10:19:11","slug":"navenda-qamislo-xizmeta-21524-nexwesi-dike-di-sala-2016an-de","status":"publish","type":"post","link":"https:\/\/hskurd.org\/?p=431&lang=ku","title":{"rendered":"Navenda Qami\u015flo xizmeta 21524 nexwe\u015f\u00ee dike di sala 2016&#8217;an de"},"content":{"rendered":"<p style=\"direction: ltr;\">\n<p style=\"direction: ltr;\">Navenda Qami\u015flo ya Heyva Sor A Kurd xizmeta 21524 nexwe\u015f\u00ee dike di sala 2016&#8217;an de, li be\u015f\u00ean Hundir\u00een, Zarok \u00fb La\u015fmaniya pi\u015ft\u00ee d\u00eetina txtor\u00ean pispor ji nexwe\u015fan re her wiha derman\u00ea p\u00eaw\u00eest t\u00ea dayin.<\/p>\n<p style=\"direction: ltr;\">Be\u015f\u00ea Zarokan 4991 nexwe\u015f d\u00eet \u00fb derman\u00ea p\u00eawist t\u00ea dayin.<\/p>\n<p style=\"direction: ltr;\">Be\u015f\u00ea Hundir\u00een 10624 nexwe\u015f ji xizmet\u00ea s\u00fbd girtin ji ECG, ICO \u00fb derman\u00ean Reb\u00fb, \u015eekir \u00fb dil didin li gor p\u00eawistiy\u00ea.<\/p>\n<p style=\"direction: ltr;\">Be\u015fa La\u015fmaniya 5909 nexwe\u015f hat derman kirin.<\/p>\n<p style=\"direction: ltr;\">Her wiha navend\u00ea al\u00eekar\u00ee da hin welatiy\u00ean ku p\u00eadiviy\u00ean emelyata ji wan re lazim dibe \u00fb bir\u00een\u00ean hin bir\u00eendar\u00ean siv\u00eel y\u00ean teq\u00eena derman kirin.<\/p>\n<p style=\"direction: ltr;\">Navend deriy\u00ea xwe her roj ji bil\u00ee roja \u00cen \u00fb \u015eem\u00ee ji sa&#8217;at 8&#8217;\u00ea sib\u00ea ta sa&#8217;at 2&#8217;\u00ea pi\u015ft\u00ee n\u00eev ro vedike.<\/p>\n","protected":false},"excerpt":{"rendered":"<p>Navenda Qami\u015flo ya Heyva Sor A Kurd xizmeta 21524 nexwe\u015f\u00ee dike di sala 2016&#8217;an de, li be\u015f\u00ean Hundir\u00een, Zarok \u00fb La\u015fmaniya pi\u015ft\u00ee d\u00eetina txtor\u00ean pispor ji nexwe\u015fan re her wiha derman\u00ea p\u00eaw\u00eest t\u00ea dayin. Be\u015f\u00ea Zarokan 4991 nexwe\u015f d\u00eet \u00fb derman\u00ea p\u00eawist t\u00ea dayin. Be\u015f\u00ea Hundir\u00een 10624 nexwe\u015f ji xizmet\u00ea s\u00fbd girtin ji ECG, ICO [&hellip;]<\/p>\n","protected":false},"author":2,"featured_media":432,"comment_status":"open","ping_status":"open","sticky":false,"template":"","format":"standard","meta":{"give_campaign_id":0,"ngg_post_thumbnail":0,"jetpack_post_was_ever_published":false,"_jetpack_newsletter_access":"","_jetpack_dont_email_post_to_subs":false,"_jetpack_newsletter_tier_id":0,"_jetpack_memberships_contains_paywalled_content":false,"_jetpack_memberships_contains_paid_content":false,"footnotes":"","jetpack_publicize_message":"","jetpack_publicize_feature_enabled":true,"jetpack_social_post_already_shared":false,"jetpack_social_options":{"image_generator_settings":{"template":"highway","default_image_id":0,"font":"","enabled":false},"version":2},"_links_to":"","_links_to_target":""},"categories":[85],"tags":[280],"class_list":["post-431","post","type-post","status-publish","format-standard","has-post-thumbnail","hentry","category-be-kategoriyan","tag-navenda-qamislo-xizmeta-21524-nexwesi-dike-di-sala-2016an-de"],"jetpack_publicize_connections":[],"jetpack_featured_media_url":"https:\/\/i0.wp.com\/hskurd.org\/wp-content\/uploads\/2017\/01\/01.jpg?fit=4928%2C3264&ssl=1","jetpack-related-posts":[{"id":650,"url":"https:\/\/hskurd.org\/?p=650&lang=ku","url_meta":{"origin":431,"position":0},"title":"Navenda Am\u00fbd\u00ea derman\u00ea  nexwe\u015fiy\u00ean giran ji 2984 nexwe\u015f\u00ee  re peyda dike","author":"heyvasorakurd","date":"28 \u0623\u0628\u0631\u064a\u0644\u060c 2017","format":false,"excerpt":"Navenda me ya Am\u00fbd\u00ea derman\u00ea nexwe\u015fiy\u00ean giran li Kantona Ciz\u00eer\u00ea \u00fb Koban\u00ea peyda dike, ev navend ya yekem\u00eene seranser\u00ee Rojava. Navend\u00ea derman da 2984 nexwe\u015f\u00ee di sala bor\u00ee de \u00fb heta destp\u00eaka v\u00ea meh\u00ea. Nexwe\u015f\u00ean ji navend\u00ea xizmet girtine ta nuha: 259 nexwe\u015f\u00ean ku derman\u00ea \u00e7andina gur\u00e7ikan girtine, 265 nexwe\u015fiy\u00ean\u2026","rel":"","context":"\u0641\u064a &quot;b\u00ea kategoriyan&quot;","block_context":{"text":"b\u00ea kategoriyan","link":"https:\/\/hskurd.org\/?cat=85&lang=ku"},"img":{"alt_text":"","src":"https:\/\/i0.wp.com\/hskurd.org\/wp-content\/uploads\/2017\/04\/DSC_1182-2.jpg?fit=1200%2C795&ssl=1&resize=350%2C200","width":350,"height":200,"srcset":"https:\/\/i0.wp.com\/hskurd.org\/wp-content\/uploads\/2017\/04\/DSC_1182-2.jpg?fit=1200%2C795&ssl=1&resize=350%2C200 1x, https:\/\/i0.wp.com\/hskurd.org\/wp-content\/uploads\/2017\/04\/DSC_1182-2.jpg?fit=1200%2C795&ssl=1&resize=525%2C300 1.5x, https:\/\/i0.wp.com\/hskurd.org\/wp-content\/uploads\/2017\/04\/DSC_1182-2.jpg?fit=1200%2C795&ssl=1&resize=700%2C400 2x, https:\/\/i0.wp.com\/hskurd.org\/wp-content\/uploads\/2017\/04\/DSC_1182-2.jpg?fit=1200%2C795&ssl=1&resize=1050%2C600 3x"},"classes":[]},{"id":8688,"url":"https:\/\/hskurd.org\/?p=8688&lang=ku","url_meta":{"origin":431,"position":1},"title":"Li Kampa Eb\u00fb Xe\u015feb xizmeta tendurist\u00ee ya sereke","author":"neruda","date":"1 \u0623\u0643\u062a\u0648\u0628\u0631\u060c 2024","format":false,"excerpt":"https:\/\/www.youtube.com\/watch?v=znlpg1tOvBk&t=4s Navenda Heyva Sor a Kurd li kampa Eb\u00fb Xe\u015feb a gundewar\u00ea rojavay\u00ea D\u00earazor\u00ea rojane derdora 50 nexwe\u015f\u00ee p\u00ea\u015fwaz dike \u00fb li be\u015f\u00ea p\u00ea\u015fwaziy\u00ea , hem\u00fb nexwe\u015f t\u00ean qeydkirin \u00fb ji bo kl\u00een\u00eek\u00ean (hundir\u00een, jin, zarok) t\u00ean veguhez\u00een . Di be\u015f\u00ea Lezg\u00een de j\u00ee rew\u015f\u00ean acil t\u00ean dermankirin . Ji\u2026","rel":"","context":"\u0641\u064a &quot;Awarte&quot;","block_context":{"text":"Awarte","link":"https:\/\/hskurd.org\/?cat=848&lang=ku"},"img":{"alt_text":"","src":"https:\/\/i0.wp.com\/hskurd.org\/wp-content\/uploads\/2024\/09\/%D8%A7%D8%A8%D9%88-%D8%AE%D8%B4%D8%A8.png?fit=1042%2C584&ssl=1&resize=350%2C200","width":350,"height":200,"srcset":"https:\/\/i0.wp.com\/hskurd.org\/wp-content\/uploads\/2024\/09\/%D8%A7%D8%A8%D9%88-%D8%AE%D8%B4%D8%A8.png?fit=1042%2C584&ssl=1&resize=350%2C200 1x, https:\/\/i0.wp.com\/hskurd.org\/wp-content\/uploads\/2024\/09\/%D8%A7%D8%A8%D9%88-%D8%AE%D8%B4%D8%A8.png?fit=1042%2C584&ssl=1&resize=525%2C300 1.5x, https:\/\/i0.wp.com\/hskurd.org\/wp-content\/uploads\/2024\/09\/%D8%A7%D8%A8%D9%88-%D8%AE%D8%B4%D8%A8.png?fit=1042%2C584&ssl=1&resize=700%2C400 2x"},"classes":[]},{"id":6788,"url":"https:\/\/hskurd.org\/?p=6788&lang=ku","url_meta":{"origin":431,"position":2},"title":"La\u015fmanya \u00fb dermankirina w\u00ea li navend\u00ean Heyva Sor a Kurd","author":"Sozdar","date":"10 \u0646\u0648\u0641\u0645\u0628\u0631\u060c 2022","format":false,"excerpt":"Di van dem\u00ean daw\u00een de gelek axaftin li ser belavb\u00fbna la\u015fmanyay\u00ea di nav ko\u00e7ber\u00ean s\u00fbriy\u00ea de li hem\u00ee teminan b\u00eatir\u00ee deverek\u00ee penaber b\u00fby\u00ee hene, ew nexwe\u015fiyeke \u00e7erm e ku bandor\u00ea li hem\u00fb kom\u00ean temam dike \u00fb di forma nod\u00fbleya sor de xuya dike, ku dibe sedema bir\u00een\u00ean ulserat\u00ee heta \u00e7end\u2026","rel":"","context":"\u0641\u064a &quot;Rapor&quot;","block_context":{"text":"Rapor","link":"https:\/\/hskurd.org\/?cat=206&lang=ku"},"img":{"alt_text":"","src":"https:\/\/i0.wp.com\/hskurd.org\/wp-content\/uploads\/2022\/11\/952A9945-scaled.jpg?fit=1200%2C800&ssl=1&resize=350%2C200","width":350,"height":200,"srcset":"https:\/\/i0.wp.com\/hskurd.org\/wp-content\/uploads\/2022\/11\/952A9945-scaled.jpg?fit=1200%2C800&ssl=1&resize=350%2C200 1x, https:\/\/i0.wp.com\/hskurd.org\/wp-content\/uploads\/2022\/11\/952A9945-scaled.jpg?fit=1200%2C800&ssl=1&resize=525%2C300 1.5x, https:\/\/i0.wp.com\/hskurd.org\/wp-content\/uploads\/2022\/11\/952A9945-scaled.jpg?fit=1200%2C800&ssl=1&resize=700%2C400 2x, https:\/\/i0.wp.com\/hskurd.org\/wp-content\/uploads\/2022\/11\/952A9945-scaled.jpg?fit=1200%2C800&ssl=1&resize=1050%2C600 3x"},"classes":[]},{"id":503,"url":"https:\/\/hskurd.org\/?p=503&lang=ku","url_meta":{"origin":431,"position":3},"title":"Navenda \u015e\u00eax Meqs\u00fbd","author":"heyvasorakurd","date":"11 \u0641\u0628\u0631\u0627\u064a\u0631\u060c 2017","format":false,"excerpt":"Di aloziya suriy\u00ea de ya ku ziran\u00ean xwezay\u00ee ,mirovah\u00ee , \u00fb k\u00eamb\u00fbna derfet\u00ean jiyan\u00ea ya rojane \u00fb zehmetiya hey\u00eena wan di tax \u00fb her\u00eaman de ,para her\u00ee mezin ji van aloziyan di taxa \u015e\u00eax Meqs\u00fbd de p\u00eakhat , ji ber w\u00ea ,r\u00eaxistina Heyva Sor A Kurd navendeke tendirust\u00ee di dibistana\u2026","rel":"","context":"\u0641\u064a &quot;b\u00ea kategoriyan&quot;","block_context":{"text":"b\u00ea kategoriyan","link":"https:\/\/hskurd.org\/?cat=85&lang=ku"},"img":{"alt_text":"","src":"https:\/\/i0.wp.com\/hskurd.org\/wp-content\/uploads\/2017\/02\/9-1.jpg?fit=817%2C613&ssl=1&resize=350%2C200","width":350,"height":200,"srcset":"https:\/\/i0.wp.com\/hskurd.org\/wp-content\/uploads\/2017\/02\/9-1.jpg?fit=817%2C613&ssl=1&resize=350%2C200 1x, https:\/\/i0.wp.com\/hskurd.org\/wp-content\/uploads\/2017\/02\/9-1.jpg?fit=817%2C613&ssl=1&resize=525%2C300 1.5x, https:\/\/i0.wp.com\/hskurd.org\/wp-content\/uploads\/2017\/02\/9-1.jpg?fit=817%2C613&ssl=1&resize=700%2C400 2x"},"classes":[]},{"id":627,"url":"https:\/\/hskurd.org\/?p=627&lang=ku","url_meta":{"origin":431,"position":4},"title":"Heyva sor a kurd li \u015f\u00earawel","author":"heyvasorakurd","date":"23 \u0623\u0628\u0631\u064a\u0644\u060c 2017","format":false,"excerpt":"\u015e\u00earewe her\u00eamek ji her\u00eam\u00ean y\u00ea ku heyva sor akurd ji aliy\u00ea tendirust\u00ee din\u00fbxm\u00eene , t\u00ea de hem\u00fb navend \u00fb xal\u00ean tendirust\u00ee hat avakirin weke\u00a0 Navenda Berad\u00ea ya tendirust\u00ee : ev navend di 10.8.2015'an de hatib\u00fb vekirin ,t\u00ea de s\u00ea bij\u00ee\u015fk \u00fb al\u00eekarek di roj\u00ean \u00a0( \u015eem\u00ee , D\u00fb\u015fem \u00fb p\u00eac\u015fem\u2026","rel":"","context":"\u0641\u064a &quot;b\u00ea kategoriyan&quot;","block_context":{"text":"b\u00ea kategoriyan","link":"https:\/\/hskurd.org\/?cat=85&lang=ku"},"img":{"alt_text":"","src":"https:\/\/i0.wp.com\/hskurd.org\/wp-content\/uploads\/2017\/04\/1-2.jpg?fit=800%2C480&ssl=1&resize=350%2C200","width":350,"height":200,"srcset":"https:\/\/i0.wp.com\/hskurd.org\/wp-content\/uploads\/2017\/04\/1-2.jpg?fit=800%2C480&ssl=1&resize=350%2C200 1x, https:\/\/i0.wp.com\/hskurd.org\/wp-content\/uploads\/2017\/04\/1-2.jpg?fit=800%2C480&ssl=1&resize=525%2C300 1.5x, https:\/\/i0.wp.com\/hskurd.org\/wp-content\/uploads\/2017\/04\/1-2.jpg?fit=800%2C480&ssl=1&resize=700%2C400 2x"},"classes":[]},{"id":8430,"url":"https:\/\/hskurd.org\/?p=8430&lang=ku","url_meta":{"origin":431,"position":5},"title":"Xizmet\u00ean Navenda L\u00eanih\u00ear\u00eena Tenduristiya Seretay\u00ee ya Cirniy\u00ea","author":"neruda","date":"9 \u064a\u0648\u0646\u064a\u0648\u060c 2024","format":false,"excerpt":"https:\/\/www.youtube.com\/watch?v=0HUD6aaFaAU&t=2s Navenda Heyva Sor a Kurd ku xizmeta \u015f\u00eaniy\u00ean nav\u00e7eya El-Cerniye \u00fb 69 gund\u00ean derdora w\u00ea dike, yek ji aliy\u00ean ku xizmet\u00ean tenduristiy\u00ea y\u00ean seretay\u00ee y\u00ean ba\u015f p\u00ea\u015fk\u00ea\u015f dike, hejmara \u015f\u00eaniy\u00ean ku ji van xizmetguzariyan s\u00fbd werdigirin. N\u00eaz\u00eek\u00ee 43 hezar kes\u00ee ne, \u00fb rojane n\u00eaz\u00eek\u00ee 200 nexwe\u015f li be\u015f\u00ean cuda\u2026","rel":"","context":"\u0641\u064a &quot;Awarte&quot;","block_context":{"text":"Awarte","link":"https:\/\/hskurd.org\/?cat=848&lang=ku"},"img":{"alt_text":"","src":"https:\/\/i0.wp.com\/hskurd.org\/wp-content\/uploads\/2024\/06\/f-1.png?fit=773%2C432&ssl=1&resize=350%2C200","width":350,"height":200,"srcset":"https:\/\/i0.wp.com\/hskurd.org\/wp-content\/uploads\/2024\/06\/f-1.png?fit=773%2C432&ssl=1&resize=350%2C200 1x, https:\/\/i0.wp.com\/hskurd.org\/wp-content\/uploads\/2024\/06\/f-1.png?fit=773%2C432&ssl=1&resize=525%2C300 1.5x, https:\/\/i0.wp.com\/hskurd.org\/wp-content\/uploads\/2024\/06\/f-1.png?fit=773%2C432&ssl=1&resize=700%2C400 2x"},"classes":[]}],"jetpack_sharing_enabled":true,"_links":{"self":[{"href":"https:\/\/hskurd.org\/index.php?rest_route=\/wp\/v2\/posts\/431","targetHints":{"allow":["GET"]}}],"collection":[{"href":"https:\/\/hskurd.org\/index.php?rest_route=\/wp\/v2\/posts"}],"about":[{"href":"https:\/\/hskurd.org\/index.php?rest_route=\/wp\/v2\/types\/post"}],"author":[{"embeddable":true,"href":"https:\/\/hskurd.org\/index.php?rest_route=\/wp\/v2\/users\/2"}],"replies":[{"embeddable":true,"href":"https:\/\/hskurd.org\/index.php?rest_route=%2Fwp%2Fv2%2Fcomments&post=431"}],"version-history":[{"count":1,"href":"https:\/\/hskurd.org\/index.php?rest_route=\/wp\/v2\/posts\/431\/revisions"}],"predecessor-version":[{"id":433,"href":"https:\/\/hskurd.org\/index.php?rest_route=\/wp\/v2\/posts\/431\/revisions\/433"}],"wp:featuredmedia":[{"embeddable":true,"href":"https:\/\/hskurd.org\/index.php?rest_route=\/wp\/v2\/media\/432"}],"wp:attachment":[{"href":"https:\/\/hskurd.org\/index.php?rest_route=%2Fwp%2Fv2%2Fmedia&parent=431"}],"wp:term":[{"taxonomy":"category","embeddable":true,"href":"https:\/\/hskurd.org\/index.php?rest_route=%2Fwp%2Fv2%2Fcategories&post=431"},{"taxonomy":"post_tag","embeddable":true,"href":"https:\/\/hskurd.org\/index.php?rest_route=%2Fwp%2Fv2%2Ftags&post=431"}],"curies":[{"name":"wp","href":"https:\/\/api.w.org\/{rel}","templated":true}]}}