{"id":2980,"date":"2019-12-23T15:12:48","date_gmt":"2019-12-23T12:12:48","guid":{"rendered":"https:\/\/hskurd.org\/?p=2980"},"modified":"2019-12-23T15:12:48","modified_gmt":"2019-12-23T12:12:48","slug":"ali-imad-u-linge-pisesazi","status":"publish","type":"post","link":"https:\/\/hskurd.org\/?p=2980&lang=ku","title":{"rendered":"Al\u00ee \u00cemad \u00fb ling\u00ea p\u00ee\u015fesaz\u00ee"},"content":{"rendered":"<p>\u201cAl\u00ee \u00cemad\u201d zarok\u00ea 14 sal\u00ee biray\u00ea 2 kur \u00fb s\u00ea xwi\u015fkan ku di 2012an de dema \u00ear\u00ee\u015f\u00ean teror\u00eestan li ser Ser\u00ea Kaniy\u00ea ling\u00ea xwe winda kir.<br \/>\n\u00cero careke din penaber dibe \u00fb li kampa Wa\u015fokan\u00ee hem\u00fb h\u00eaviy\u00ean xwe careke din wunda dike.<br \/>\nJi bo ku ew h\u00eav\u00ee belav nebin navenda Heyva Sor aKurd ya (lebat\u00ean p\u00ee\u015fesaz\u00ee) bi ponserya Heyva sor a Kurdistan\u00ea (lingek p\u00ee\u015fesaz\u00ee) ji Al\u00ee re amade \u00fb p\u00ea\u015fk\u00ea\u015f kirin, bi h\u00eavyek mezin ku tu zarok b\u00ea h\u00eav\u00ee nem\u00eene.<br \/>\n<img data-recalc-dims=\"1\" loading=\"lazy\" decoding=\"async\" data-attachment-id=\"2982\" data-permalink=\"https:\/\/hskurd.org\/?attachment_id=2982\" data-orig-file=\"https:\/\/i0.wp.com\/hskurd.org\/wp-content\/uploads\/2019\/12\/952A2793-scaled.jpg?fit=2560%2C1707&amp;ssl=1\" data-orig-size=\"2560,1707\" data-comments-opened=\"0\" data-image-meta=\"{&quot;aperture&quot;:&quot;5.6&quot;,&quot;credit&quot;:&quot;&quot;,&quot;camera&quot;:&quot;Canon EOS 5D Mark III&quot;,&quot;caption&quot;:&quot;&quot;,&quot;created_timestamp&quot;:&quot;1575809803&quot;,&quot;copyright&quot;:&quot;&quot;,&quot;focal_length&quot;:&quot;45&quot;,&quot;iso&quot;:&quot;100&quot;,&quot;shutter_speed&quot;:&quot;0.0125&quot;,&quot;title&quot;:&quot;&quot;,&quot;orientation&quot;:&quot;1&quot;}\" data-image-title=\"952A2793\" data-image-description=\"\" data-image-caption=\"\" data-medium-file=\"https:\/\/i0.wp.com\/hskurd.org\/wp-content\/uploads\/2019\/12\/952A2793-scaled.jpg?fit=300%2C200&amp;ssl=1\" data-large-file=\"https:\/\/i0.wp.com\/hskurd.org\/wp-content\/uploads\/2019\/12\/952A2793-scaled.jpg?fit=1024%2C683&amp;ssl=1\" src=\"https:\/\/i0.wp.com\/hskurd.org\/wp-content\/uploads\/2019\/12\/952A2793-1024x683.jpg?resize=620%2C414\" alt=\"\" width=\"620\" height=\"414\" class=\"alignnone size-large wp-image-2982\" srcset=\"https:\/\/i0.wp.com\/hskurd.org\/wp-content\/uploads\/2019\/12\/952A2793-scaled.jpg?resize=1024%2C683&amp;ssl=1 1024w, https:\/\/i0.wp.com\/hskurd.org\/wp-content\/uploads\/2019\/12\/952A2793-scaled.jpg?resize=300%2C200&amp;ssl=1 300w, https:\/\/i0.wp.com\/hskurd.org\/wp-content\/uploads\/2019\/12\/952A2793-scaled.jpg?resize=768%2C512&amp;ssl=1 768w, https:\/\/i0.wp.com\/hskurd.org\/wp-content\/uploads\/2019\/12\/952A2793-scaled.jpg?resize=1536%2C1024&amp;ssl=1 1536w, https:\/\/i0.wp.com\/hskurd.org\/wp-content\/uploads\/2019\/12\/952A2793-scaled.jpg?resize=2048%2C1365&amp;ssl=1 2048w\" sizes=\"auto, (max-width: 620px) 100vw, 620px\" \/><\/p>\n<p><img data-recalc-dims=\"1\" loading=\"lazy\" decoding=\"async\" data-attachment-id=\"2983\" data-permalink=\"https:\/\/hskurd.org\/?attachment_id=2983\" data-orig-file=\"https:\/\/i0.wp.com\/hskurd.org\/wp-content\/uploads\/2019\/12\/952A3200-1-scaled.jpg?fit=2560%2C1440&amp;ssl=1\" data-orig-size=\"2560,1440\" data-comments-opened=\"0\" data-image-meta=\"{&quot;aperture&quot;:&quot;5.6&quot;,&quot;credit&quot;:&quot;&quot;,&quot;camera&quot;:&quot;Canon EOS 5D Mark III&quot;,&quot;caption&quot;:&quot;&quot;,&quot;created_timestamp&quot;:&quot;1576760083&quot;,&quot;copyright&quot;:&quot;&quot;,&quot;focal_length&quot;:&quot;24&quot;,&quot;iso&quot;:&quot;2500&quot;,&quot;shutter_speed&quot;:&quot;0.033333333333333&quot;,&quot;title&quot;:&quot;&quot;,&quot;orientation&quot;:&quot;1&quot;}\" data-image-title=\"952A3200\" data-image-description=\"\" data-image-caption=\"\" data-medium-file=\"https:\/\/i0.wp.com\/hskurd.org\/wp-content\/uploads\/2019\/12\/952A3200-1-scaled.jpg?fit=300%2C169&amp;ssl=1\" data-large-file=\"https:\/\/i0.wp.com\/hskurd.org\/wp-content\/uploads\/2019\/12\/952A3200-1-scaled.jpg?fit=1024%2C576&amp;ssl=1\" src=\"https:\/\/i0.wp.com\/hskurd.org\/wp-content\/uploads\/2019\/12\/952A3200-1-1024x576.jpg?resize=620%2C349\" alt=\"\" width=\"620\" height=\"349\" class=\"alignnone size-large wp-image-2983\" srcset=\"https:\/\/i0.wp.com\/hskurd.org\/wp-content\/uploads\/2019\/12\/952A3200-1-scaled.jpg?resize=1024%2C576&amp;ssl=1 1024w, https:\/\/i0.wp.com\/hskurd.org\/wp-content\/uploads\/2019\/12\/952A3200-1-scaled.jpg?resize=300%2C169&amp;ssl=1 300w, https:\/\/i0.wp.com\/hskurd.org\/wp-content\/uploads\/2019\/12\/952A3200-1-scaled.jpg?resize=768%2C432&amp;ssl=1 768w, https:\/\/i0.wp.com\/hskurd.org\/wp-content\/uploads\/2019\/12\/952A3200-1-scaled.jpg?resize=1536%2C864&amp;ssl=1 1536w, https:\/\/i0.wp.com\/hskurd.org\/wp-content\/uploads\/2019\/12\/952A3200-1-scaled.jpg?resize=2048%2C1152&amp;ssl=1 2048w\" sizes=\"auto, (max-width: 620px) 100vw, 620px\" \/><\/p>\n","protected":false},"excerpt":{"rendered":"<p>\u201cAl\u00ee \u00cemad\u201d zarok\u00ea 14 sal\u00ee biray\u00ea 2 kur \u00fb s\u00ea xwi\u015fkan ku di 2012an de dema \u00ear\u00ee\u015f\u00ean teror\u00eestan li ser Ser\u00ea Kaniy\u00ea ling\u00ea xwe winda kir. \u00cero careke din penaber dibe \u00fb li kampa Wa\u015fokan\u00ee hem\u00fb h\u00eaviy\u00ean xwe careke din wunda dike. Ji bo ku ew h\u00eav\u00ee belav nebin navenda Heyva Sor aKurd ya (lebat\u00ean [&hellip;]<\/p>\n","protected":false},"author":2,"featured_media":2981,"comment_status":"open","ping_status":"open","sticky":false,"template":"","format":"standard","meta":{"give_campaign_id":0,"ngg_post_thumbnail":0,"jetpack_post_was_ever_published":false,"_jetpack_newsletter_access":"","_jetpack_dont_email_post_to_subs":false,"_jetpack_newsletter_tier_id":0,"_jetpack_memberships_contains_paywalled_content":false,"_jetpack_memberships_contains_paid_content":false,"footnotes":"","jetpack_publicize_message":"","jetpack_publicize_feature_enabled":true,"jetpack_social_post_already_shared":true,"jetpack_social_options":{"image_generator_settings":{"template":"highway","default_image_id":0,"font":"","enabled":false},"version":2},"_links_to":"","_links_to_target":""},"categories":[206],"tags":[728],"class_list":["post-2980","post","type-post","status-publish","format-standard","has-post-thumbnail","hentry","category-rapor","tag-ali_imad_u_linge_pisesazi"],"jetpack_publicize_connections":[],"jetpack_featured_media_url":"https:\/\/i0.wp.com\/hskurd.org\/wp-content\/uploads\/2019\/12\/952A3200-scaled.jpg?fit=2560%2C1440&ssl=1","jetpack-related-posts":[{"id":8152,"url":"https:\/\/hskurd.org\/?p=8152&lang=ku","url_meta":{"origin":2980,"position":0},"title":"W\u00eesam \u00e7areke din zaroktiya xwe di nav heval\u00ean xwe de dij\u00ee","author":"neruda","date":"22 \u0641\u0628\u0631\u0627\u064a\u0631\u060c 2024","format":false,"excerpt":"\u00a0 \u00ca\u015fa \u00a0W\u00eesam \u00fb malbata w\u00ee dest p\u00ea kir dema kur\u00ea bi\u00e7\u00fbk ling\u00ea xwe y\u00ea rast\u00ea winda kir ji ber l\u00eestina bi bermahiy\u00ean \u015fer li gund\u00ea w\u00ee y\u00ea gir\u00eaday\u00ee bajarok\u00ea Hol\u00ea di sala 2015an ku \u00ead\u00ee nikarib\u00fb jiyana xwe bi awayek\u00ee asay\u00ee berdewam bike, heta ku bi bav\u00ea xwe re\u2026","rel":"","context":"\u0641\u064a &quot;\u00c7\u00eerok&quot;","block_context":{"text":"\u00c7\u00eerok","link":"https:\/\/hskurd.org\/?cat=831&lang=ku"},"img":{"alt_text":"","src":"https:\/\/i0.wp.com\/hskurd.org\/wp-content\/uploads\/2024\/02\/952A9702-copy-scaled.jpg?fit=1200%2C800&ssl=1&resize=350%2C200","width":350,"height":200,"srcset":"https:\/\/i0.wp.com\/hskurd.org\/wp-content\/uploads\/2024\/02\/952A9702-copy-scaled.jpg?fit=1200%2C800&ssl=1&resize=350%2C200 1x, https:\/\/i0.wp.com\/hskurd.org\/wp-content\/uploads\/2024\/02\/952A9702-copy-scaled.jpg?fit=1200%2C800&ssl=1&resize=525%2C300 1.5x, https:\/\/i0.wp.com\/hskurd.org\/wp-content\/uploads\/2024\/02\/952A9702-copy-scaled.jpg?fit=1200%2C800&ssl=1&resize=700%2C400 2x, https:\/\/i0.wp.com\/hskurd.org\/wp-content\/uploads\/2024\/02\/952A9702-copy-scaled.jpg?fit=1200%2C800&ssl=1&resize=1050%2C600 3x"},"classes":[]},{"id":8493,"url":"https:\/\/hskurd.org\/?p=8493&lang=ku","url_meta":{"origin":2980,"position":1},"title":"Navenda Tendurist\u00ee  li bajarok\u00ea \u015eedad\u00ea","author":"neruda","date":"25 \u064a\u0648\u0644\u064a\u0648\u060c 2024","format":false,"excerpt":"\u00a0 Saziy\u00ean bij\u00eejk\u00ee di peydakirina l\u00eanih\u00ear\u00eena tendurist\u00ee ji civakan re rolek gir\u00eeng dil\u00eezin. Bi taybet\u00ee li her\u00eam\u00ean ku xizmet\u00ean bingeh\u00een li wan peyda nabin. Di v\u00ee war\u00ee de, R\u00eaxistina Heyva Sor a Kurd erkek\u00ee xurt n\u00ee\u015fan dide ji bo p\u00ea\u015fk\u00ea\u015fkirina xizmet\u00ean piz\u00ee\u015fk\u00ee \u00fb tenduristiy\u00ea ji ni\u015fteciy\u00ean Bakur \u00fb Rojhilat\u00ea S\u00fbriy\u00ea\u2026","rel":"","context":"\u0641\u064a &quot;Awarte&quot;","block_context":{"text":"Awarte","link":"https:\/\/hskurd.org\/?cat=848&lang=ku"},"img":{"alt_text":"","src":"https:\/\/i0.wp.com\/hskurd.org\/wp-content\/uploads\/2024\/07\/%D8%B4%D8%AF%D8%A7%D8%AF%D8%A9-%D8%A8.png?fit=1028%2C804&ssl=1&resize=350%2C200","width":350,"height":200,"srcset":"https:\/\/i0.wp.com\/hskurd.org\/wp-content\/uploads\/2024\/07\/%D8%B4%D8%AF%D8%A7%D8%AF%D8%A9-%D8%A8.png?fit=1028%2C804&ssl=1&resize=350%2C200 1x, https:\/\/i0.wp.com\/hskurd.org\/wp-content\/uploads\/2024\/07\/%D8%B4%D8%AF%D8%A7%D8%AF%D8%A9-%D8%A8.png?fit=1028%2C804&ssl=1&resize=525%2C300 1.5x, https:\/\/i0.wp.com\/hskurd.org\/wp-content\/uploads\/2024\/07\/%D8%B4%D8%AF%D8%A7%D8%AF%D8%A9-%D8%A8.png?fit=1028%2C804&ssl=1&resize=700%2C400 2x"},"classes":[]},{"id":8845,"url":"https:\/\/hskurd.org\/?p=8845&lang=ku","url_meta":{"origin":2980,"position":2},"title":"penaberiya ji Lubnan\u00ea ber bi her\u00eama \u015eehbay\u00ea ve, zordariyeke n\u00fb li zordariy\u00ean penaberiy\u00ea \u00fb ko\u00e7beriy\u00ea y\u00ean kevin z\u00eade dike","author":"neruda","date":"24 \u0623\u0643\u062a\u0648\u0628\u0631\u060c 2024","format":false,"excerpt":"Rew\u015fa penaberiya ji Lubnan\u00ea ber bi her\u00eama \u015eehbay\u00ea ve, zordariyeke n\u00fb li zordariy\u00ean penaberiy\u00ea \u00fb ko\u00e7beriy\u00ea y\u00ean kevin z\u00eade dike. Gelek kes ji wan b\u00fbne \u015fahid\u00ean heman senaryoy\u00ea ku ber\u00ea di encama dagirkeriya Tirkiy\u00ea de ne\u00e7ar man ji bajar\u00ea Efr\u00een\u00ea dekevin , ku pa\u015f\u00ea xwe di kamp\u00ean li bajar\u00ean wek\u00ee\u2026","rel":"","context":"\u0641\u064a &quot;\u00c7\u00eerok&quot;","block_context":{"text":"\u00c7\u00eerok","link":"https:\/\/hskurd.org\/?cat=831&lang=ku"},"img":{"alt_text":"","src":"https:\/\/i0.wp.com\/hskurd.org\/wp-content\/uploads\/2024\/10\/464067460_850832190545415_6507049548074775190_n.jpg?fit=1200%2C800&ssl=1&resize=350%2C200","width":350,"height":200,"srcset":"https:\/\/i0.wp.com\/hskurd.org\/wp-content\/uploads\/2024\/10\/464067460_850832190545415_6507049548074775190_n.jpg?fit=1200%2C800&ssl=1&resize=350%2C200 1x, https:\/\/i0.wp.com\/hskurd.org\/wp-content\/uploads\/2024\/10\/464067460_850832190545415_6507049548074775190_n.jpg?fit=1200%2C800&ssl=1&resize=525%2C300 1.5x, https:\/\/i0.wp.com\/hskurd.org\/wp-content\/uploads\/2024\/10\/464067460_850832190545415_6507049548074775190_n.jpg?fit=1200%2C800&ssl=1&resize=700%2C400 2x, https:\/\/i0.wp.com\/hskurd.org\/wp-content\/uploads\/2024\/10\/464067460_850832190545415_6507049548074775190_n.jpg?fit=1200%2C800&ssl=1&resize=1050%2C600 3x"},"classes":[]},{"id":6917,"url":"https:\/\/hskurd.org\/?p=6917&lang=ku","url_meta":{"origin":2980,"position":3},"title":"Ji bo Raya gi\u015ft\u00ee \u00fb hem\u00fb al\u00ee \u00fb r\u00eaxistin\u00ean mirov\u00ee","author":"Sozdar","date":"12 \u0641\u0628\u0631\u0627\u064a\u0631\u060c 2023","format":false,"excerpt":"Weke t\u00ea zan\u00een, ber dest\u00ea sibeha 6 \u00ea meha sibata 2023 yan de erdhejek di pileya 7.7 \u00fb 7.6 k\u00fb navenda w\u00ea li T\u00fcrkya \u00fb Suriye bi taybet her\u00eam\u00ean k\u00fb k\u00fbrd l\u00ea jiyandikin de r\u00fbda \u00fb b\u00fb sedema karesatek ya mirov\u00ee a pir giran. Jibo v\u00ea karesat\u00ea gelek sazi,yekiti,komele kesayet\u2026","rel":"","context":"\u0641\u064a &quot;Parastin&quot;","block_context":{"text":"Parastin","link":"https:\/\/hskurd.org\/?cat=840&lang=ku"},"img":{"alt_text":"","src":"","width":0,"height":0},"classes":[]},{"id":7800,"url":"https:\/\/hskurd.org\/?p=7800&lang=ku","url_meta":{"origin":2980,"position":4},"title":"Bi h\u00eaviya ku \u015fah\u00ee vegere dil\u00ea Fereh a bi\u00e7\u00fbk","author":"neruda","date":"25 \u0623\u0643\u062a\u0648\u0628\u0631\u060c 2023","format":false,"excerpt":"https:\/\/www.youtube.com\/watch?v=XWBO03FPP6s hedefgirtina her\u00eam\u00ean siv\u00eel pir\u00ea caran dibe encama gelek windah\u00ee \u00fb bir\u00eendariy\u00ean giran di nava siv\u00eelan de \u00fb pi\u015ft\u00ee topbarana b\u00easer\u00fbber ji aliy\u00ea dewleta Tirk ve li dij\u00ee binsaz\u00ee \u00fb her\u00eam\u00ean siv\u00eel \u00ean Bakur \u00fb Rojhilat\u00ea S\u00fbriy\u00ea di 4 -10 - 2023'an de ku \u00e7end rojan dewam kir, gelek qurban\u00ee\u2026","rel":"","context":"\u0641\u064a &quot;Awarte&quot;","block_context":{"text":"Awarte","link":"https:\/\/hskurd.org\/?cat=848&lang=ku"},"img":{"alt_text":"","src":"https:\/\/i0.wp.com\/hskurd.org\/wp-content\/uploads\/2023\/10\/%D9%81%D8%B1%D8%AD.png?fit=664%2C356&ssl=1&resize=350%2C200","width":350,"height":200,"srcset":"https:\/\/i0.wp.com\/hskurd.org\/wp-content\/uploads\/2023\/10\/%D9%81%D8%B1%D8%AD.png?fit=664%2C356&ssl=1&resize=350%2C200 1x, https:\/\/i0.wp.com\/hskurd.org\/wp-content\/uploads\/2023\/10\/%D9%81%D8%B1%D8%AD.png?fit=664%2C356&ssl=1&resize=525%2C300 1.5x"},"classes":[]},{"id":7819,"url":"https:\/\/hskurd.org\/?p=7819&lang=ku","url_meta":{"origin":2980,"position":5},"title":"Bi h\u00eaviya ku \u015fah\u00ee vegere dil\u00ea Fereh a bi\u00e7\u00fbk","author":"neruda","date":"25 \u0623\u0643\u062a\u0648\u0628\u0631\u060c 2023","format":false,"excerpt":"https:\/\/www.youtube.com\/watch?v=XWBO03FPP6s&t=14s hedefgirtina her\u00eam\u00ean siv\u00eel pir\u00ea caran dibe encama gelek windah\u00ee \u00fb bir\u00eendariy\u00ean giran di nava siv\u00eelan de \u00fb pi\u015ft\u00ee topbarana b\u00easer\u00fbber ji aliy\u00ea dewleta Tirk ve li dij\u00ee binsaz\u00ee \u00fb her\u00eam\u00ean siv\u00eel \u00ean Bakur \u00fb Rojhilat\u00ea S\u00fbriy\u00ea di 4 -10 - 2023'an de ku \u00e7end rojan dewam kir, gelek qurban\u00ee\u2026","rel":"","context":"\u0641\u064a &quot;\u00c7\u00eerok&quot;","block_context":{"text":"\u00c7\u00eerok","link":"https:\/\/hskurd.org\/?cat=831&lang=ku"},"img":{"alt_text":"","src":"https:\/\/i0.wp.com\/hskurd.org\/wp-content\/uploads\/2023\/10\/%D9%81%D8%B1%D8%AD.png?fit=664%2C356&ssl=1&resize=350%2C200","width":350,"height":200,"srcset":"https:\/\/i0.wp.com\/hskurd.org\/wp-content\/uploads\/2023\/10\/%D9%81%D8%B1%D8%AD.png?fit=664%2C356&ssl=1&resize=350%2C200 1x, https:\/\/i0.wp.com\/hskurd.org\/wp-content\/uploads\/2023\/10\/%D9%81%D8%B1%D8%AD.png?fit=664%2C356&ssl=1&resize=525%2C300 1.5x"},"classes":[]}],"jetpack_sharing_enabled":true,"_links":{"self":[{"href":"https:\/\/hskurd.org\/index.php?rest_route=\/wp\/v2\/posts\/2980","targetHints":{"allow":["GET"]}}],"collection":[{"href":"https:\/\/hskurd.org\/index.php?rest_route=\/wp\/v2\/posts"}],"about":[{"href":"https:\/\/hskurd.org\/index.php?rest_route=\/wp\/v2\/types\/post"}],"author":[{"embeddable":true,"href":"https:\/\/hskurd.org\/index.php?rest_route=\/wp\/v2\/users\/2"}],"replies":[{"embeddable":true,"href":"https:\/\/hskurd.org\/index.php?rest_route=%2Fwp%2Fv2%2Fcomments&post=2980"}],"version-history":[{"count":1,"href":"https:\/\/hskurd.org\/index.php?rest_route=\/wp\/v2\/posts\/2980\/revisions"}],"predecessor-version":[{"id":2984,"href":"https:\/\/hskurd.org\/index.php?rest_route=\/wp\/v2\/posts\/2980\/revisions\/2984"}],"wp:featuredmedia":[{"embeddable":true,"href":"https:\/\/hskurd.org\/index.php?rest_route=\/wp\/v2\/media\/2981"}],"wp:attachment":[{"href":"https:\/\/hskurd.org\/index.php?rest_route=%2Fwp%2Fv2%2Fmedia&parent=2980"}],"wp:term":[{"taxonomy":"category","embeddable":true,"href":"https:\/\/hskurd.org\/index.php?rest_route=%2Fwp%2Fv2%2Fcategories&post=2980"},{"taxonomy":"post_tag","embeddable":true,"href":"https:\/\/hskurd.org\/index.php?rest_route=%2Fwp%2Fv2%2Ftags&post=2980"}],"curies":[{"name":"wp","href":"https:\/\/api.w.org\/{rel}","templated":true}]}}