{"id":1913,"date":"2020-09-09T13:15:31","date_gmt":"2020-09-09T10:15:31","guid":{"rendered":"https:\/\/hskurd.org\/?p=1913"},"modified":"2020-09-09T13:15:31","modified_gmt":"2020-09-09T10:15:31","slug":"du-pumpen-ave-yen-nu-li-ser-ceme-firate","status":"publish","type":"post","link":"https:\/\/hskurd.org\/?p=1913&lang=ku","title":{"rendered":"Du pump\u00ean av\u00ea y\u00ean n\u00fb li ser \u00e7em\u00ea Firat\u00ea"},"content":{"rendered":"<p>Bi al\u00eekarya \u015faredary\u00ean Ber\u015felona http:\/\/www.amb.cat\/s\/home.html me dikar\u00eebu j\u0131 n\u00fbve navenda av\u00ea ya ku av\u00ea dide tevah\u00ee Koban\u00ea t\u00eaxin xizmet\u00ea:<br \/>\n&#8211; avabikina cih<br \/>\n&#8211; du pump\u00ean n\u00fb li w\u0131r bi cih bikin<br \/>\n-serastkirina system elektr\u00eeka navend\u00ea.<br \/>\nHer pumpek dikare 350 km \u00ean \u00e7argo\u015f\u00ee ji av\u00ea di demjim\u00earek\u00ea de bide, \u00fb bi tevah\u00ee j\u0131 bo 50.000 kes di Koban\u00ea de j\u0131yan dikin xizmet bike.<\/p>\n","protected":false},"excerpt":{"rendered":"<p>Bi al\u00eekarya \u015faredary\u00ean Ber\u015felona http:\/\/www.amb.cat\/s\/home.html me dikar\u00eebu j\u0131 n\u00fbve navenda av\u00ea ya ku av\u00ea dide tevah\u00ee Koban\u00ea t\u00eaxin xizmet\u00ea: &#8211; avabikina cih &#8211; du pump\u00ean n\u00fb li w\u0131r bi cih bikin -serastkirina system elektr\u00eeka navend\u00ea. Her pumpek dikare 350 km \u00ean \u00e7argo\u015f\u00ee ji av\u00ea di demjim\u00earek\u00ea de bide, \u00fb bi tevah\u00ee j\u0131 bo 50.000 kes [&hellip;]<\/p>\n","protected":false},"author":2,"featured_media":0,"comment_status":"open","ping_status":"open","sticky":false,"template":"","format":"standard","meta":{"give_campaign_id":0,"ngg_post_thumbnail":0,"jetpack_post_was_ever_published":false,"_jetpack_newsletter_access":"","_jetpack_dont_email_post_to_subs":false,"_jetpack_newsletter_tier_id":0,"_jetpack_memberships_contains_paywalled_content":false,"_jetpack_memberships_contains_paid_content":false,"footnotes":"","jetpack_publicize_message":"","jetpack_publicize_feature_enabled":true,"jetpack_social_post_already_shared":true,"jetpack_social_options":{"image_generator_settings":{"template":"highway","default_image_id":0,"font":"","enabled":false},"version":2},"_links_to":"","_links_to_target":""},"categories":[85],"tags":[],"class_list":["post-1913","post","type-post","status-publish","format-standard","hentry","category-be-kategoriyan"],"jetpack_publicize_connections":[],"jetpack_featured_media_url":"","jetpack-related-posts":[{"id":11619,"url":"https:\/\/hskurd.org\/?p=11619&lang=ku","url_meta":{"origin":1913,"position":0},"title":"Ji bo dab\u00eenkirina p\u00eadiviy\u00ean ni\u015ftecih\u00ean bajar\u00ea Qam\u00ee\u015flo du b\u00eer hatin kolandin","author":"user55","date":"28 \u0623\u063a\u0633\u0637\u0633\u060c 2025","format":false,"excerpt":"https:\/\/youtube.com\/shorts\/nVoRlm1vP8k?si=bxOTelchfrGtJyNY Ji bo bersivday\u00eena p\u00eadiviy\u00ean gel\u00ea her\u00eam\u00ea \u00fb bi hevkariy\u00ea ya R\u00eaveberiya Av\u00ea \u00fb \u015earedariya Qami\u015flo, Heyva Sor a Kurd bi pi\u015ftgiriya \u00c0rea Metropolitana de Barcelona (AMB), projeya \"Bersiva Awarte ya av\u00ea\" p\u00eak an\u00ee. Di \u00e7ar\u00e7oveya v\u00ea projey\u00ea de, du b\u00eer li tax\u00ean Alaya \u00fb Hilaliya hatin kolandin \u00fb bi\u2026","rel":"","context":"\u0641\u064a &quot;Al\u00eekar\u00ee&quot;","block_context":{"text":"Al\u00eekar\u00ee","link":"https:\/\/hskurd.org\/?cat=2169&lang=ku"},"img":{"alt_text":"","src":"https:\/\/i0.wp.com\/hskurd.org\/wp-content\/uploads\/2025\/08\/%D8%A7%D9%8A%D8%A7%D8%A4.jpg?fit=1080%2C720&ssl=1&resize=350%2C200","width":350,"height":200,"srcset":"https:\/\/i0.wp.com\/hskurd.org\/wp-content\/uploads\/2025\/08\/%D8%A7%D9%8A%D8%A7%D8%A4.jpg?fit=1080%2C720&ssl=1&resize=350%2C200 1x, https:\/\/i0.wp.com\/hskurd.org\/wp-content\/uploads\/2025\/08\/%D8%A7%D9%8A%D8%A7%D8%A4.jpg?fit=1080%2C720&ssl=1&resize=525%2C300 1.5x, https:\/\/i0.wp.com\/hskurd.org\/wp-content\/uploads\/2025\/08\/%D8%A7%D9%8A%D8%A7%D8%A4.jpg?fit=1080%2C720&ssl=1&resize=700%2C400 2x, https:\/\/i0.wp.com\/hskurd.org\/wp-content\/uploads\/2025\/08\/%D8%A7%D9%8A%D8%A7%D8%A4.jpg?fit=1080%2C720&ssl=1&resize=1050%2C600 3x"},"classes":[]},{"id":7929,"url":"https:\/\/hskurd.org\/?p=7929&lang=ku","url_meta":{"origin":1913,"position":1},"title":"Belavkirina ava vexwarin\u00ea li ser xelk\u00ea bajar\u00ea Hesek\u00ea berdewam e","author":"neruda","date":"28 \u0646\u0648\u0641\u0645\u0628\u0631\u060c 2023","format":false,"excerpt":"Di \u00e7ar\u00e7oveya projeya Mediko Sw\u00eesrey\u00ea de, Heyva Sor a Kurd bi al\u00eekar\u0131ya mecl\u00ees \u00fb kom\u00eenan, h\u00een j\u00ee av\u00ea li xelk\u00ea tax\u00ean bajar\u00ea Hesek\u00ea belav dike, ku ji ber qutb\u00fbna w\u00ea kr\u00eezek zehmet di peydakirina ava vexwarin\u00ea de j\u0131yan d\u0131k\u0131n ew j\u00ee j\u0131 ber q\u0131tb\u00fbna w\u00ea j\u0131 s\u0131tas\u0131yona Elok a li\u2026","rel":"","context":"\u0641\u064a &quot;Be\u015f\u00ea WASH&quot;","block_context":{"text":"Be\u015f\u00ea WASH","link":"https:\/\/hskurd.org\/?cat=855&lang=ku"},"img":{"alt_text":"","src":"https:\/\/i0.wp.com\/hskurd.org\/wp-content\/uploads\/2023\/11\/hhhh.jpg?fit=1200%2C800&ssl=1&resize=350%2C200","width":350,"height":200,"srcset":"https:\/\/i0.wp.com\/hskurd.org\/wp-content\/uploads\/2023\/11\/hhhh.jpg?fit=1200%2C800&ssl=1&resize=350%2C200 1x, https:\/\/i0.wp.com\/hskurd.org\/wp-content\/uploads\/2023\/11\/hhhh.jpg?fit=1200%2C800&ssl=1&resize=525%2C300 1.5x, https:\/\/i0.wp.com\/hskurd.org\/wp-content\/uploads\/2023\/11\/hhhh.jpg?fit=1200%2C800&ssl=1&resize=700%2C400 2x, https:\/\/i0.wp.com\/hskurd.org\/wp-content\/uploads\/2023\/11\/hhhh.jpg?fit=1200%2C800&ssl=1&resize=1050%2C600 3x"},"classes":[]},{"id":11208,"url":"https:\/\/hskurd.org\/?p=11208&lang=ku","url_meta":{"origin":1913,"position":2},"title":"Perwerdeyek li ser Ba\u015fkirina Kal\u00eeteya Xizmet\u00ean \u015eopandina Av\u00ea","author":"user55","date":"29 \u0623\u0628\u0631\u064a\u0644\u060c 2025","format":false,"excerpt":"Di berdewamiya bersivday\u00eena Heyva Sor a Kurd de ji bo bergirtina nexwe\u015fiya koleray\u00ea ku Desteya Tenduristiy\u00ea ya R\u00eaveberiya Xweser a Bakur \u00fb Rojhilat\u00ea S\u00fbriy\u00ea di hav\u00eena 2022 'an de belavbuna w\u00ea li gelek deveran ragihand. Xebat\u00ean bersivday\u00een\u00ea y\u00ean her\u00ee berbi\u00e7av ku t\u00eema WASH li Heyva Sor a Kurd \u00fb bi\u2026","rel":"","context":"\u0641\u064a &quot;Be\u015f\u00ea WASH&quot;","block_context":{"text":"Be\u015f\u00ea WASH","link":"https:\/\/hskurd.org\/?cat=855&lang=ku"},"img":{"alt_text":"","src":"https:\/\/i0.wp.com\/hskurd.org\/wp-content\/uploads\/2025\/04\/000198-scaled.jpg?fit=1200%2C800&ssl=1&resize=350%2C200","width":350,"height":200,"srcset":"https:\/\/i0.wp.com\/hskurd.org\/wp-content\/uploads\/2025\/04\/000198-scaled.jpg?fit=1200%2C800&ssl=1&resize=350%2C200 1x, https:\/\/i0.wp.com\/hskurd.org\/wp-content\/uploads\/2025\/04\/000198-scaled.jpg?fit=1200%2C800&ssl=1&resize=525%2C300 1.5x, https:\/\/i0.wp.com\/hskurd.org\/wp-content\/uploads\/2025\/04\/000198-scaled.jpg?fit=1200%2C800&ssl=1&resize=700%2C400 2x, https:\/\/i0.wp.com\/hskurd.org\/wp-content\/uploads\/2025\/04\/000198-scaled.jpg?fit=1200%2C800&ssl=1&resize=1050%2C600 3x"},"classes":[]},{"id":8713,"url":"https:\/\/hskurd.org\/?p=8713&lang=ku","url_meta":{"origin":1913,"position":3},"title":"kampanyeke n\u00fb ji bo peydakirina ava paqij a vexwarin\u00ea ji gel\u00ea bajar\u00ea Hesek\u00ea re","author":"neruda","date":"2 \u0623\u0643\u062a\u0648\u0628\u0631\u060c 2024","format":false,"excerpt":"https:\/\/www.youtube.com\/watch?v=GPZcpUrHgFk&t=1s Di dema ku bajar\u00ea Hesek\u00ea kir\u00eezan jiyan dike , xebat\u00ean Heyva Sor a Kurd wek m\u00eenaka xebat\u00ean mirovah\u00ee y\u00ean gir\u00eeng derdikevin p\u00ea\u015f. Ku r\u00eaxistin li hember\u00ee rew\u015fa hey\u00ee, bi hevkariya Medico Sw\u00eesre ji bo ava paqij a vexwarin\u00ea ji \u015f\u00eaniyan re peyda bike, gelek\u00ee dixebite. Ev hewldan di demeke\u2026","rel":"","context":"\u0641\u064a &quot;Be\u015f\u00ea WASH&quot;","block_context":{"text":"Be\u015f\u00ea WASH","link":"https:\/\/hskurd.org\/?cat=855&lang=ku"},"img":{"alt_text":"","src":"https:\/\/i0.wp.com\/hskurd.org\/wp-content\/uploads\/2024\/10\/wash-swetherland.png?fit=979%2C577&ssl=1&resize=350%2C200","width":350,"height":200,"srcset":"https:\/\/i0.wp.com\/hskurd.org\/wp-content\/uploads\/2024\/10\/wash-swetherland.png?fit=979%2C577&ssl=1&resize=350%2C200 1x, https:\/\/i0.wp.com\/hskurd.org\/wp-content\/uploads\/2024\/10\/wash-swetherland.png?fit=979%2C577&ssl=1&resize=525%2C300 1.5x, https:\/\/i0.wp.com\/hskurd.org\/wp-content\/uploads\/2024\/10\/wash-swetherland.png?fit=979%2C577&ssl=1&resize=700%2C400 2x"},"classes":[]},{"id":11655,"url":"https:\/\/hskurd.org\/?p=11655&lang=ku","url_meta":{"origin":1913,"position":4},"title":"Projeya Av \u00fb J\u00eengeh\u00ea: Ber bi Perwerde \u00fb Tenduristiya saxlem ve","author":"user55","date":"9 \u0633\u0628\u062a\u0645\u0628\u0631\u060c 2025","format":false,"excerpt":"https:\/\/youtu.be\/-wl__LMHsPg?si=a3OmyZY_NOXmj07b Heyva Sor a Kurd, bi pi\u015ftgiriya \"Area Metropolitana de Barcelona (AMB)\", Projeya Av \u00fb J\u00eengeh\u00ea ji bo Civak \u00fb Navend\u00ean Perwerdehiy\u00ea di sala 2024\/2025 an de bi daw\u00ee kir. Di v\u00ea projey\u00ea de: \u2022 N\u00fbjenkirina 15 bax\u00e7ey\u00ean zarokan li Kantona Cez\u00eer\u00ea \u00fb du dibistan\u00ean li \u015eahbay\u00ea. \u2022 Xebitandina b\u00eerek\u2026","rel":"","context":"\u0641\u064a &quot;Be\u015f\u00ea WASH&quot;","block_context":{"text":"Be\u015f\u00ea WASH","link":"https:\/\/hskurd.org\/?cat=855&lang=ku"},"img":{"alt_text":"","src":"https:\/\/i0.wp.com\/hskurd.org\/wp-content\/uploads\/2025\/09\/%D9%A2%D9%A0%D9%A2%D9%A5%D9%A0%D9%A5%D9%A1%D9%A8_%D9%A0%D9%A9%D9%A5%D9%A7%D9%A4%D9%A0-scaled.jpg?fit=1200%2C675&ssl=1&resize=350%2C200","width":350,"height":200,"srcset":"https:\/\/i0.wp.com\/hskurd.org\/wp-content\/uploads\/2025\/09\/%D9%A2%D9%A0%D9%A2%D9%A5%D9%A0%D9%A5%D9%A1%D9%A8_%D9%A0%D9%A9%D9%A5%D9%A7%D9%A4%D9%A0-scaled.jpg?fit=1200%2C675&ssl=1&resize=350%2C200 1x, https:\/\/i0.wp.com\/hskurd.org\/wp-content\/uploads\/2025\/09\/%D9%A2%D9%A0%D9%A2%D9%A5%D9%A0%D9%A5%D9%A1%D9%A8_%D9%A0%D9%A9%D9%A5%D9%A7%D9%A4%D9%A0-scaled.jpg?fit=1200%2C675&ssl=1&resize=525%2C300 1.5x, https:\/\/i0.wp.com\/hskurd.org\/wp-content\/uploads\/2025\/09\/%D9%A2%D9%A0%D9%A2%D9%A5%D9%A0%D9%A5%D9%A1%D9%A8_%D9%A0%D9%A9%D9%A5%D9%A7%D9%A4%D9%A0-scaled.jpg?fit=1200%2C675&ssl=1&resize=700%2C400 2x, https:\/\/i0.wp.com\/hskurd.org\/wp-content\/uploads\/2025\/09\/%D9%A2%D9%A0%D9%A2%D9%A5%D9%A0%D9%A5%D9%A1%D9%A8_%D9%A0%D9%A9%D9%A5%D9%A7%D9%A4%D9%A0-scaled.jpg?fit=1200%2C675&ssl=1&resize=1050%2C600 3x"},"classes":[]},{"id":11380,"url":"https:\/\/hskurd.org\/?p=11380&lang=ku","url_meta":{"origin":1913,"position":5},"title":"Peydakirina enerjiya roj\u00ea  ji bo b\u00eer\u00ean av\u00ea li gundewar\u00ean Bajar\u00ea Qami\u015flo","author":"user55","date":"1 \u064a\u0648\u0644\u064a\u0648\u060c 2025","format":false,"excerpt":"Di \u00e7ar\u00e7oveya qonaxa duyem\u00een a projeya \"Enerjiya Roj\u00ea ji bo Bakur \u00fb Rojhilat\u00ea Suriy\u00ea\" bi Medico international \u201c re, Heyva Sor a Kurd enerjiya paqij li b\u00eer\u00ean av\u00ea y\u00ean li gund\u00ean Necmok \u00fb Girbaw\u00ee \u00fb Herem Re\u015f z\u00eade kir. Ev gund\u00ean han ji ber neb\u00fbna j\u00eader\u00ean bingeh\u00een\u00ean y\u00ean kehrebey\u00ea, ku\u2026","rel":"","context":"\u0641\u064a &quot;Be\u015f\u00ea WASH&quot;","block_context":{"text":"Be\u015f\u00ea WASH","link":"https:\/\/hskurd.org\/?cat=855&lang=ku"},"img":{"alt_text":"","src":"https:\/\/i0.wp.com\/hskurd.org\/wp-content\/uploads\/2025\/07\/IMG_5664-scaled.jpg?fit=1200%2C674&ssl=1&resize=350%2C200","width":350,"height":200,"srcset":"https:\/\/i0.wp.com\/hskurd.org\/wp-content\/uploads\/2025\/07\/IMG_5664-scaled.jpg?fit=1200%2C674&ssl=1&resize=350%2C200 1x, https:\/\/i0.wp.com\/hskurd.org\/wp-content\/uploads\/2025\/07\/IMG_5664-scaled.jpg?fit=1200%2C674&ssl=1&resize=525%2C300 1.5x, https:\/\/i0.wp.com\/hskurd.org\/wp-content\/uploads\/2025\/07\/IMG_5664-scaled.jpg?fit=1200%2C674&ssl=1&resize=700%2C400 2x, https:\/\/i0.wp.com\/hskurd.org\/wp-content\/uploads\/2025\/07\/IMG_5664-scaled.jpg?fit=1200%2C674&ssl=1&resize=1050%2C600 3x"},"classes":[]}],"jetpack_sharing_enabled":true,"_links":{"self":[{"href":"https:\/\/hskurd.org\/index.php?rest_route=\/wp\/v2\/posts\/1913","targetHints":{"allow":["GET"]}}],"collection":[{"href":"https:\/\/hskurd.org\/index.php?rest_route=\/wp\/v2\/posts"}],"about":[{"href":"https:\/\/hskurd.org\/index.php?rest_route=\/wp\/v2\/types\/post"}],"author":[{"embeddable":true,"href":"https:\/\/hskurd.org\/index.php?rest_route=\/wp\/v2\/users\/2"}],"replies":[{"embeddable":true,"href":"https:\/\/hskurd.org\/index.php?rest_route=%2Fwp%2Fv2%2Fcomments&post=1913"}],"version-history":[{"count":2,"href":"https:\/\/hskurd.org\/index.php?rest_route=\/wp\/v2\/posts\/1913\/revisions"}],"predecessor-version":[{"id":4523,"href":"https:\/\/hskurd.org\/index.php?rest_route=\/wp\/v2\/posts\/1913\/revisions\/4523"}],"wp:attachment":[{"href":"https:\/\/hskurd.org\/index.php?rest_route=%2Fwp%2Fv2%2Fmedia&parent=1913"}],"wp:term":[{"taxonomy":"category","embeddable":true,"href":"https:\/\/hskurd.org\/index.php?rest_route=%2Fwp%2Fv2%2Fcategories&post=1913"},{"taxonomy":"post_tag","embeddable":true,"href":"https:\/\/hskurd.org\/index.php?rest_route=%2Fwp%2Fv2%2Ftags&post=1913"}],"curies":[{"name":"wp","href":"https:\/\/api.w.org\/{rel}","templated":true}]}}