{"id":12783,"date":"2026-04-28T10:19:56","date_gmt":"2026-04-28T07:19:56","guid":{"rendered":"https:\/\/hskurd.org\/?p=12783"},"modified":"2026-04-28T10:19:56","modified_gmt":"2026-04-28T07:19:56","slug":"rewitiya-jiyine-bi-gaveke-dest-pe-dike","status":"publish","type":"post","link":"https:\/\/hskurd.org\/?p=12783&lang=ku","title":{"rendered":"R\u00eaw\u00eetiya jiy\u00een\u00ea bi gavek\u00ea dest p\u00ea dike"},"content":{"rendered":"<p><span class=\"embed-youtube\" style=\"text-align:center; display: block;\"><iframe loading=\"lazy\" class=\"youtube-player\" width=\"1500\" height=\"844\" src=\"https:\/\/www.youtube.com\/embed\/1vV7Czewfb8?version=3&#038;rel=1&#038;showsearch=0&#038;showinfo=1&#038;iv_load_policy=1&#038;fs=1&#038;hl=ar&#038;autohide=2&#038;wmode=transparent\" allowfullscreen=\"true\" style=\"border:0;\" sandbox=\"allow-scripts allow-same-origin allow-popups allow-presentation allow-popups-to-escape-sandbox\"><\/iframe><\/span><\/p>\n<p>Ji gundewar\u00ea Qam\u00ee\u015fl\u00ee, Cel\u00eela Sil\u00eaman qet nizanib\u00fb ku serdaneke sade bo kl\u00een\u00eekeke mob\u00eel d\u00ea bi tevah\u00ee r\u00ea\u00e7a jiyana w\u00ea biguher\u00eene\u2026 \u00c7\u00eerok li wir dest p\u00ea kir, \u00fb nexwe\u015fiya w\u00ea li wir hat d\u00eetin.<\/p>\n<p>Te\u015fh\u00eesa kansera malzarok\u00ea, \u00fb r\u00eaw\u00eetiyeke dermankirin\u00ea ya dijwar ku bi d\u00fbrah\u00ee \u00fb l\u00ea\u00e7\u00fbn\u00ean r\u00eaw\u00eetiy\u00ea ve gir\u00eaday\u00ee b\u00fb. W\u00ea dest bi r\u00fbni\u015ftin\u00ean terapiya t\u00eer\u00eaj\u00ea li dervey\u00ee her\u00eam\u00ea kir ber\u00ee ku kemoterapiya xwe li Nexwe\u015fxaneya Onkoloj\u00ee \u00fb Talasemiy\u00ea ya Heyva Sor a Kurd bidom\u00eene, li wir l\u00ean\u00ear\u00een \u00fb \u015fopandina domdar wergirt.<\/p>\n<p>\u00cero, Cel\u00eela di qonaxa \u00e7avd\u00eariy\u00ea de ye\u2026 n\u00eaz\u00eektir\u00ee jiyan\u00ea, \u00fb ji nexwe\u015fiy\u00ea bih\u00eaztir.<\/p>\n<p>L\u00ea r\u00ea ne h\u00easan b\u00fb, \u00fb h\u00een j\u00ee hewce ye ku terapiya t\u00eer\u00eaj\u00ea li her\u00eam\u00ea were peyda kirin da ku \u00ea\u015fa gelek nexwe\u015f\u00ean ku bi heman ceribandin\u00ea re r\u00fb bi r\u00fb ne sivik bike.<\/p>\n","protected":false},"excerpt":{"rendered":"<p>Ji gundewar\u00ea Qam\u00ee\u015fl\u00ee, Cel\u00eela Sil\u00eaman qet nizanib\u00fb ku serdaneke sade bo kl\u00een\u00eekeke mob\u00eel d\u00ea bi tevah\u00ee r\u00ea\u00e7a jiyana w\u00ea biguher\u00eene\u2026 \u00c7\u00eerok li wir dest p\u00ea kir, \u00fb nexwe\u015fiya w\u00ea li wir hat d\u00eetin. Te\u015fh\u00eesa kansera malzarok\u00ea, \u00fb r\u00eaw\u00eetiyeke dermankirin\u00ea ya dijwar ku bi d\u00fbrah\u00ee \u00fb l\u00ea\u00e7\u00fbn\u00ean r\u00eaw\u00eetiy\u00ea ve gir\u00eaday\u00ee b\u00fb. W\u00ea dest bi r\u00fbni\u015ftin\u00ean terapiya [&hellip;]<\/p>\n","protected":false},"author":8,"featured_media":0,"comment_status":"closed","ping_status":"closed","sticky":false,"template":"","format":"standard","meta":{"give_campaign_id":0,"ngg_post_thumbnail":0,"jetpack_post_was_ever_published":false,"_jetpack_newsletter_access":"","_jetpack_dont_email_post_to_subs":false,"_jetpack_newsletter_tier_id":0,"_jetpack_memberships_contains_paywalled_content":false,"_jetpack_memberships_contains_paid_content":false,"footnotes":"","jetpack_publicize_message":"","jetpack_publicize_feature_enabled":true,"jetpack_social_post_already_shared":true,"jetpack_social_options":{"image_generator_settings":{"template":"highway","default_image_id":0,"font":"","enabled":false},"version":2},"_links_to":"","_links_to_target":""},"categories":[831],"tags":[2938],"class_list":["post-12783","post","type-post","status-publish","format-standard","hentry","category-cirok","tag-reyaheviye-pesvecunanexwesiye-kanseraqirikazaroke-nasinazu-hevi-bikansereretekosin-xwedihez"],"jetpack_publicize_connections":[],"jetpack_featured_media_url":"","jetpack-related-posts":[{"id":7428,"url":"https:\/\/hskurd.org\/?p=7428&lang=ku","url_meta":{"origin":12783,"position":0},"title":"Baran\u00ea zarok ji bajar\u00ea Koban\u00ee pi\u015ft\u00ee ku navenda protez t\u0131\u015ft\u00ean w\u00ee y\u00ean ku ji ber teq\u00eena bermah\u0131yeke DAI\u015e\u00ea li pey xwe hi\u015ftib\u00fb, vegerandin ji n\u00fbve bi ken vedigere qada l\u00eestik\u00ea.","author":"heyvasorakurd","date":"1 \u0623\u063a\u0633\u0637\u0633\u060c 2023","format":false,"excerpt":"Baran\u00ea zarok b\u0131 ken\u00ea xwe vedigere qada l\u00eestik\u00ea Bermahiy\u00ean \u015fer gelek caran mexd\u00fbr\u00ean siv\u00eel l\u0131 d\u00fb xwe ve dih\u00ealin, bi piran\u00ee zarok, ku haya wan ji wan xeterey\u00ean tune ye. Yek ji qurbaniy\u00ean van may\u00eenan Baran Mazen Qar\u00ee y\u00ea 10 sal\u00ee ye. Di 18\u2019\u00ea Sibata 2023\u2019an de tev\u00ee malbata xwe\u2026","rel":"","context":"\u0641\u064a &quot;\u00c7\u00eerok&quot;","block_context":{"text":"\u00c7\u00eerok","link":"https:\/\/hskurd.org\/?cat=831&lang=ku"},"img":{"alt_text":"","src":"https:\/\/i0.wp.com\/hskurd.org\/wp-content\/uploads\/2023\/08\/952A8898-copy-scaled.webp?fit=1200%2C800&ssl=1&resize=350%2C200","width":350,"height":200,"srcset":"https:\/\/i0.wp.com\/hskurd.org\/wp-content\/uploads\/2023\/08\/952A8898-copy-scaled.webp?fit=1200%2C800&ssl=1&resize=350%2C200 1x, https:\/\/i0.wp.com\/hskurd.org\/wp-content\/uploads\/2023\/08\/952A8898-copy-scaled.webp?fit=1200%2C800&ssl=1&resize=525%2C300 1.5x, https:\/\/i0.wp.com\/hskurd.org\/wp-content\/uploads\/2023\/08\/952A8898-copy-scaled.webp?fit=1200%2C800&ssl=1&resize=700%2C400 2x, https:\/\/i0.wp.com\/hskurd.org\/wp-content\/uploads\/2023\/08\/952A8898-copy-scaled.webp?fit=1200%2C800&ssl=1&resize=1050%2C600 3x"},"classes":[]},{"id":10996,"url":"https:\/\/hskurd.org\/?p=10996&lang=ku","url_meta":{"origin":12783,"position":1},"title":"\u00censiyat\u00eefeke \u00eensan\u00ee ji bo al\u00eekariya gel\u00ea me y\u00ea li perava S\u00fbriyey\u00ea","author":"user55","date":"16 \u0645\u0627\u0631\u0633\u060c 2025","format":false,"excerpt":"\u00a0 Ji ber b\u00fbyer\u00ean bi \u00ea\u015f li berava S\u00fbriy\u00ea \u00fb xirab\u00fbna rew\u015fa mirov\u00ee li wir ji ber k\u00eamb\u00fbna bersivdayina al\u00eekariya mirov\u00ee , me Heyva Sor a Kurd bi insiyat\u00eefa civaka siv\u00eel li Bakur\u00ea Rojhilat\u00ea S\u00fbriy\u00ea \u00fb bi hevr\u00eazkirina bi dezgeh\u00ean p\u00eawend\u00eedar re, dest bi amadekariya karwaneke al\u00eekariy\u00ean mirov\u00ee kir ku\u2026","rel":"","context":"\u0641\u064a &quot;\u00c7\u00eerok&quot;","block_context":{"text":"\u00c7\u00eerok","link":"https:\/\/hskurd.org\/?cat=831&lang=ku"},"img":{"alt_text":"","src":"https:\/\/i0.wp.com\/hskurd.org\/wp-content\/uploads\/2025\/03\/a061514c-e002-4c9d-bc6a-e3b019ebebbc.jpeg?fit=1200%2C800&ssl=1&resize=350%2C200","width":350,"height":200,"srcset":"https:\/\/i0.wp.com\/hskurd.org\/wp-content\/uploads\/2025\/03\/a061514c-e002-4c9d-bc6a-e3b019ebebbc.jpeg?fit=1200%2C800&ssl=1&resize=350%2C200 1x, https:\/\/i0.wp.com\/hskurd.org\/wp-content\/uploads\/2025\/03\/a061514c-e002-4c9d-bc6a-e3b019ebebbc.jpeg?fit=1200%2C800&ssl=1&resize=525%2C300 1.5x, https:\/\/i0.wp.com\/hskurd.org\/wp-content\/uploads\/2025\/03\/a061514c-e002-4c9d-bc6a-e3b019ebebbc.jpeg?fit=1200%2C800&ssl=1&resize=700%2C400 2x, https:\/\/i0.wp.com\/hskurd.org\/wp-content\/uploads\/2025\/03\/a061514c-e002-4c9d-bc6a-e3b019ebebbc.jpeg?fit=1200%2C800&ssl=1&resize=1050%2C600 3x"},"classes":[]},{"id":8152,"url":"https:\/\/hskurd.org\/?p=8152&lang=ku","url_meta":{"origin":12783,"position":2},"title":"W\u00eesam \u00e7areke din zaroktiya xwe di nav heval\u00ean xwe de dij\u00ee","author":"neruda","date":"22 \u0641\u0628\u0631\u0627\u064a\u0631\u060c 2024","format":false,"excerpt":"\u00a0 \u00ca\u015fa \u00a0W\u00eesam \u00fb malbata w\u00ee dest p\u00ea kir dema kur\u00ea bi\u00e7\u00fbk ling\u00ea xwe y\u00ea rast\u00ea winda kir ji ber l\u00eestina bi bermahiy\u00ean \u015fer li gund\u00ea w\u00ee y\u00ea gir\u00eaday\u00ee bajarok\u00ea Hol\u00ea di sala 2015an ku \u00ead\u00ee nikarib\u00fb jiyana xwe bi awayek\u00ee asay\u00ee berdewam bike, heta ku bi bav\u00ea xwe re\u2026","rel":"","context":"\u0641\u064a &quot;\u00c7\u00eerok&quot;","block_context":{"text":"\u00c7\u00eerok","link":"https:\/\/hskurd.org\/?cat=831&lang=ku"},"img":{"alt_text":"","src":"https:\/\/i0.wp.com\/hskurd.org\/wp-content\/uploads\/2024\/02\/952A9702-copy-scaled.jpg?fit=1200%2C800&ssl=1&resize=350%2C200","width":350,"height":200,"srcset":"https:\/\/i0.wp.com\/hskurd.org\/wp-content\/uploads\/2024\/02\/952A9702-copy-scaled.jpg?fit=1200%2C800&ssl=1&resize=350%2C200 1x, https:\/\/i0.wp.com\/hskurd.org\/wp-content\/uploads\/2024\/02\/952A9702-copy-scaled.jpg?fit=1200%2C800&ssl=1&resize=525%2C300 1.5x, https:\/\/i0.wp.com\/hskurd.org\/wp-content\/uploads\/2024\/02\/952A9702-copy-scaled.jpg?fit=1200%2C800&ssl=1&resize=700%2C400 2x, https:\/\/i0.wp.com\/hskurd.org\/wp-content\/uploads\/2024\/02\/952A9702-copy-scaled.jpg?fit=1200%2C800&ssl=1&resize=1050%2C600 3x"},"classes":[]},{"id":1257,"url":"https:\/\/hskurd.org\/?p=1257&lang=ku","url_meta":{"origin":12783,"position":3},"title":"Qampanya &#8221;banga Efr\u00een&#8221; li Ba\u015f\u00fbr\u00ea kurdistan\u00ea dest p\u00ea dike","author":"heyvasorakurd","date":"19 \u0641\u0628\u0631\u0627\u064a\u0631\u060c 2018","format":false,"excerpt":"Heyva sor a kurd be\u015f\u00ea Ba\u015f\u00fbr\u00ea Kurdistan\u00ea \u00eero dest bi qampanya \"banga Efr\u00een \"di riya xwendina v\u00ea daxwyaniy\u00ea re dike : \" Berxwedana Efr\u00een\u00ea li dij\u00ee art\u00ea\u015fa Turk a dagirker \u00fb \u00e7etey\u00ean w\u00ea bi hem\u00fb \u00e7ek\u00ean giran \u00a0, belafir , tang \u00fb topan \u00fb bikaran\u00eena \u00e7ek\u00ean k\u00eemyaw\u00ee \u00a0\u00a0(nav\u00e7eya \u015eiyay\u00ea) \u00a0li\u2026","rel":"","context":"\u0641\u064a &quot;b\u00ea kategoriyan&quot;","block_context":{"text":"b\u00ea kategoriyan","link":"https:\/\/hskurd.org\/?cat=85&lang=ku"},"img":{"alt_text":"","src":"https:\/\/i0.wp.com\/hskurd.org\/wp-content\/uploads\/2018\/02\/33-2.jpg?fit=1200%2C795&ssl=1&resize=350%2C200","width":350,"height":200,"srcset":"https:\/\/i0.wp.com\/hskurd.org\/wp-content\/uploads\/2018\/02\/33-2.jpg?fit=1200%2C795&ssl=1&resize=350%2C200 1x, https:\/\/i0.wp.com\/hskurd.org\/wp-content\/uploads\/2018\/02\/33-2.jpg?fit=1200%2C795&ssl=1&resize=525%2C300 1.5x, https:\/\/i0.wp.com\/hskurd.org\/wp-content\/uploads\/2018\/02\/33-2.jpg?fit=1200%2C795&ssl=1&resize=700%2C400 2x, https:\/\/i0.wp.com\/hskurd.org\/wp-content\/uploads\/2018\/02\/33-2.jpg?fit=1200%2C795&ssl=1&resize=1050%2C600 3x"},"classes":[]},{"id":8818,"url":"https:\/\/hskurd.org\/?p=8818&lang=ku","url_meta":{"origin":12783,"position":4},"title":"Rapora encam\u00ean projeya hevgirtina civak\u00ee","author":"neruda","date":"21 \u0623\u0643\u062a\u0648\u0628\u0631\u060c 2024","format":false,"excerpt":"\u00a0 Beriya \u00e7end mehan R\u00eaxistina Heyva Sor a Kurd dest bi r\u00eabazeke pi\u015ftgir\u00ee \u00fb hevgirtina civak\u00ee kir \u00a0ku t\u00ea de qutiy\u00ean al\u00eekariy\u00ea li saziy\u00ean siv\u00eel, dikan, xwaringeh \u00fb cih\u00ean din \u00ean ku rasterast t\u00eakiliya wan bi civak\u00ea re hene dan\u00ee , bi armanca pi\u015ftgiriya nexwe\u015fxaneya Onkoloj\u00ee, \u015eewat \u00fb Telas\u00eemiyay\u00ea da\u2026","rel":"","context":"\u0641\u064a &quot;Ge\u015fep\u00eadan&quot;","block_context":{"text":"Ge\u015fep\u00eadan","link":"https:\/\/hskurd.org\/?cat=862&lang=ku"},"img":{"alt_text":"","src":"https:\/\/i0.wp.com\/hskurd.org\/wp-content\/uploads\/2024\/10\/MVI_3438-copy-1.jpg?fit=1200%2C675&ssl=1&resize=350%2C200","width":350,"height":200,"srcset":"https:\/\/i0.wp.com\/hskurd.org\/wp-content\/uploads\/2024\/10\/MVI_3438-copy-1.jpg?fit=1200%2C675&ssl=1&resize=350%2C200 1x, https:\/\/i0.wp.com\/hskurd.org\/wp-content\/uploads\/2024\/10\/MVI_3438-copy-1.jpg?fit=1200%2C675&ssl=1&resize=525%2C300 1.5x, https:\/\/i0.wp.com\/hskurd.org\/wp-content\/uploads\/2024\/10\/MVI_3438-copy-1.jpg?fit=1200%2C675&ssl=1&resize=700%2C400 2x, https:\/\/i0.wp.com\/hskurd.org\/wp-content\/uploads\/2024\/10\/MVI_3438-copy-1.jpg?fit=1200%2C675&ssl=1&resize=1050%2C600 3x"},"classes":[]},{"id":11975,"url":"https:\/\/hskurd.org\/?p=11975&lang=ku","url_meta":{"origin":12783,"position":5},"title":"bangewaz\u00ee ji t\u00eema Heyva Sor a Kurd li Koban\u00ee ji r\u00eaxistin\u00ean mirov\u00ee re","author":"user55","date":"2 \u0645\u0627\u0631\u0633\u060c 2026","format":false,"excerpt":"Bangek ji t\u00eem\u00ea Heyva Sor a Kurd\u00ee li Koban\u00ea bo r\u00eaxistin\u00ean mirovah\u00ee \u00fb bo Netewey\u00ean Yekb\u00fby\u00ee, bi taybet\u00ee bi r\u00eaberiya Kom\u00eeser\u00ea Bilind \u00ea Netewey\u00ean Yekb\u00fby\u00ee ji bo Penaberan, Barham Salih: Bajar\u00ea Koban\u00ea \u00fb gundewar\u00ean w\u00ea ji \u00e7end rojan ve di bin kampanyayek le\u015fker\u00ee ya tund \u00fb dorp\u00ea\u00e7kirineke giran de ne,\u2026","rel":"","context":"\u0641\u064a &quot;News&quot;","block_context":{"text":"News","link":"https:\/\/hskurd.org\/?cat=2171&lang=ku"},"img":{"alt_text":"","src":"https:\/\/i0.wp.com\/hskurd.org\/wp-content\/uploads\/2026\/03\/618809254_1183190350642929_5401222983079782706_n.jpg?fit=512%2C640&ssl=1&resize=350%2C200","width":350,"height":200},"classes":[]}],"jetpack_sharing_enabled":true,"_links":{"self":[{"href":"https:\/\/hskurd.org\/index.php?rest_route=\/wp\/v2\/posts\/12783","targetHints":{"allow":["GET"]}}],"collection":[{"href":"https:\/\/hskurd.org\/index.php?rest_route=\/wp\/v2\/posts"}],"about":[{"href":"https:\/\/hskurd.org\/index.php?rest_route=\/wp\/v2\/types\/post"}],"author":[{"embeddable":true,"href":"https:\/\/hskurd.org\/index.php?rest_route=\/wp\/v2\/users\/8"}],"replies":[{"embeddable":true,"href":"https:\/\/hskurd.org\/index.php?rest_route=%2Fwp%2Fv2%2Fcomments&post=12783"}],"version-history":[{"count":2,"href":"https:\/\/hskurd.org\/index.php?rest_route=\/wp\/v2\/posts\/12783\/revisions"}],"predecessor-version":[{"id":12785,"href":"https:\/\/hskurd.org\/index.php?rest_route=\/wp\/v2\/posts\/12783\/revisions\/12785"}],"wp:attachment":[{"href":"https:\/\/hskurd.org\/index.php?rest_route=%2Fwp%2Fv2%2Fmedia&parent=12783"}],"wp:term":[{"taxonomy":"category","embeddable":true,"href":"https:\/\/hskurd.org\/index.php?rest_route=%2Fwp%2Fv2%2Fcategories&post=12783"},{"taxonomy":"post_tag","embeddable":true,"href":"https:\/\/hskurd.org\/index.php?rest_route=%2Fwp%2Fv2%2Ftags&post=12783"}],"curies":[{"name":"wp","href":"https:\/\/api.w.org\/{rel}","templated":true}]}}