{"id":12773,"date":"2026-04-27T10:46:29","date_gmt":"2026-04-27T07:46:29","guid":{"rendered":"https:\/\/hskurd.org\/?p=12773"},"modified":"2026-04-27T10:46:29","modified_gmt":"2026-04-27T07:46:29","slug":"heyva-sor-a-kurd-bi-pistgiriya-heyva-sor-a-kurdistane-li-stargehen-qamisloye-pecik-u-sir-li-zaroken-penaber-belav-dike","status":"publish","type":"post","link":"https:\/\/hskurd.org\/?p=12773&lang=ku","title":{"rendered":"Heyva Sor a Kurd bi pi\u015ftgiriya Heyva Sor a Kurdistan\u00ea li stargeh\u00ean Qam\u00ee\u015floy\u00ea p\u00ea\u00e7ik \u00fb \u015f\u00eer li zarok\u00ean penaber belav dike."},"content":{"rendered":"<p>Aliyek ji belavkirina P\u00ee\u015fesaz\u00eeya Sor a Kurd\u00ee ya pamper \u00fb \u015f\u00eer ji bo zarokan li stargeh\u00ean penaberan li Qami\u015flo, bi pi\u015ftgiriya P\u00ee\u015fesaz\u00eeya Sor a Kurdistan\u00ea.<\/p>\n<p><img data-recalc-dims=\"1\" loading=\"lazy\" decoding=\"async\" data-attachment-id=\"12762\" data-permalink=\"https:\/\/hskurd.org\/?attachment_id=12762\" data-orig-file=\"https:\/\/i0.wp.com\/hskurd.org\/wp-content\/uploads\/2026\/04\/683310153_1258668139761816_404385405434540794_n.jpg?fit=744%2C992&amp;ssl=1\" data-orig-size=\"744,992\" data-comments-opened=\"0\" data-image-meta=\"{&quot;aperture&quot;:&quot;0&quot;,&quot;credit&quot;:&quot;&quot;,&quot;camera&quot;:&quot;&quot;,&quot;caption&quot;:&quot;&quot;,&quot;created_timestamp&quot;:&quot;0&quot;,&quot;copyright&quot;:&quot;&quot;,&quot;focal_length&quot;:&quot;0&quot;,&quot;iso&quot;:&quot;0&quot;,&quot;shutter_speed&quot;:&quot;0&quot;,&quot;title&quot;:&quot;&quot;,&quot;orientation&quot;:&quot;0&quot;}\" data-image-title=\"683310153_1258668139761816_404385405434540794_n\" data-image-description=\"\" data-image-caption=\"\" data-medium-file=\"https:\/\/i0.wp.com\/hskurd.org\/wp-content\/uploads\/2026\/04\/683310153_1258668139761816_404385405434540794_n.jpg?fit=225%2C300&amp;ssl=1\" data-large-file=\"https:\/\/i0.wp.com\/hskurd.org\/wp-content\/uploads\/2026\/04\/683310153_1258668139761816_404385405434540794_n.jpg?fit=744%2C992&amp;ssl=1\" class=\"alignnone size-medium wp-image-12762\" src=\"https:\/\/i0.wp.com\/hskurd.org\/wp-content\/uploads\/2026\/04\/683310153_1258668139761816_404385405434540794_n.jpg?resize=225%2C300&#038;ssl=1\" alt=\"\" width=\"225\" height=\"300\" srcset=\"https:\/\/i0.wp.com\/hskurd.org\/wp-content\/uploads\/2026\/04\/683310153_1258668139761816_404385405434540794_n.jpg?resize=225%2C300&amp;ssl=1 225w, https:\/\/i0.wp.com\/hskurd.org\/wp-content\/uploads\/2026\/04\/683310153_1258668139761816_404385405434540794_n.jpg?resize=529%2C705&amp;ssl=1 529w, https:\/\/i0.wp.com\/hskurd.org\/wp-content\/uploads\/2026\/04\/683310153_1258668139761816_404385405434540794_n.jpg?w=744&amp;ssl=1 744w\" sizes=\"auto, (max-width: 225px) 100vw, 225px\" \/> <img data-recalc-dims=\"1\" loading=\"lazy\" decoding=\"async\" data-attachment-id=\"12764\" data-permalink=\"https:\/\/hskurd.org\/?attachment_id=12764\" data-orig-file=\"https:\/\/i0.wp.com\/hskurd.org\/wp-content\/uploads\/2026\/04\/681460156_1258668269761803_6863103109223497448_n.jpg?fit=744%2C992&amp;ssl=1\" data-orig-size=\"744,992\" data-comments-opened=\"0\" data-image-meta=\"{&quot;aperture&quot;:&quot;0&quot;,&quot;credit&quot;:&quot;&quot;,&quot;camera&quot;:&quot;&quot;,&quot;caption&quot;:&quot;&quot;,&quot;created_timestamp&quot;:&quot;0&quot;,&quot;copyright&quot;:&quot;&quot;,&quot;focal_length&quot;:&quot;0&quot;,&quot;iso&quot;:&quot;0&quot;,&quot;shutter_speed&quot;:&quot;0&quot;,&quot;title&quot;:&quot;&quot;,&quot;orientation&quot;:&quot;0&quot;}\" data-image-title=\"681460156_1258668269761803_6863103109223497448_n\" data-image-description=\"\" data-image-caption=\"\" data-medium-file=\"https:\/\/i0.wp.com\/hskurd.org\/wp-content\/uploads\/2026\/04\/681460156_1258668269761803_6863103109223497448_n.jpg?fit=225%2C300&amp;ssl=1\" data-large-file=\"https:\/\/i0.wp.com\/hskurd.org\/wp-content\/uploads\/2026\/04\/681460156_1258668269761803_6863103109223497448_n.jpg?fit=744%2C992&amp;ssl=1\" class=\"alignnone size-medium wp-image-12764\" src=\"https:\/\/i0.wp.com\/hskurd.org\/wp-content\/uploads\/2026\/04\/681460156_1258668269761803_6863103109223497448_n.jpg?resize=225%2C300&#038;ssl=1\" alt=\"\" width=\"225\" height=\"300\" srcset=\"https:\/\/i0.wp.com\/hskurd.org\/wp-content\/uploads\/2026\/04\/681460156_1258668269761803_6863103109223497448_n.jpg?resize=225%2C300&amp;ssl=1 225w, https:\/\/i0.wp.com\/hskurd.org\/wp-content\/uploads\/2026\/04\/681460156_1258668269761803_6863103109223497448_n.jpg?resize=529%2C705&amp;ssl=1 529w, https:\/\/i0.wp.com\/hskurd.org\/wp-content\/uploads\/2026\/04\/681460156_1258668269761803_6863103109223497448_n.jpg?w=744&amp;ssl=1 744w\" sizes=\"auto, (max-width: 225px) 100vw, 225px\" \/><\/p>\n","protected":false},"excerpt":{"rendered":"<p>Aliyek ji belavkirina P\u00ee\u015fesaz\u00eeya Sor a Kurd\u00ee ya pamper \u00fb \u015f\u00eer ji bo zarokan li stargeh\u00ean penaberan li Qami\u015flo, bi pi\u015ftgiriya P\u00ee\u015fesaz\u00eeya Sor a Kurdistan\u00ea.<\/p>\n","protected":false},"author":8,"featured_media":12766,"comment_status":"closed","ping_status":"closed","sticky":false,"template":"","format":"standard","meta":{"give_campaign_id":0,"ngg_post_thumbnail":0,"jetpack_post_was_ever_published":false,"_jetpack_newsletter_access":"","_jetpack_dont_email_post_to_subs":false,"_jetpack_newsletter_tier_id":0,"_jetpack_memberships_contains_paywalled_content":false,"_jetpack_memberships_contains_paid_content":false,"footnotes":"","jetpack_publicize_message":"","jetpack_publicize_feature_enabled":true,"jetpack_social_post_already_shared":true,"jetpack_social_options":{"image_generator_settings":{"template":"highway","default_image_id":0,"font":"","enabled":false},"version":2},"_links_to":"","_links_to_target":""},"categories":[2169],"tags":[2931],"class_list":["post-12773","post","type-post","status-publish","format-standard","has-post-thumbnail","hentry","category-alikari","tag-heyvasorakurd-heyvasorakurdistane-qamislo-pistgiriyazarokan-belavkirinaalikariye-kocberennavxweyi-navendencigirandine"],"jetpack_publicize_connections":[],"jetpack_featured_media_url":"https:\/\/i0.wp.com\/hskurd.org\/wp-content\/uploads\/2026\/04\/680620561_1258668073095156_2909421807132323795_n.jpg?fit=443%2C590&ssl=1","jetpack-related-posts":[{"id":12573,"url":"https:\/\/hskurd.org\/?p=12573&lang=ku","url_meta":{"origin":12773,"position":0},"title":"Belavkirina \u015f\u00eer \u00fb p\u00ea\u00e7ikan ji bo zarok\u00ean li stargeh\u00ean bajar\u00ea Qam\u00ee\u015floy\u00ea bi pi\u015ftgiriya mirov\u00ee ya berdewam","author":"user55","date":"14 \u0623\u0628\u0631\u064a\u0644\u060c 2026","format":false,"excerpt":"Di \u00e7ar\u00e7oveya bersivdana mirovah\u00ee ya domdar de, \u00eero \u015f\u00eer \u00fb pampers ji bo zarok\u00ean malbat\u00ean ko\u00e7ber \u00ean li navenda bicihkirin\u00ea li Qami\u015floy\u00ea hatin belavkirin, bi pi\u015ftgiriya Heyva Sor a Kurdistan\u00ea. Ev gav ji bo bersivdana hewcedariy\u00ean bingeh\u00een \u00ean zarokan \u00fb k\u00eamkirina zehmetiya malbat\u00ean ko\u00e7ber t\u00ea av\u00eatin, di \u00e7ar\u00e7oveya hewildan\u00ean me\u2026","rel":"","context":"\u0641\u064a &quot;Al\u00eekar\u00ee&quot;","block_context":{"text":"Al\u00eekar\u00ee","link":"https:\/\/hskurd.org\/?cat=2169&lang=ku"},"img":{"alt_text":"","src":"https:\/\/i0.wp.com\/hskurd.org\/wp-content\/uploads\/2026\/04\/IMG_8742-scaled.jpg?fit=1200%2C901&ssl=1&resize=350%2C200","width":350,"height":200,"srcset":"https:\/\/i0.wp.com\/hskurd.org\/wp-content\/uploads\/2026\/04\/IMG_8742-scaled.jpg?fit=1200%2C901&ssl=1&resize=350%2C200 1x, https:\/\/i0.wp.com\/hskurd.org\/wp-content\/uploads\/2026\/04\/IMG_8742-scaled.jpg?fit=1200%2C901&ssl=1&resize=525%2C300 1.5x, https:\/\/i0.wp.com\/hskurd.org\/wp-content\/uploads\/2026\/04\/IMG_8742-scaled.jpg?fit=1200%2C901&ssl=1&resize=700%2C400 2x, https:\/\/i0.wp.com\/hskurd.org\/wp-content\/uploads\/2026\/04\/IMG_8742-scaled.jpg?fit=1200%2C901&ssl=1&resize=1050%2C600 3x"},"classes":[]},{"id":12668,"url":"https:\/\/hskurd.org\/?p=12668&lang=ku","url_meta":{"origin":12773,"position":1},"title":"Heyva Sor a Kurd bi pi\u015ftgiriya Heyva Sor a Kurdistan\u00ea p\u00eadiviy\u00ean zarokan li Qam\u00ee\u015flo belav dike.","author":"user55","date":"20 \u0623\u0628\u0631\u064a\u0644\u060c 2026","format":false,"excerpt":"T\u00eem\u00ean Heyva Sor a Kurd bi berdewam\u00ee \u015f\u00eer\u00ea zarokan \u00fb pempersan li stargeh\u00ean penaberan li Qami\u015flo belav dikin, bi pi\u015ftgir\u00eeya Heyva Sor a kurdistan\u00ea. dest\u00ean al\u00eekary\u00ea didom\u00eenin.","rel":"","context":"\u0641\u064a &quot;Al\u00eekar\u00ee&quot;","block_context":{"text":"Al\u00eekar\u00ee","link":"https:\/\/hskurd.org\/?cat=2169&lang=ku"},"img":{"alt_text":"","src":"https:\/\/i0.wp.com\/hskurd.org\/wp-content\/uploads\/2026\/04\/677802624_1253008360327794_311546687795668030_n.jpg?fit=1200%2C675&ssl=1&resize=350%2C200","width":350,"height":200,"srcset":"https:\/\/i0.wp.com\/hskurd.org\/wp-content\/uploads\/2026\/04\/677802624_1253008360327794_311546687795668030_n.jpg?fit=1200%2C675&ssl=1&resize=350%2C200 1x, https:\/\/i0.wp.com\/hskurd.org\/wp-content\/uploads\/2026\/04\/677802624_1253008360327794_311546687795668030_n.jpg?fit=1200%2C675&ssl=1&resize=525%2C300 1.5x, https:\/\/i0.wp.com\/hskurd.org\/wp-content\/uploads\/2026\/04\/677802624_1253008360327794_311546687795668030_n.jpg?fit=1200%2C675&ssl=1&resize=700%2C400 2x, https:\/\/i0.wp.com\/hskurd.org\/wp-content\/uploads\/2026\/04\/677802624_1253008360327794_311546687795668030_n.jpg?fit=1200%2C675&ssl=1&resize=1050%2C600 3x"},"classes":[]},{"id":12320,"url":"https:\/\/hskurd.org\/?p=12320&lang=ku","url_meta":{"origin":12773,"position":2},"title":"Belavkirina \u015f\u00eer \u00fb p\u00ea\u00e7ik\u00ean zarokan li gundewar\u00ea Kobaniy\u00ea bi pi\u015ftgiriya mirov\u00ee berdewam dike.","author":"user55","date":"25 \u0645\u0627\u0631\u0633\u060c 2026","format":false,"excerpt":"Bi pi\u015ftgiriya Heyva Sor a Kurdistan\u00ea, t\u00eem\u00ean Heyva Sor a Kurd li gund\u00ean derdora Koban\u00ea \u015f\u00eer \u00fb \"bambers\" ji bo zarokan belav kirin. Ev belavkirin li van gundan hat kirin: \u2022 Darbazin Horan \u2022 Darbazin \u2022 Tif\u015fo \u2022 Bir Qadir \u2022 Cort \u2022 El\u00eew\u00ee \u2022 Graz\u00ea","rel":"","context":"\u0641\u064a &quot;Al\u00eekar\u00ee&quot;","block_context":{"text":"Al\u00eekar\u00ee","link":"https:\/\/hskurd.org\/?cat=2169&lang=ku"},"img":{"alt_text":"","src":"https:\/\/i0.wp.com\/hskurd.org\/wp-content\/uploads\/2026\/03\/659695775_1233519928943304_2496562775053772547_n.jpg?fit=900%2C1200&ssl=1&resize=350%2C200","width":350,"height":200,"srcset":"https:\/\/i0.wp.com\/hskurd.org\/wp-content\/uploads\/2026\/03\/659695775_1233519928943304_2496562775053772547_n.jpg?fit=900%2C1200&ssl=1&resize=350%2C200 1x, https:\/\/i0.wp.com\/hskurd.org\/wp-content\/uploads\/2026\/03\/659695775_1233519928943304_2496562775053772547_n.jpg?fit=900%2C1200&ssl=1&resize=525%2C300 1.5x, https:\/\/i0.wp.com\/hskurd.org\/wp-content\/uploads\/2026\/03\/659695775_1233519928943304_2496562775053772547_n.jpg?fit=900%2C1200&ssl=1&resize=700%2C400 2x"},"classes":[]},{"id":10965,"url":"https:\/\/hskurd.org\/?p=10965&lang=ku","url_meta":{"origin":12773,"position":3},"title":"Kampanyeke belavkirina \u015f\u00eer ji bo Zarok\u00ean Ko\u00e7ber","author":"user55","date":"12 \u0645\u0627\u0631\u0633\u060c 2025","format":false,"excerpt":"Bi pi\u015ftgiriya Tora bij\u00ee\u015fk\u00ee ya Japon-Iraq (JIM-NET), Heyva Sor a Kurd li bajar\u00ean Qami\u015flo, Hesek\u00ea, Reqa \u00fb Tebqay\u00ea kampanya belavkirina \u015f\u00eer\u00ea zarokan heta temen\u00ea salek\u00ea da destp\u00eakirin. Ev kampaniya bi giran\u00ee zarok\u00ean ko\u00e7berb\u00fby\u00ee ji her\u00eam\u00ean Heleb \u00fb El-\u015eehba ku di stargeh\u00ean demk\u00ee de dim\u00eenin hedef girtin. Di armanca sivik kirina\u2026","rel":"","context":"\u0641\u064a &quot;Al\u00eekar\u00ee&quot;","block_context":{"text":"Al\u00eekar\u00ee","link":"https:\/\/hskurd.org\/?cat=2169&lang=ku"},"img":{"alt_text":"","src":"https:\/\/i0.wp.com\/hskurd.org\/wp-content\/uploads\/2025\/03\/IMG_0678-scaled.jpg?fit=1200%2C800&ssl=1&resize=350%2C200","width":350,"height":200,"srcset":"https:\/\/i0.wp.com\/hskurd.org\/wp-content\/uploads\/2025\/03\/IMG_0678-scaled.jpg?fit=1200%2C800&ssl=1&resize=350%2C200 1x, https:\/\/i0.wp.com\/hskurd.org\/wp-content\/uploads\/2025\/03\/IMG_0678-scaled.jpg?fit=1200%2C800&ssl=1&resize=525%2C300 1.5x, https:\/\/i0.wp.com\/hskurd.org\/wp-content\/uploads\/2025\/03\/IMG_0678-scaled.jpg?fit=1200%2C800&ssl=1&resize=700%2C400 2x, https:\/\/i0.wp.com\/hskurd.org\/wp-content\/uploads\/2025\/03\/IMG_0678-scaled.jpg?fit=1200%2C800&ssl=1&resize=1050%2C600 3x"},"classes":[]},{"id":12692,"url":"https:\/\/hskurd.org\/?p=12692&lang=ku","url_meta":{"origin":12773,"position":4},"title":"&#8220;Heyva Sor a Kurd bi pi\u015ftgiriya xelk\u00ea Ba\u015f\u00fbr\u00ea Kurdistan\u00ea pi\u015ftgiriya xwe ji bo ko\u00e7ber\u00ean li Kerk\u00fbk\u00ea didom\u00eene.&#8221;","author":"user55","date":"21 \u0623\u0628\u0631\u064a\u0644\u060c 2026","format":false,"excerpt":"https:\/\/youtube.com\/shorts\/Ob9UmNr6HwQ?si=EhFb6loCvr2jb2z6 T\u00eem\u00ean Heyva Sor a Kurd bi berdewam\u00ee xebat\u00ean xwe y\u00ean mirovah\u00ee didom\u00eenin, ku di v\u00ea \u00e7ar\u00e7ovey\u00ea de 526 kes ji malbat\u00ean ko\u00e7ber li stargeh\u00ean penaberan li \"girk\u00ea Leg\u00ea\" hatin armanc kirin \u00fb s\u00eat\u00ean xwarin\u00ea ji wan re hatin belavkirin. Ev pi\u015ftgir\u00ee bi dilsoz\u00ee ji h\u00eala gel\u00ea Ba\u015f\u00fbr\u00ea Kurdistan\u00ea ve,\u2026","rel":"","context":"\u0641\u064a &quot;Al\u00eekar\u00ee&quot;","block_context":{"text":"Al\u00eekar\u00ee","link":"https:\/\/hskurd.org\/?cat=2169&lang=ku"},"img":{"alt_text":"","src":"https:\/\/i0.wp.com\/img.youtube.com\/vi\/\/0.jpg?resize=350%2C200","width":350,"height":200},"classes":[]},{"id":12743,"url":"https:\/\/hskurd.org\/?p=12743&lang=ku","url_meta":{"origin":12773,"position":5},"title":"Gavek pi\u00e7\u00fbk\u2026 l\u00ea bi wateyeke mezin \u00fb germiya mirovah\u00ee.","author":"user55","date":"23 \u0623\u0628\u0631\u064a\u0644\u060c 2026","format":false,"excerpt":"https:\/\/youtube.com\/shorts\/puMguPnzgQU?si=EyQdMEvu98Uj0fs3 Di nav zor \u00fb tengasiya rojane de\u2026 T\u00eem\u00ean Heyva Sor a Kurd li girk\u00ea Leg\u00ea \u015f\u00eer \u00fb pampers\u00ean zarokan belav kirin li stargeh\u00ean penaberan\u060c bi pi\u015ftgir\u00eeya Heyva Sor a Kurdistan\u00ea.","rel":"","context":"\u0641\u064a &quot;Al\u00eekar\u00ee&quot;","block_context":{"text":"Al\u00eekar\u00ee","link":"https:\/\/hskurd.org\/?cat=2169&lang=ku"},"img":{"alt_text":"","src":"https:\/\/i0.wp.com\/img.youtube.com\/vi\/\/0.jpg?resize=350%2C200","width":350,"height":200},"classes":[]}],"jetpack_sharing_enabled":true,"_links":{"self":[{"href":"https:\/\/hskurd.org\/index.php?rest_route=\/wp\/v2\/posts\/12773","targetHints":{"allow":["GET"]}}],"collection":[{"href":"https:\/\/hskurd.org\/index.php?rest_route=\/wp\/v2\/posts"}],"about":[{"href":"https:\/\/hskurd.org\/index.php?rest_route=\/wp\/v2\/types\/post"}],"author":[{"embeddable":true,"href":"https:\/\/hskurd.org\/index.php?rest_route=\/wp\/v2\/users\/8"}],"replies":[{"embeddable":true,"href":"https:\/\/hskurd.org\/index.php?rest_route=%2Fwp%2Fv2%2Fcomments&post=12773"}],"version-history":[{"count":2,"href":"https:\/\/hskurd.org\/index.php?rest_route=\/wp\/v2\/posts\/12773\/revisions"}],"predecessor-version":[{"id":12775,"href":"https:\/\/hskurd.org\/index.php?rest_route=\/wp\/v2\/posts\/12773\/revisions\/12775"}],"wp:featuredmedia":[{"embeddable":true,"href":"https:\/\/hskurd.org\/index.php?rest_route=\/wp\/v2\/media\/12766"}],"wp:attachment":[{"href":"https:\/\/hskurd.org\/index.php?rest_route=%2Fwp%2Fv2%2Fmedia&parent=12773"}],"wp:term":[{"taxonomy":"category","embeddable":true,"href":"https:\/\/hskurd.org\/index.php?rest_route=%2Fwp%2Fv2%2Fcategories&post=12773"},{"taxonomy":"post_tag","embeddable":true,"href":"https:\/\/hskurd.org\/index.php?rest_route=%2Fwp%2Fv2%2Ftags&post=12773"}],"curies":[{"name":"wp","href":"https:\/\/api.w.org\/{rel}","templated":true}]}}