{"id":12753,"date":"2026-04-27T10:33:05","date_gmt":"2026-04-27T07:33:05","guid":{"rendered":"https:\/\/hskurd.org\/?p=12753"},"modified":"2026-04-27T10:33:05","modified_gmt":"2026-04-27T07:33:05","slug":"pesvebirina-paqijiye-li-stargehan-heyva-sor-a-kurd-pistgiriya-xwe-ji-bo-kesen-kocber-berdewam-dike","status":"publish","type":"post","link":"https:\/\/hskurd.org\/?p=12753&lang=ku","title":{"rendered":"P\u00ea\u015fvebirina paqijiy\u00ea li stargehan: Heyva Sor a Kurd pi\u015ftgiriya xwe ji bo kes\u00ean ko\u00e7ber berdewam dike."},"content":{"rendered":"<div class='avia-iframe-wrap'><iframe loading=\"lazy\" title=\"#\u062a\u0648\u0632\u064a\u0639_\u0645\u0639\u062f\u0627\u062a_\u062a\u0639\u0632\u064a\u0632_\u0627\u0644\u0646\u0638\u0627\u0641\u0629\" width=\"563\" height=\"1000\" src=\"https:\/\/www.youtube.com\/embed\/GkDMgDWlYKA?feature=oembed\" frameborder=\"0\" allow=\"accelerometer; autoplay; clipboard-write; encrypted-media; gyroscope; picture-in-picture; web-share\" referrerpolicy=\"strict-origin-when-cross-origin\" allowfullscreen><\/iframe><\/div>\n<p>Bi armanca avakirina haw\u00eerdor\u00eak tendurist \u00fb ewle di nav stargeh\u00ean demk\u00ee de, t\u00eema WASH ya Heyva Sor a Kurd bi hevkariya Mecl\u00eesa Ko\u00e7ber\u00ean Efr\u00een\u00ea, 8 stargeh\u00ean bi am\u00fbr \u00fb malzemey\u00ean paqijiy\u00ea \u00fb \u00e7op\u00ea p\u00ea\u015fk\u00ea\u015f kir.<\/p>\n","protected":false},"excerpt":{"rendered":"<p>Bi armanca avakirina haw\u00eerdor\u00eak tendurist \u00fb ewle di nav stargeh\u00ean demk\u00ee de, t\u00eema WASH ya Heyva Sor a Kurd bi hevkariya Mecl\u00eesa Ko\u00e7ber\u00ean Efr\u00een\u00ea, 8 stargeh\u00ean bi am\u00fbr \u00fb malzemey\u00ean paqijiy\u00ea \u00fb \u00e7op\u00ea p\u00ea\u015fk\u00ea\u015f kir.<\/p>\n","protected":false},"author":8,"featured_media":0,"comment_status":"closed","ping_status":"closed","sticky":false,"template":"","format":"standard","meta":{"give_campaign_id":0,"ngg_post_thumbnail":0,"jetpack_post_was_ever_published":false,"_jetpack_newsletter_access":"","_jetpack_dont_email_post_to_subs":false,"_jetpack_newsletter_tier_id":0,"_jetpack_memberships_contains_paywalled_content":false,"_jetpack_memberships_contains_paid_content":false,"footnotes":"","jetpack_publicize_message":"","jetpack_publicize_feature_enabled":true,"jetpack_social_post_already_shared":true,"jetpack_social_options":{"image_generator_settings":{"template":"highway","default_image_id":0,"font":"","enabled":false},"version":2},"_links_to":"","_links_to_target":""},"categories":[2169,855],"tags":[2923],"class_list":["post-12753","post","type-post","status-publish","format-standard","hentry","category-alikari","category-bese-wash","tag-heyvasorakurd-wash-tenduristiyagisti-paqiji-kocberennavxweyi-kampakocberan-reveberiyazibile-jingehatendurist"],"jetpack_publicize_connections":[],"jetpack_featured_media_url":"","jetpack-related-posts":[{"id":10129,"url":"https:\/\/hskurd.org\/?p=10129&lang=ku","url_meta":{"origin":12753,"position":0},"title":"T\u00eem\u00ea WASH ji bo p\u00ea\u015fwaziya penaberan nirxandin\u00ean destp\u00eak\u00ea dike","author":"neruda","date":"3 \u062f\u064a\u0633\u0645\u0628\u0631\u060c 2024","format":false,"excerpt":"Ji ber gir\u00eengiya sektora av \u00fb paqijiy\u00ea di dema qeyranan de, t\u00eema Heyva Sor a Kurd a WASH ji bo penaber\u00ean #Heleb \u00fb #\u015eehbay\u00ea nirxandina yekem depstp\u00ea kirin. Di van nirxandinan de destwerdan\u00ean awarte di bersivday\u00eena mirov\u00ee di nav sektora av\u00ea \u00fb paqijiy\u00ea de hatin diyarkirin. Di nava tedb\u00eeran de\u2026","rel":"","context":"\u0641\u064a &quot;Awarte&quot;","block_context":{"text":"Awarte","link":"https:\/\/hskurd.org\/?cat=848&lang=ku"},"img":{"alt_text":"","src":"https:\/\/i0.wp.com\/hskurd.org\/wp-content\/uploads\/2024\/12\/774483ea-4078-4e5e-a3e7-dfb76797c6b6.jpg?fit=1200%2C800&ssl=1&resize=350%2C200","width":350,"height":200,"srcset":"https:\/\/i0.wp.com\/hskurd.org\/wp-content\/uploads\/2024\/12\/774483ea-4078-4e5e-a3e7-dfb76797c6b6.jpg?fit=1200%2C800&ssl=1&resize=350%2C200 1x, https:\/\/i0.wp.com\/hskurd.org\/wp-content\/uploads\/2024\/12\/774483ea-4078-4e5e-a3e7-dfb76797c6b6.jpg?fit=1200%2C800&ssl=1&resize=525%2C300 1.5x, https:\/\/i0.wp.com\/hskurd.org\/wp-content\/uploads\/2024\/12\/774483ea-4078-4e5e-a3e7-dfb76797c6b6.jpg?fit=1200%2C800&ssl=1&resize=700%2C400 2x, https:\/\/i0.wp.com\/hskurd.org\/wp-content\/uploads\/2024\/12\/774483ea-4078-4e5e-a3e7-dfb76797c6b6.jpg?fit=1200%2C800&ssl=1&resize=1050%2C600 3x"},"classes":[]},{"id":8062,"url":"https:\/\/hskurd.org\/?p=8062&lang=ku","url_meta":{"origin":12753,"position":1},"title":"Panorama xebata Heyva Sor a Kurd di sala 2023an de","author":"neruda","date":"22 \u064a\u0646\u0627\u064a\u0631\u060c 2024","format":false,"excerpt":"D\u0131 sala bor\u00ee de ku her\u00eam d\u0131 nav \u015fert \u00fb merc\u00ean dijwar de derbas b\u00fb, Heyva Sor a Kurd bi hem\u00fb h\u00eaz \u00fb \u00eemkan\u00ean xwe ve bi dilsoz\u00ee xizmet\u00ean xwe b\u00ea\u015fk\u00ea\u015f\u00ee civak\u00ea d\u0131k\u0131r. Heyva Sor a Kurd di sala 2023\u2019an de gelek xizmet\u00ean mirov\u00ee \u00fb tenduristiy\u00ea p\u00ea\u015fk\u00ea\u015f\u00ee (1,215,216) j\u0131 mirov\u00ean\u2026","rel":"","context":"\u0641\u064a &quot;Awarte&quot;","block_context":{"text":"Awarte","link":"https:\/\/hskurd.org\/?cat=848&lang=ku"},"img":{"alt_text":"","src":"https:\/\/i0.wp.com\/hskurd.org\/wp-content\/uploads\/2024\/01\/340906367_5853929001403135_3164753987753713282_n.jpg?fit=1200%2C800&ssl=1&resize=350%2C200","width":350,"height":200,"srcset":"https:\/\/i0.wp.com\/hskurd.org\/wp-content\/uploads\/2024\/01\/340906367_5853929001403135_3164753987753713282_n.jpg?fit=1200%2C800&ssl=1&resize=350%2C200 1x, https:\/\/i0.wp.com\/hskurd.org\/wp-content\/uploads\/2024\/01\/340906367_5853929001403135_3164753987753713282_n.jpg?fit=1200%2C800&ssl=1&resize=525%2C300 1.5x, https:\/\/i0.wp.com\/hskurd.org\/wp-content\/uploads\/2024\/01\/340906367_5853929001403135_3164753987753713282_n.jpg?fit=1200%2C800&ssl=1&resize=700%2C400 2x, https:\/\/i0.wp.com\/hskurd.org\/wp-content\/uploads\/2024\/01\/340906367_5853929001403135_3164753987753713282_n.jpg?fit=1200%2C800&ssl=1&resize=1050%2C600 3x"},"classes":[]},{"id":7195,"url":"https:\/\/hskurd.org\/?p=7195&lang=ku","url_meta":{"origin":12753,"position":2},"title":"kampanyeke paqijiy\u00ea li Bakur \u00fb Rojhilat\u00ea Suriy\u00ea","author":"Sozdar","date":"4 \u0645\u0627\u064a\u0648\u060c 2023","format":false,"excerpt":"Bi boneya roja kedkaran a c\u00eehan\u00ee \u00fb di bin duri\u015fmeya ''Bi rih\u00ea kedkar\u00ean Gulan\u00ea em \u00ea bajar\u00ean xwe paqij bih\u00ealin'' Kom\u00eeteya Jin a Heyva Sor a Kurd \u00eero S\u00ea\u015fem\u00ea kampaniya paqijkirin\u00ea li kolan\u00ean bajar\u00ean (Qami\u015flo - Hesek\u00ea - D\u00eairk - Minbic - Reqa) bi hevkariya Desteya \u015earedariyan p\u00eakan\u00ee ,armanca v\u00ea\u2026","rel":"","context":"\u0641\u064a &quot;Be\u015f\u00ea WASH&quot;","block_context":{"text":"Be\u015f\u00ea WASH","link":"https:\/\/hskurd.org\/?cat=855&lang=ku"},"img":{"alt_text":"","src":"https:\/\/i0.wp.com\/hskurd.org\/wp-content\/uploads\/2023\/05\/952A6327-scaled.jpg?fit=1200%2C800&ssl=1&resize=350%2C200","width":350,"height":200,"srcset":"https:\/\/i0.wp.com\/hskurd.org\/wp-content\/uploads\/2023\/05\/952A6327-scaled.jpg?fit=1200%2C800&ssl=1&resize=350%2C200 1x, https:\/\/i0.wp.com\/hskurd.org\/wp-content\/uploads\/2023\/05\/952A6327-scaled.jpg?fit=1200%2C800&ssl=1&resize=525%2C300 1.5x, https:\/\/i0.wp.com\/hskurd.org\/wp-content\/uploads\/2023\/05\/952A6327-scaled.jpg?fit=1200%2C800&ssl=1&resize=700%2C400 2x, https:\/\/i0.wp.com\/hskurd.org\/wp-content\/uploads\/2023\/05\/952A6327-scaled.jpg?fit=1200%2C800&ssl=1&resize=1050%2C600 3x"},"classes":[]},{"id":11157,"url":"https:\/\/hskurd.org\/?p=11157&lang=ku","url_meta":{"origin":12753,"position":3},"title":"belavkirina selik\u00ean paq\u00eejiy\u00ea \u00fb \u015f\u00eer\u00ea zarokan li ser penaberan","author":"user55","date":"21 \u0623\u0628\u0631\u064a\u0644\u060c 2025","format":false,"excerpt":"Di \u00e7ar\u00e7oveya pilansaziya awarte de ku R\u00eaxistina Heyva Sor a Kurd ji bo pi\u015ftgiriya penaber\u00ean gundewar\u00ean Heleb, Efr\u00een \u00fb \u015eehbay\u00ea ragihand \u00fb bi pi\u015ftgiriya r\u00eaxistina \" waldensian church \" selik\u00ean paqijiy\u00ea \u00fb \u015f\u00eer\u00ea zarokan ji temen\u00ea mehek\u00ea heta salek\u00ea ji bo penaber\u00ean di nava stargeh\u00ean Reqa, Tebqa, Hesek\u00ea \u00fb Qami\u015flo\u2026","rel":"","context":"\u0641\u064a &quot;Al\u00eekar\u00ee&quot;","block_context":{"text":"Al\u00eekar\u00ee","link":"https:\/\/hskurd.org\/?cat=2169&lang=ku"},"img":{"alt_text":"","src":"https:\/\/i0.wp.com\/hskurd.org\/wp-content\/uploads\/2025\/04\/8dc13633-5c51-483c-aaec-73a3542e3a1b.jpg?fit=1200%2C800&ssl=1&resize=350%2C200","width":350,"height":200,"srcset":"https:\/\/i0.wp.com\/hskurd.org\/wp-content\/uploads\/2025\/04\/8dc13633-5c51-483c-aaec-73a3542e3a1b.jpg?fit=1200%2C800&ssl=1&resize=350%2C200 1x, https:\/\/i0.wp.com\/hskurd.org\/wp-content\/uploads\/2025\/04\/8dc13633-5c51-483c-aaec-73a3542e3a1b.jpg?fit=1200%2C800&ssl=1&resize=525%2C300 1.5x, https:\/\/i0.wp.com\/hskurd.org\/wp-content\/uploads\/2025\/04\/8dc13633-5c51-483c-aaec-73a3542e3a1b.jpg?fit=1200%2C800&ssl=1&resize=700%2C400 2x, https:\/\/i0.wp.com\/hskurd.org\/wp-content\/uploads\/2025\/04\/8dc13633-5c51-483c-aaec-73a3542e3a1b.jpg?fit=1200%2C800&ssl=1&resize=1050%2C600 3x"},"classes":[]},{"id":11546,"url":"https:\/\/hskurd.org\/?p=11546&lang=ku","url_meta":{"origin":12753,"position":4},"title":"\u00c7\u00eakirina \u015febekey\u00ean kanal\u00eezasyon \u00fb av\u00ea li kampa Newroz","author":"user55","date":"20 \u0623\u063a\u0633\u0637\u0633\u060c 2025","format":false,"excerpt":"https:\/\/youtu.be\/vb6unAN026U?si=WEx5gFmxEp5svLNr B\u0131 armanca pi\u015ftgiriya penaberan, Heyva Sor a Kurd\u00ee bi hevkariya Volkshilfe, di nav projeya Improved Living and Health de, r\u00eazek ji xizmet\u00ean jiyan\u00ee \u00fb tendurist\u00ee li kampa Newroz p\u00eak an\u00ee.\" Di nava v\u00ea projey\u00ea de ser\u015fok \u00fb tes\u00ees\u00ean paqijiy\u00ea, \u00fb tor\u00ean kanal\u00eezasyon \u00fb av\u00ea hate avakirin, JI bo paqijkirin\u00ea,\u2026","rel":"","context":"\u0641\u064a &quot;Be\u015f\u00ea WASH&quot;","block_context":{"text":"Be\u015f\u00ea WASH","link":"https:\/\/hskurd.org\/?cat=855&lang=ku"},"img":{"alt_text":"","src":"https:\/\/i0.wp.com\/hskurd.org\/wp-content\/uploads\/2025\/08\/IMG_4495-scaled.jpg?fit=1200%2C930&ssl=1&resize=350%2C200","width":350,"height":200,"srcset":"https:\/\/i0.wp.com\/hskurd.org\/wp-content\/uploads\/2025\/08\/IMG_4495-scaled.jpg?fit=1200%2C930&ssl=1&resize=350%2C200 1x, https:\/\/i0.wp.com\/hskurd.org\/wp-content\/uploads\/2025\/08\/IMG_4495-scaled.jpg?fit=1200%2C930&ssl=1&resize=525%2C300 1.5x, https:\/\/i0.wp.com\/hskurd.org\/wp-content\/uploads\/2025\/08\/IMG_4495-scaled.jpg?fit=1200%2C930&ssl=1&resize=700%2C400 2x, https:\/\/i0.wp.com\/hskurd.org\/wp-content\/uploads\/2025\/08\/IMG_4495-scaled.jpg?fit=1200%2C930&ssl=1&resize=1050%2C600 3x"},"classes":[]},{"id":12773,"url":"https:\/\/hskurd.org\/?p=12773&lang=ku","url_meta":{"origin":12753,"position":5},"title":"Heyva Sor a Kurd bi pi\u015ftgiriya Heyva Sor a Kurdistan\u00ea li stargeh\u00ean Qam\u00ee\u015floy\u00ea p\u00ea\u00e7ik \u00fb \u015f\u00eer li zarok\u00ean penaber belav dike.","author":"user55","date":"27 \u0623\u0628\u0631\u064a\u0644\u060c 2026","format":false,"excerpt":"Aliyek ji belavkirina P\u00ee\u015fesaz\u00eeya Sor a Kurd\u00ee ya pamper \u00fb \u015f\u00eer ji bo zarokan li stargeh\u00ean penaberan li Qami\u015flo, bi pi\u015ftgiriya P\u00ee\u015fesaz\u00eeya Sor a Kurdistan\u00ea.","rel":"","context":"\u0641\u064a &quot;Al\u00eekar\u00ee&quot;","block_context":{"text":"Al\u00eekar\u00ee","link":"https:\/\/hskurd.org\/?cat=2169&lang=ku"},"img":{"alt_text":"","src":"https:\/\/i0.wp.com\/hskurd.org\/wp-content\/uploads\/2026\/04\/680620561_1258668073095156_2909421807132323795_n.jpg?fit=443%2C590&ssl=1&resize=350%2C200","width":350,"height":200},"classes":[]}],"jetpack_sharing_enabled":true,"_links":{"self":[{"href":"https:\/\/hskurd.org\/index.php?rest_route=\/wp\/v2\/posts\/12753","targetHints":{"allow":["GET"]}}],"collection":[{"href":"https:\/\/hskurd.org\/index.php?rest_route=\/wp\/v2\/posts"}],"about":[{"href":"https:\/\/hskurd.org\/index.php?rest_route=\/wp\/v2\/types\/post"}],"author":[{"embeddable":true,"href":"https:\/\/hskurd.org\/index.php?rest_route=\/wp\/v2\/users\/8"}],"replies":[{"embeddable":true,"href":"https:\/\/hskurd.org\/index.php?rest_route=%2Fwp%2Fv2%2Fcomments&post=12753"}],"version-history":[{"count":2,"href":"https:\/\/hskurd.org\/index.php?rest_route=\/wp\/v2\/posts\/12753\/revisions"}],"predecessor-version":[{"id":12755,"href":"https:\/\/hskurd.org\/index.php?rest_route=\/wp\/v2\/posts\/12753\/revisions\/12755"}],"wp:attachment":[{"href":"https:\/\/hskurd.org\/index.php?rest_route=%2Fwp%2Fv2%2Fmedia&parent=12753"}],"wp:term":[{"taxonomy":"category","embeddable":true,"href":"https:\/\/hskurd.org\/index.php?rest_route=%2Fwp%2Fv2%2Fcategories&post=12753"},{"taxonomy":"post_tag","embeddable":true,"href":"https:\/\/hskurd.org\/index.php?rest_route=%2Fwp%2Fv2%2Ftags&post=12753"}],"curies":[{"name":"wp","href":"https:\/\/api.w.org\/{rel}","templated":true}]}}