{"id":1263,"date":"2018-02-20T15:57:52","date_gmt":"2018-02-20T12:57:52","guid":{"rendered":"https:\/\/hskurd.org\/?p=1263"},"modified":"2018-02-20T15:57:52","modified_gmt":"2018-02-20T12:57:52","slug":"daxwyni-ji-bo-raya-gisti","status":"publish","type":"post","link":"https:\/\/hskurd.org\/?p=1263&lang=ku","title":{"rendered":"Daxwyn\u00ee ji bo raya gi\u015ft\u00ce"},"content":{"rendered":"<p style=\"text-align: left;\">Gr\u00fbpa tendurstiy\u00ea ya Heyva sor a Kurd be\u015f\u00ea Cez\u00eer\u00ea ku di d\u00eeroka 23 &#8211; 1 -2018 giha\u015fte Efr\u00een\u00ea derdora 26 rojan di kar de man \u00fb di d\u00eeroka 19-2-2018 de vegeryan \u00fb ev daxwyan\u00ee ji bo raya gi\u015ft\u00ee dan :<\/p>\n<p style=\"text-align: left;\">&#8220;Ji 20-1-2018 de Dewleta T\u0131rk \u00fb hevalbend\u00ean w\u00ea ku d\u0131 b\u0131n nav\u00ea art\u00ea\u015fa azad de kardk\u0131n, \u00ear\u00ee\u015fek mez\u0131n dan ser Her\u00eama Efr\u00een\u00ea, Heta n\u0131ha ev\u00ear\u00ee\u015f berdewame ku t\u00eade hem\u00fb curey\u00ean \u00e7ek\u00ean k\u0131ran hat\u0131ne b\u0131 kar an\u00een \u00fb \u00e7ek\u00ean qedexe k\u0131r\u00ee j\u00ee hat\u0131ne b\u0131 kar an\u00een.<br \/>\nJ\u0131 23-1 g\u0131ropa me j\u0131 Cez\u00eer\u00ea g\u0131ha\u015ft Efr\u00ee<span class=\"text_exposed_show\">n \u00fb l\u0131 k\u00ealeka heval\u00ean me y\u00ean Efr\u00een\u00ea me kar k\u0131r, \u00fb em bun \u015fah\u0131d\u00ea gelek k\u0131r\u0131yar \u00fb komkuj\u0131y\u00ean Hovane ku ne \u00e7uda bun j\u0131 k\u0131r\u0131yar\u00ean d\u0131 hat\u0131n k\u0131r\u0131n j\u0131 h\u00eala Da\u0131\u015f\u00ea de \u00fb gelek \u00e7arnan k\u0131r\u0131y\u0131an\u00ean Da\u0131\u015f\u00ea derbasd\u0131k\u0131r,<br \/>\nHer\u00eam\u00ean ku me l\u00ea kar k\u0131r \u00fb em bun \u015fah\u0131d ser van k\u0131r\u0131yaran ev\u0131n :<br \/>\nB\u0131lb\u0131l\u00ea, \u015e\u0131y\u00ea,C\u0131nd\u00ear\u0131s,\u015e\u00earawa,Vav\u00cen,Kolko,Raco \u00fb hem\u00fb her\u00eam\u00ean S\u00eenor,<br \/>\n\u00fb \u015eah\u0131d\u0131ya serp\u00eahat\u0131y\u00ean ku me d\u00eet\u0131n l\u0131 van deveran ev\u0131n :<br \/>\n-d\u0131 23-1 de \u00car\u0131\u015f hate ser nuqta me ya l\u0131 Gond\u00ea KOLKO ku ten\u00ea j\u0131 bo al\u00eekar\u0131ya tendur\u0131st\u00ce hat\u0131bu avak\u0131r\u0131n<br \/>\n-d\u0131 24-1 de l\u0131 C\u0131nd\u00ear\u0131s\u00ea c\u0131h\u00ea me hat hedefg\u0131rt\u0131n \u00fb Ambulansa me rast\u00ee \u00ear\u00ee\u015fek\u00ea hat \u00db d\u0131 encam\u00ea de Derb xwar<br \/>\n-d\u0131 5-2 Nuqta me ya Raco Rast\u00ee \u00ear\u00ee\u015feke mez\u0131n hat ku b\u00eat\u0131r j\u0131 20 rocketan hat\u0131n ser.<\/span><\/p>\n<div class=\"text_exposed_show\">\n<p style=\"text-align: left;\">D\u0131 24- 1 Bendava av\u00ea ya meydank\u00ea hat hedefg\u0131rt\u0131n<br \/>\nD\u0131 6- 2 Pumb\u00ean av\u00ea y\u00ean l\u0131 Her\u00eama met\u00eena hat\u0131n Hedefg\u0131rt\u0131n \u00fb derbe xwar\u0131n, ev j\u00ce met\u0131rs\u0131yek mez\u0131n bu ku av j\u0131 ser sedhezaran kes were qutk\u0131r\u0131n,<\/p>\n<p style=\"text-align: left;\">D\u0131 2-2 de l\u0131 Her\u00eama raco 5 kes g\u0131ha\u015ft\u0131n nuqta me ku l\u0131 ser wan d\u0131hate xweyak\u0131r\u0131n ku b\u0131 Madek K\u00eemaw\u0131 hat\u0131ne hedef g\u0131rt\u0131n<br \/>\nD\u0131 16 -2 de \u015fe\u015f kes ku l\u0131 ser wan d\u0131hat xwya k\u0131r\u0131n ku hat\u0131ne hedefg\u0131rt\u0131n b\u0131 Madeyek K\u0131maw\u00ce \u00fb ev yek hate tesb\u00eetk\u0131r\u0131n d\u0131 encama l\u00eakol\u00eenan de ,ku xaza Chlor\u00een ya qedexe hat\u0131ye b\u0131 kar an\u00cen&#8230;&#8230;<\/p>\n<p style=\"text-align: left;\">Ev K\u0131ryar \u00fb b\u0131 dehan Komkuj\u0131y\u00ean l\u0131 d\u0131j\u00ee s\u0131v\u00eel\u00ean Efr\u00een\u00ea \u00fb Penaber\u00ean ku hat\u0131b\u00fbn Efr\u00een\u00ea Rojana d\u0131hat\u0131n k\u0131r\u0131n \u00fb rojane Maf\u00ea m\u0131rovan d\u0131 hat b\u0131np\u00eak\u0131r\u0131n ,<\/p>\n<p style=\"text-align: left;\">ku heta 18-2-2018<br \/>\nHejmara \u015eeh\u00eeds\u00ean s\u0131v\u00cel g\u0131ha\u015ft 88 kesan d\u0131 nav wan de 22 zarok \u00fb 17 j\u0131n<br \/>\n\u00db hejmara b\u0131r\u00eendar\u00ean s\u0131v\u00cel g\u0131ha\u015ft 290 b\u0131r\u00eendar\u00ee ku d\u0131 nav wan de 39 zarok \u00fb 44 j\u0131n<\/p>\n<p style=\"text-align: left;\">Ev komkuj\u00ce hem\u00fb hat\u0131ne g\u0131rt\u0131n d\u0131 dokument\u00ean me de \u00fb em b\u0131 h\u00eav\u00eene ku Saz\u0131y\u00ean S\u0131v\u00eel \u00fb saz\u0131y\u00ean ne H\u0131kum\u00ee \u00fb saz\u0131y\u00ean M\u0131rov\u00ee hem\u00fb tevl\u00ee kampan\u0131ya me b\u0131b\u0131n \u00fb em deng\u00ea xwe b\u0131g\u00een\u0131n al\u0131y\u00ean t\u00eak\u0131ldar ku ev \u00ear\u00ee\u015f were sek\u0131nand\u0131n \u00fb kes \u00fb al\u0131y\u00ean Socdar wer\u0131n Cezak\u0131r\u0131n.<\/p>\n<p style=\"text-align: left;\">Heyva Sor a Kurd<br \/>\nQam\u0131\u015flo<br \/>\n20-2-2018<\/p>\n<\/div>\n","protected":false},"excerpt":{"rendered":"<p>Gr\u00fbpa tendurstiy\u00ea ya Heyva sor a Kurd be\u015f\u00ea Cez\u00eer\u00ea ku di d\u00eeroka 23 &#8211; 1 -2018 giha\u015fte Efr\u00een\u00ea derdora 26 rojan di kar de man \u00fb di d\u00eeroka 19-2-2018 de vegeryan \u00fb ev daxwyan\u00ee ji bo raya gi\u015ft\u00ee dan : &#8220;Ji 20-1-2018 de Dewleta T\u0131rk \u00fb hevalbend\u00ean w\u00ea ku d\u0131 b\u0131n nav\u00ea art\u00ea\u015fa azad de [&hellip;]<\/p>\n","protected":false},"author":2,"featured_media":1265,"comment_status":"open","ping_status":"open","sticky":false,"template":"","format":"standard","meta":{"give_campaign_id":0,"ngg_post_thumbnail":0,"jetpack_post_was_ever_published":false,"_jetpack_newsletter_access":"","_jetpack_dont_email_post_to_subs":false,"_jetpack_newsletter_tier_id":0,"_jetpack_memberships_contains_paywalled_content":false,"_jetpack_memberships_contains_paid_content":false,"footnotes":"","jetpack_publicize_message":"","jetpack_publicize_feature_enabled":true,"jetpack_social_post_already_shared":true,"jetpack_social_options":{"image_generator_settings":{"template":"highway","default_image_id":0,"font":"","enabled":false},"version":2},"_links_to":"","_links_to_target":""},"categories":[206],"tags":[460],"class_list":["post-1263","post","type-post","status-publish","format-standard","has-post-thumbnail","hentry","category-rapor","tag-daxwyani_ji_bo_raya_gisti"],"jetpack_publicize_connections":[],"jetpack_featured_media_url":"https:\/\/i0.wp.com\/hskurd.org\/wp-content\/uploads\/2018\/02\/000_2982.jpg?fit=4928%2C3264&ssl=1","jetpack-related-posts":[{"id":1047,"url":"https:\/\/hskurd.org\/?p=1047&lang=ku","url_meta":{"origin":1263,"position":0},"title":"Di kampaniya em Ba\u015f\u00fbr \u00fb Rojhilat bi ten\u00ea nah\u00ealin Gel\u00ea Rojava 129200$ p\u00ea\u015fk\u00ea\u015fkir","author":"heyvasorakurd","date":"25 \u062f\u064a\u0633\u0645\u0628\u0631\u060c 2017","format":false,"excerpt":"Di 12 heyva 11 an 2017 de, erdhej\u00eeneke mezin li rojhilat \u00fb ba\u015f\u00fbr\u00ea kurdistan\u00ea r\u00fb da \u00fb b\u00fb sedem ku bi sedan welat\u00ee ji van her\u00eaman jiyana xwe ji dest bidin \u00fb gelek avah\u00ee bi awayeke gi\u015ft\u00ee\u00a0 yan n\u00eav\u00e7\u00ee tevl\u00ee bingeh\u00ean jiyan\u00ee \u00fb c\u0131h\u00ean x\u0131zmetguzar\u0131y\u00ea\u00a0 di her\u00eam\u00ea de wer\u0131n hilwe\u015fandin\u2026","rel":"","context":"\u0641\u064a &quot;b\u00ea kategoriyan&quot;","block_context":{"text":"b\u00ea kategoriyan","link":"https:\/\/hskurd.org\/?cat=85&lang=ku"},"img":{"alt_text":"","src":"https:\/\/i0.wp.com\/hskurd.org\/wp-content\/uploads\/2017\/12\/IMG-20171222-WA0003-1.jpg?fit=960%2C540&ssl=1&resize=350%2C200","width":350,"height":200,"srcset":"https:\/\/i0.wp.com\/hskurd.org\/wp-content\/uploads\/2017\/12\/IMG-20171222-WA0003-1.jpg?fit=960%2C540&ssl=1&resize=350%2C200 1x, https:\/\/i0.wp.com\/hskurd.org\/wp-content\/uploads\/2017\/12\/IMG-20171222-WA0003-1.jpg?fit=960%2C540&ssl=1&resize=525%2C300 1.5x, https:\/\/i0.wp.com\/hskurd.org\/wp-content\/uploads\/2017\/12\/IMG-20171222-WA0003-1.jpg?fit=960%2C540&ssl=1&resize=700%2C400 2x"},"classes":[]},{"id":6935,"url":"https:\/\/hskurd.org\/?p=6935&lang=ku","url_meta":{"origin":1263,"position":1},"title":"Ji bo raya gi\u015ft\u00ee ya c\u00eehan\u00ee","author":"Sozdar","date":"22 \u0641\u0628\u0631\u0627\u064a\u0631\u060c 2023","format":false,"excerpt":"Erdheja ku di 6 sibats 2023an de r\u00fbda ,b\u00fb sedema karesateke mirov\u00ee \u00fb zirareke mezin ji bo xelk\u00ean her\u00eam\u00ea ku heta v\u00ea gav\u00ea di aloziyeke ji\u0131yan\u00ee de mane. Li ser v\u00ea yek\u00ea mirovahiya c\u00eehan\u00ee \u00fb ya her\u00eam\u00ea ket nava hewldana el\u00eekariyeke pir mezin a mad\u00ee \u00fb manew\u00ee ji bo xelk\u00ean\u2026","rel":"","context":"\u0641\u064a &quot;Rapor&quot;","block_context":{"text":"Rapor","link":"https:\/\/hskurd.org\/?cat=206&lang=ku"},"img":{"alt_text":"","src":"https:\/\/i0.wp.com\/hskurd.org\/wp-content\/uploads\/2023\/02\/%D8%A8%D8%AF%D9%88%D9%86-%D8%A7%D8%B3%D9%85325_20230222135539.png?fit=1200%2C1200&ssl=1&resize=350%2C200","width":350,"height":200,"srcset":"https:\/\/i0.wp.com\/hskurd.org\/wp-content\/uploads\/2023\/02\/%D8%A8%D8%AF%D9%88%D9%86-%D8%A7%D8%B3%D9%85325_20230222135539.png?fit=1200%2C1200&ssl=1&resize=350%2C200 1x, https:\/\/i0.wp.com\/hskurd.org\/wp-content\/uploads\/2023\/02\/%D8%A8%D8%AF%D9%88%D9%86-%D8%A7%D8%B3%D9%85325_20230222135539.png?fit=1200%2C1200&ssl=1&resize=525%2C300 1.5x, https:\/\/i0.wp.com\/hskurd.org\/wp-content\/uploads\/2023\/02\/%D8%A8%D8%AF%D9%88%D9%86-%D8%A7%D8%B3%D9%85325_20230222135539.png?fit=1200%2C1200&ssl=1&resize=700%2C400 2x, https:\/\/i0.wp.com\/hskurd.org\/wp-content\/uploads\/2023\/02\/%D8%A8%D8%AF%D9%88%D9%86-%D8%A7%D8%B3%D9%85325_20230222135539.png?fit=1200%2C1200&ssl=1&resize=1050%2C600 3x"},"classes":[]},{"id":8062,"url":"https:\/\/hskurd.org\/?p=8062&lang=ku","url_meta":{"origin":1263,"position":2},"title":"Panorama xebata Heyva Sor a Kurd di sala 2023an de","author":"neruda","date":"22 \u064a\u0646\u0627\u064a\u0631\u060c 2024","format":false,"excerpt":"D\u0131 sala bor\u00ee de ku her\u00eam d\u0131 nav \u015fert \u00fb merc\u00ean dijwar de derbas b\u00fb, Heyva Sor a Kurd bi hem\u00fb h\u00eaz \u00fb \u00eemkan\u00ean xwe ve bi dilsoz\u00ee xizmet\u00ean xwe b\u00ea\u015fk\u00ea\u015f\u00ee civak\u00ea d\u0131k\u0131r. Heyva Sor a Kurd di sala 2023\u2019an de gelek xizmet\u00ean mirov\u00ee \u00fb tenduristiy\u00ea p\u00ea\u015fk\u00ea\u015f\u00ee (1,215,216) j\u0131 mirov\u00ean\u2026","rel":"","context":"\u0641\u064a &quot;Awarte&quot;","block_context":{"text":"Awarte","link":"https:\/\/hskurd.org\/?cat=848&lang=ku"},"img":{"alt_text":"","src":"https:\/\/i0.wp.com\/hskurd.org\/wp-content\/uploads\/2024\/01\/340906367_5853929001403135_3164753987753713282_n.jpg?fit=1200%2C800&ssl=1&resize=350%2C200","width":350,"height":200,"srcset":"https:\/\/i0.wp.com\/hskurd.org\/wp-content\/uploads\/2024\/01\/340906367_5853929001403135_3164753987753713282_n.jpg?fit=1200%2C800&ssl=1&resize=350%2C200 1x, https:\/\/i0.wp.com\/hskurd.org\/wp-content\/uploads\/2024\/01\/340906367_5853929001403135_3164753987753713282_n.jpg?fit=1200%2C800&ssl=1&resize=525%2C300 1.5x, https:\/\/i0.wp.com\/hskurd.org\/wp-content\/uploads\/2024\/01\/340906367_5853929001403135_3164753987753713282_n.jpg?fit=1200%2C800&ssl=1&resize=700%2C400 2x, https:\/\/i0.wp.com\/hskurd.org\/wp-content\/uploads\/2024\/01\/340906367_5853929001403135_3164753987753713282_n.jpg?fit=1200%2C800&ssl=1&resize=1050%2C600 3x"},"classes":[]},{"id":5885,"url":"https:\/\/hskurd.org\/?p=5885&lang=ku","url_meta":{"origin":1263,"position":3},"title":"\u015eeh\u00eed Basim Muhemed &#8221; \u015eeh\u00eed\u00ea Mirovatiy\u00ea &#8220;","author":"Sozdar","date":"30 \u064a\u0646\u0627\u064a\u0631\u060c 2022","format":false,"excerpt":"Bi xemg\u00eeniyeke mezin me n\u00fb\u00e7eya \u015feh\u00eedb\u00fbna heval\u00ea xwe Basem Mihemed wergirt, ku di encama gulebaranek\u00ea de dema ku w\u00ee li navenda sereke ya Heyva Sor a Kurd li Kampa Hol\u00ea erk\u00ea xwe ye mirov\u00ee p\u00eak di an\u00ee. Tev\u00ee hem\u00fb hewldan\u00ean ku heval\u00ean me dan ta Basim jiyana xwe ji dest\u2026","rel":"","context":"\u0641\u064a &quot;Awarte&quot;","block_context":{"text":"Awarte","link":"https:\/\/hskurd.org\/?cat=848&lang=ku"},"img":{"alt_text":"","src":"https:\/\/i0.wp.com\/hskurd.org\/wp-content\/uploads\/2022\/01\/g.jpg?fit=800%2C1200&ssl=1&resize=350%2C200","width":350,"height":200,"srcset":"https:\/\/i0.wp.com\/hskurd.org\/wp-content\/uploads\/2022\/01\/g.jpg?fit=800%2C1200&ssl=1&resize=350%2C200 1x, https:\/\/i0.wp.com\/hskurd.org\/wp-content\/uploads\/2022\/01\/g.jpg?fit=800%2C1200&ssl=1&resize=525%2C300 1.5x, https:\/\/i0.wp.com\/hskurd.org\/wp-content\/uploads\/2022\/01\/g.jpg?fit=800%2C1200&ssl=1&resize=700%2C400 2x"},"classes":[]},{"id":7096,"url":"https:\/\/hskurd.org\/?p=7096&lang=ku","url_meta":{"origin":1263,"position":4},"title":"&#8220;Bersiva h\u00eaviy\u00ea di day\u00eena we de ye&#8221;","author":"heyvasorakurd","date":"23 \u0645\u0627\u0631\u0633\u060c 2023","format":false,"excerpt":"Bersiva h\u00eaviy\u00ea di day\u00eena we de ye\" Fitre \u00fb zekata xwe bidin ji bo kes\u00ean p\u00eadiviya wan bi al\u00eekariy\u00ea heye Ji Bo Gel\u00ean Me \u00fb Hem\u00fb P\u00eakhatye Musilman li Bakur \u00fb Rojhilat\u00ea Sur\u00ee Erk\u00ea hem\u00fb bawermenda ye bi hatina rojiya remezan\u00ea ya p\u00eeroz re , hem\u00fb kes\u00ean ku p\u00eaw\u00eestiya wan\u2026","rel":"","context":"\u0641\u064a &quot;b\u00ea kategoriyan&quot;","block_context":{"text":"b\u00ea kategoriyan","link":"https:\/\/hskurd.org\/?cat=85&lang=ku"},"img":{"alt_text":"","src":"https:\/\/i0.wp.com\/hskurd.org\/wp-content\/uploads\/2023\/03\/%D9%81%D9%8A%D9%84%D9%83%D8%B3-%D8%B2%D9%83%D8%A7%D8%A9-%D8%A7%D9%84%D9%81%D8%B7%D8%B1-3-scaled.jpg?fit=1200%2C800&ssl=1&resize=350%2C200","width":350,"height":200,"srcset":"https:\/\/i0.wp.com\/hskurd.org\/wp-content\/uploads\/2023\/03\/%D9%81%D9%8A%D9%84%D9%83%D8%B3-%D8%B2%D9%83%D8%A7%D8%A9-%D8%A7%D9%84%D9%81%D8%B7%D8%B1-3-scaled.jpg?fit=1200%2C800&ssl=1&resize=350%2C200 1x, https:\/\/i0.wp.com\/hskurd.org\/wp-content\/uploads\/2023\/03\/%D9%81%D9%8A%D9%84%D9%83%D8%B3-%D8%B2%D9%83%D8%A7%D8%A9-%D8%A7%D9%84%D9%81%D8%B7%D8%B1-3-scaled.jpg?fit=1200%2C800&ssl=1&resize=525%2C300 1.5x, https:\/\/i0.wp.com\/hskurd.org\/wp-content\/uploads\/2023\/03\/%D9%81%D9%8A%D9%84%D9%83%D8%B3-%D8%B2%D9%83%D8%A7%D8%A9-%D8%A7%D9%84%D9%81%D8%B7%D8%B1-3-scaled.jpg?fit=1200%2C800&ssl=1&resize=700%2C400 2x, https:\/\/i0.wp.com\/hskurd.org\/wp-content\/uploads\/2023\/03\/%D9%81%D9%8A%D9%84%D9%83%D8%B3-%D8%B2%D9%83%D8%A7%D8%A9-%D8%A7%D9%84%D9%81%D8%B7%D8%B1-3-scaled.jpg?fit=1200%2C800&ssl=1&resize=1050%2C600 3x"},"classes":[]},{"id":12043,"url":"https:\/\/hskurd.org\/?p=12043&lang=ku","url_meta":{"origin":1263,"position":5},"title":"Ji bo rayedar\u00ean peywend\u00eedar \u00fb raya gi\u015ft\u00ee:","author":"user55","date":"3 \u0645\u0627\u0631\u0633\u060c 2026","format":false,"excerpt":"Ji bo rayedar\u00ean peywend\u00eedar \u00fb raya gi\u015ft\u00ee: Em bi xemg\u00een\u00ee \u00fb xemg\u00eeniyeke k\u00fbr ji we re diniv\u00eesin \u00fb radigih\u00eenin ku ji saet 2:00 PM ya 18\u00ea \u00c7ileya 2026an vir ve, me t\u00eakiliya xwe bi hevkar\u00ea xwe Taher Rakan Taher, ku bi nav\u00ea \"Enas Amsha\" j\u00ee t\u00ea nas\u00een, qut kiriye. Hevkar\u00ea\u2026","rel":"","context":"\u0641\u064a &quot;News&quot;","block_context":{"text":"News","link":"https:\/\/hskurd.org\/?cat=2171&lang=ku"},"img":{"alt_text":"","src":"https:\/\/i0.wp.com\/hskurd.org\/wp-content\/uploads\/2026\/03\/624721901_1187267790235185_808748452703421968_n.jpg?fit=526%2C705&ssl=1&resize=350%2C200","width":350,"height":200,"srcset":"https:\/\/i0.wp.com\/hskurd.org\/wp-content\/uploads\/2026\/03\/624721901_1187267790235185_808748452703421968_n.jpg?fit=526%2C705&ssl=1&resize=350%2C200 1x, https:\/\/i0.wp.com\/hskurd.org\/wp-content\/uploads\/2026\/03\/624721901_1187267790235185_808748452703421968_n.jpg?fit=526%2C705&ssl=1&resize=525%2C300 1.5x"},"classes":[]}],"jetpack_sharing_enabled":true,"_links":{"self":[{"href":"https:\/\/hskurd.org\/index.php?rest_route=\/wp\/v2\/posts\/1263","targetHints":{"allow":["GET"]}}],"collection":[{"href":"https:\/\/hskurd.org\/index.php?rest_route=\/wp\/v2\/posts"}],"about":[{"href":"https:\/\/hskurd.org\/index.php?rest_route=\/wp\/v2\/types\/post"}],"author":[{"embeddable":true,"href":"https:\/\/hskurd.org\/index.php?rest_route=\/wp\/v2\/users\/2"}],"replies":[{"embeddable":true,"href":"https:\/\/hskurd.org\/index.php?rest_route=%2Fwp%2Fv2%2Fcomments&post=1263"}],"version-history":[{"count":1,"href":"https:\/\/hskurd.org\/index.php?rest_route=\/wp\/v2\/posts\/1263\/revisions"}],"predecessor-version":[{"id":1266,"href":"https:\/\/hskurd.org\/index.php?rest_route=\/wp\/v2\/posts\/1263\/revisions\/1266"}],"wp:featuredmedia":[{"embeddable":true,"href":"https:\/\/hskurd.org\/index.php?rest_route=\/wp\/v2\/media\/1265"}],"wp:attachment":[{"href":"https:\/\/hskurd.org\/index.php?rest_route=%2Fwp%2Fv2%2Fmedia&parent=1263"}],"wp:term":[{"taxonomy":"category","embeddable":true,"href":"https:\/\/hskurd.org\/index.php?rest_route=%2Fwp%2Fv2%2Fcategories&post=1263"},{"taxonomy":"post_tag","embeddable":true,"href":"https:\/\/hskurd.org\/index.php?rest_route=%2Fwp%2Fv2%2Ftags&post=1263"}],"curies":[{"name":"wp","href":"https:\/\/api.w.org\/{rel}","templated":true}]}}