{"id":12280,"date":"2026-03-12T13:32:03","date_gmt":"2026-03-12T10:32:03","guid":{"rendered":"https:\/\/hskurd.org\/?p=12280"},"modified":"2026-03-12T13:32:03","modified_gmt":"2026-03-12T10:32:03","slug":"calakiyeke-kefe-ji-bo-zarokan-li-yetimxaneya-bajare-kobaniye","status":"publish","type":"post","link":"https:\/\/hskurd.org\/?p=12280&lang=ku","title":{"rendered":"\u00c7alakiyeke k\u00eaf\u00ea ji bo zarokan li yetimxaneya bajar\u00ea Kobaniy\u00ea"},"content":{"rendered":"<div class='avia-iframe-wrap'><iframe loading=\"lazy\" title=\"#\u062d\u0641\u0644\u0629_\u062f\u0639\u0645_\u0646\u0641\u0633\u064a\" width=\"563\" height=\"1000\" src=\"https:\/\/www.youtube.com\/embed\/Kj4ZRGteJZY?feature=oembed\" frameborder=\"0\" allow=\"accelerometer; autoplay; clipboard-write; encrypted-media; gyroscope; picture-in-picture; web-share\" referrerpolicy=\"strict-origin-when-cross-origin\" allowfullscreen><\/iframe><\/div>\n<div class=\"x14z9mp xat24cr x1lziwak x1vvkbs xtlvy1s x126k92a\">\n<div dir=\"auto\">Bi helwesteke mirov\u00ee ya dilgerm\u2026 \u00a0T\u00eema Heyva Sor a Kurd ji bo zarokan li Y\u00eat\u00eemxaneya Keskese Sora Alan li Kobaniy\u00ea \u00e7alakiyek \u015fahiy\u00ea li dar xist. Zarokan k\u00eafxwe\u015f\u00ee girtin \u00fb \u00e7alak\u00ee bi belavkirina diyariyan bi daw\u00ee b\u00fb.<\/div>\n<\/div>\n<div class=\"x14z9mp xat24cr x1lziwak x1vvkbs xtlvy1s x126k92a\">\n<div dir=\"auto\">Ev \u00een\u00eesiyat\u00eef be\u015fek ji hewldan\u00ean Heyva Sor a Kurd e ji bo dab\u00eenkirina pi\u015ftgiriya ps\u00eekoloj\u00eek ji zarokan re.<\/div>\n<\/div>\n","protected":false},"excerpt":{"rendered":"<p>Bi helwesteke mirov\u00ee ya dilgerm\u2026 \u00a0T\u00eema Heyva Sor a Kurd ji bo zarokan li Y\u00eat\u00eemxaneya Keskese Sora Alan li Kobaniy\u00ea \u00e7alakiyek \u015fahiy\u00ea li dar xist. Zarokan k\u00eafxwe\u015f\u00ee girtin \u00fb \u00e7alak\u00ee bi belavkirina diyariyan bi daw\u00ee b\u00fb. Ev \u00een\u00eesiyat\u00eef be\u015fek ji hewldan\u00ean Heyva Sor a Kurd e ji bo dab\u00eenkirina pi\u015ftgiriya ps\u00eekoloj\u00eek ji zarokan re.<\/p>\n","protected":false},"author":8,"featured_media":0,"comment_status":"closed","ping_status":"closed","sticky":false,"template":"","format":"standard","meta":{"give_campaign_id":0,"ngg_post_thumbnail":0,"jetpack_post_was_ever_published":false,"_jetpack_newsletter_access":"","_jetpack_dont_email_post_to_subs":false,"_jetpack_newsletter_tier_id":0,"_jetpack_memberships_contains_paywalled_content":false,"_jetpack_memberships_contains_paid_content":false,"footnotes":"","jetpack_publicize_message":"","jetpack_publicize_feature_enabled":true,"jetpack_social_post_already_shared":true,"jetpack_social_options":{"image_generator_settings":{"template":"highway","default_image_id":0,"font":"","enabled":false},"version":2},"_links_to":"","_links_to_target":""},"categories":[85],"tags":[2636],"class_list":["post-12280","post","type-post","status-publish","format-standard","hentry","category-be-kategoriyan","tag-kobane-heyvasorakurd-zarokenkobane-pistgiriyazarokan"],"jetpack_publicize_connections":[],"jetpack_featured_media_url":"","jetpack-related-posts":[{"id":12320,"url":"https:\/\/hskurd.org\/?p=12320&lang=ku","url_meta":{"origin":12280,"position":0},"title":"Belavkirina \u015f\u00eer \u00fb p\u00ea\u00e7ik\u00ean zarokan li gundewar\u00ea Kobaniy\u00ea bi pi\u015ftgiriya mirov\u00ee berdewam dike.","author":"user55","date":"25 \u0645\u0627\u0631\u0633\u060c 2026","format":false,"excerpt":"Bi pi\u015ftgiriya Heyva Sor a Kurdistan\u00ea, t\u00eem\u00ean Heyva Sor a Kurd li gund\u00ean derdora Koban\u00ea \u015f\u00eer \u00fb \"bambers\" ji bo zarokan belav kirin. Ev belavkirin li van gundan hat kirin: \u2022 Darbazin Horan \u2022 Darbazin \u2022 Tif\u015fo \u2022 Bir Qadir \u2022 Cort \u2022 El\u00eew\u00ee \u2022 Graz\u00ea","rel":"","context":"\u0641\u064a &quot;Al\u00eekar\u00ee&quot;","block_context":{"text":"Al\u00eekar\u00ee","link":"https:\/\/hskurd.org\/?cat=2169&lang=ku"},"img":{"alt_text":"","src":"https:\/\/i0.wp.com\/hskurd.org\/wp-content\/uploads\/2026\/03\/659695775_1233519928943304_2496562775053772547_n.jpg?fit=900%2C1200&ssl=1&resize=350%2C200","width":350,"height":200,"srcset":"https:\/\/i0.wp.com\/hskurd.org\/wp-content\/uploads\/2026\/03\/659695775_1233519928943304_2496562775053772547_n.jpg?fit=900%2C1200&ssl=1&resize=350%2C200 1x, https:\/\/i0.wp.com\/hskurd.org\/wp-content\/uploads\/2026\/03\/659695775_1233519928943304_2496562775053772547_n.jpg?fit=900%2C1200&ssl=1&resize=525%2C300 1.5x, https:\/\/i0.wp.com\/hskurd.org\/wp-content\/uploads\/2026\/03\/659695775_1233519928943304_2496562775053772547_n.jpg?fit=900%2C1200&ssl=1&resize=700%2C400 2x"},"classes":[]},{"id":8795,"url":"https:\/\/hskurd.org\/?p=8795&lang=ku","url_meta":{"origin":12280,"position":1},"title":"Heyva Sor a Kurd li kampa Berxwedan navendeke perwerde \u00fb \u015fahiy\u00ea ji zarokan re vekir","author":"neruda","date":"16 \u0623\u0643\u062a\u0648\u0628\u0631\u060c 2024","format":false,"excerpt":"https:\/\/youtu.be\/ktJqOMwy3kU Di sala 2024'an de , di be\u015fa z\u00fb naskirin pence\u015f\u00eara p\u00eas\u00eer\u00ea de li Nexwe\u015fxaneya Onkoloj\u00ee, \u015fewat \u00fb Talas\u00eemiyay\u00ea ya gir\u00eaday\u00ee Heyva Sor a Kurd a bajar\u00ea Qami\u015flo 1283 muayene, ji wan 680 muayeney\u00ean \u00cekograf\u00ee \u00fb 846 muayeney\u00ean mamograf\u00ee ji bo jinan hatine \u00e7\u00eakirin, di nav de 24 rew\u015f\u00ean er\u00ean\u00ee\u2026","rel":"","context":"\u0641\u064a &quot;b\u00ea kategoriyan&quot;","block_context":{"text":"b\u00ea kategoriyan","link":"https:\/\/hskurd.org\/?cat=85&lang=ku"},"img":{"alt_text":"","src":"https:\/\/i0.wp.com\/hskurd.org\/wp-content\/uploads\/2024\/10\/%D8%B4%D9%87%D8%A8%D8%A7%D8%A7%D8%A7.png?fit=1200%2C687&ssl=1&resize=350%2C200","width":350,"height":200,"srcset":"https:\/\/i0.wp.com\/hskurd.org\/wp-content\/uploads\/2024\/10\/%D8%B4%D9%87%D8%A8%D8%A7%D8%A7%D8%A7.png?fit=1200%2C687&ssl=1&resize=350%2C200 1x, https:\/\/i0.wp.com\/hskurd.org\/wp-content\/uploads\/2024\/10\/%D8%B4%D9%87%D8%A8%D8%A7%D8%A7%D8%A7.png?fit=1200%2C687&ssl=1&resize=525%2C300 1.5x, https:\/\/i0.wp.com\/hskurd.org\/wp-content\/uploads\/2024\/10\/%D8%B4%D9%87%D8%A8%D8%A7%D8%A7%D8%A7.png?fit=1200%2C687&ssl=1&resize=700%2C400 2x, https:\/\/i0.wp.com\/hskurd.org\/wp-content\/uploads\/2024\/10\/%D8%B4%D9%87%D8%A8%D8%A7%D8%A7%D8%A7.png?fit=1200%2C687&ssl=1&resize=1050%2C600 3x"},"classes":[]},{"id":7565,"url":"https:\/\/hskurd.org\/?p=7565&lang=ku","url_meta":{"origin":12280,"position":2},"title":"Heyva Sor a Kurd bar\u00ea p\u00eadiviy\u00ean zarokan \u00ean li kamp\u00ean \u015eehbay\u00ea radike","author":"heyvasorakurd","date":"3 \u0633\u0628\u062a\u0645\u0628\u0631\u060c 2023","format":false,"excerpt":"Ji ber buhab\u00fbna nirx\u00ea kel\u00fbpel \u00fb p\u00eadiviy\u00ean jiyan\u00ea, bi taybet\u00ee p\u00eadiviy\u00ean zarokan \u00fb bar\u00ean z\u00eade y\u00ean ku li ser ko\u00e7beran \u00e7\u00eadikin, t\u00eem\u00ean Heyva Sor a Kurd li her\u00eam\u00ean \u015eehba ji bo zarok\u00ean p\u00ea\u00e7ek\u00ea heta yek sal\u00ee de \u00ean xelk\u00ea ku li kamp\u00ean \u015eehba dij\u00een (kampa Berxdan - Kampa Serdem -\u2026","rel":"","context":"\u0641\u064a &quot;Parastin&quot;","block_context":{"text":"Parastin","link":"https:\/\/hskurd.org\/?cat=840&lang=ku"},"img":{"alt_text":"","src":"https:\/\/i0.wp.com\/hskurd.org\/wp-content\/uploads\/2023\/09\/375065831_613121880983115_5840175981247664711_n.jpg?fit=1200%2C800&ssl=1&resize=350%2C200","width":350,"height":200,"srcset":"https:\/\/i0.wp.com\/hskurd.org\/wp-content\/uploads\/2023\/09\/375065831_613121880983115_5840175981247664711_n.jpg?fit=1200%2C800&ssl=1&resize=350%2C200 1x, https:\/\/i0.wp.com\/hskurd.org\/wp-content\/uploads\/2023\/09\/375065831_613121880983115_5840175981247664711_n.jpg?fit=1200%2C800&ssl=1&resize=525%2C300 1.5x, https:\/\/i0.wp.com\/hskurd.org\/wp-content\/uploads\/2023\/09\/375065831_613121880983115_5840175981247664711_n.jpg?fit=1200%2C800&ssl=1&resize=700%2C400 2x, https:\/\/i0.wp.com\/hskurd.org\/wp-content\/uploads\/2023\/09\/375065831_613121880983115_5840175981247664711_n.jpg?fit=1200%2C800&ssl=1&resize=1050%2C600 3x"},"classes":[]},{"id":12439,"url":"https:\/\/hskurd.org\/?p=12439&lang=ku","url_meta":{"origin":12280,"position":3},"title":"Heyva Sor a Kurd pi\u015ftgiriya xwe ji bo kes\u00ean ko\u00e7ber bi p\u00eadiviy\u00ean bingeh\u00een \u00ean zarokan didom\u00eene.","author":"user55","date":"2 \u0623\u0628\u0631\u064a\u0644\u060c 2026","format":false,"excerpt":"Bi pi\u015ftgiriya Komeleya X\u00earxwaz a Kerk\u00fbk\u00ea, t\u00eem\u00ea Heyva Sor a Kurd a S\u00fbriy\u00ea li stargeh\u00ean li bajar\u00ea Qami\u015flo \u015f\u00eer\u00ea zarokan \u00fb pampers belav kirin, di \u00e7ar\u00e7oveya hewildan\u00ean me y\u00ean berdewam de ji bo pi\u015ftgir\u00eekirina malbat\u00ean ko\u00e7ber \u00fb dab\u00eenkirina hewcedariy\u00ean bingeh\u00een \u00ean zarokan. Em bi berpirsiyariya mirovah\u00ee berdewam dikin ku li\u2026","rel":"","context":"\u0641\u064a &quot;Al\u00eekar\u00ee&quot;","block_context":{"text":"Al\u00eekar\u00ee","link":"https:\/\/hskurd.org\/?cat=2169&lang=ku"},"img":{"alt_text":"","src":"https:\/\/i0.wp.com\/hskurd.org\/wp-content\/uploads\/2026\/04\/660855092_1237658568529440_2733739165113195573_n.jpg?fit=1200%2C800&ssl=1&resize=350%2C200","width":350,"height":200,"srcset":"https:\/\/i0.wp.com\/hskurd.org\/wp-content\/uploads\/2026\/04\/660855092_1237658568529440_2733739165113195573_n.jpg?fit=1200%2C800&ssl=1&resize=350%2C200 1x, https:\/\/i0.wp.com\/hskurd.org\/wp-content\/uploads\/2026\/04\/660855092_1237658568529440_2733739165113195573_n.jpg?fit=1200%2C800&ssl=1&resize=525%2C300 1.5x, https:\/\/i0.wp.com\/hskurd.org\/wp-content\/uploads\/2026\/04\/660855092_1237658568529440_2733739165113195573_n.jpg?fit=1200%2C800&ssl=1&resize=700%2C400 2x, https:\/\/i0.wp.com\/hskurd.org\/wp-content\/uploads\/2026\/04\/660855092_1237658568529440_2733739165113195573_n.jpg?fit=1200%2C800&ssl=1&resize=1050%2C600 3x"},"classes":[]},{"id":11655,"url":"https:\/\/hskurd.org\/?p=11655&lang=ku","url_meta":{"origin":12280,"position":4},"title":"Projeya Av \u00fb J\u00eengeh\u00ea: Ber bi Perwerde \u00fb Tenduristiya saxlem ve","author":"user55","date":"9 \u0633\u0628\u062a\u0645\u0628\u0631\u060c 2025","format":false,"excerpt":"https:\/\/youtu.be\/-wl__LMHsPg?si=a3OmyZY_NOXmj07b Heyva Sor a Kurd, bi pi\u015ftgiriya \"Area Metropolitana de Barcelona (AMB)\", Projeya Av \u00fb J\u00eengeh\u00ea ji bo Civak \u00fb Navend\u00ean Perwerdehiy\u00ea di sala 2024\/2025 an de bi daw\u00ee kir. Di v\u00ea projey\u00ea de: \u2022 N\u00fbjenkirina 15 bax\u00e7ey\u00ean zarokan li Kantona Cez\u00eer\u00ea \u00fb du dibistan\u00ean li \u015eahbay\u00ea. \u2022 Xebitandina b\u00eerek\u2026","rel":"","context":"\u0641\u064a &quot;Be\u015f\u00ea WASH&quot;","block_context":{"text":"Be\u015f\u00ea WASH","link":"https:\/\/hskurd.org\/?cat=855&lang=ku"},"img":{"alt_text":"","src":"https:\/\/i0.wp.com\/hskurd.org\/wp-content\/uploads\/2025\/09\/%D9%A2%D9%A0%D9%A2%D9%A5%D9%A0%D9%A5%D9%A1%D9%A8_%D9%A0%D9%A9%D9%A5%D9%A7%D9%A4%D9%A0-scaled.jpg?fit=1200%2C675&ssl=1&resize=350%2C200","width":350,"height":200,"srcset":"https:\/\/i0.wp.com\/hskurd.org\/wp-content\/uploads\/2025\/09\/%D9%A2%D9%A0%D9%A2%D9%A5%D9%A0%D9%A5%D9%A1%D9%A8_%D9%A0%D9%A9%D9%A5%D9%A7%D9%A4%D9%A0-scaled.jpg?fit=1200%2C675&ssl=1&resize=350%2C200 1x, https:\/\/i0.wp.com\/hskurd.org\/wp-content\/uploads\/2025\/09\/%D9%A2%D9%A0%D9%A2%D9%A5%D9%A0%D9%A5%D9%A1%D9%A8_%D9%A0%D9%A9%D9%A5%D9%A7%D9%A4%D9%A0-scaled.jpg?fit=1200%2C675&ssl=1&resize=525%2C300 1.5x, https:\/\/i0.wp.com\/hskurd.org\/wp-content\/uploads\/2025\/09\/%D9%A2%D9%A0%D9%A2%D9%A5%D9%A0%D9%A5%D9%A1%D9%A8_%D9%A0%D9%A9%D9%A5%D9%A7%D9%A4%D9%A0-scaled.jpg?fit=1200%2C675&ssl=1&resize=700%2C400 2x, https:\/\/i0.wp.com\/hskurd.org\/wp-content\/uploads\/2025\/09\/%D9%A2%D9%A0%D9%A2%D9%A5%D9%A0%D9%A5%D9%A1%D9%A8_%D9%A0%D9%A9%D9%A5%D9%A7%D9%A4%D9%A0-scaled.jpg?fit=1200%2C675&ssl=1&resize=1050%2C600 3x"},"classes":[]},{"id":6799,"url":"https:\/\/hskurd.org\/?p=6799&lang=ku","url_meta":{"origin":12280,"position":5},"title":"Bang ji bo raya gi\u015ft\u00ee","author":"Sozdar","date":"20 \u0646\u0648\u0641\u0645\u0628\u0631\u060c 2022","format":false,"excerpt":"Ji bo raya gi\u015ft\u00ee , civaka siv\u00eel \u00fb r\u00eaxistin\u00ean mirov\u00ee Em R\u00eaxistina Heyva Sor a Kurd \u00ear\u00ee\u015f\u00ean haway\u00ee y\u00ean dewleta Tirk li ser her\u00eam\u00ean Bakur \u00fb Rojhilat\u00ea S\u00fbriy\u00ea \u015fermezar dikin, ku bi dehan siv\u00eel jiyana xwe ji dest dan \u00fb ji bil\u00ee xerakirina nexwe\u015fxaneya zarokan a bajar\u00ea Koban\u00ea di heman\u2026","rel":"","context":"\u0641\u064a &quot;Rapor&quot;","block_context":{"text":"Rapor","link":"https:\/\/hskurd.org\/?cat=206&lang=ku"},"img":{"alt_text":"","src":"https:\/\/i0.wp.com\/hskurd.org\/wp-content\/uploads\/2022\/11\/e72d698e-efff-4ffa-87c5-8e96a6e793ba.jpg?fit=720%2C358&ssl=1&resize=350%2C200","width":350,"height":200,"srcset":"https:\/\/i0.wp.com\/hskurd.org\/wp-content\/uploads\/2022\/11\/e72d698e-efff-4ffa-87c5-8e96a6e793ba.jpg?fit=720%2C358&ssl=1&resize=350%2C200 1x, https:\/\/i0.wp.com\/hskurd.org\/wp-content\/uploads\/2022\/11\/e72d698e-efff-4ffa-87c5-8e96a6e793ba.jpg?fit=720%2C358&ssl=1&resize=525%2C300 1.5x, https:\/\/i0.wp.com\/hskurd.org\/wp-content\/uploads\/2022\/11\/e72d698e-efff-4ffa-87c5-8e96a6e793ba.jpg?fit=720%2C358&ssl=1&resize=700%2C400 2x"},"classes":[]}],"jetpack_sharing_enabled":true,"_links":{"self":[{"href":"https:\/\/hskurd.org\/index.php?rest_route=\/wp\/v2\/posts\/12280","targetHints":{"allow":["GET"]}}],"collection":[{"href":"https:\/\/hskurd.org\/index.php?rest_route=\/wp\/v2\/posts"}],"about":[{"href":"https:\/\/hskurd.org\/index.php?rest_route=\/wp\/v2\/types\/post"}],"author":[{"embeddable":true,"href":"https:\/\/hskurd.org\/index.php?rest_route=\/wp\/v2\/users\/8"}],"replies":[{"embeddable":true,"href":"https:\/\/hskurd.org\/index.php?rest_route=%2Fwp%2Fv2%2Fcomments&post=12280"}],"version-history":[{"count":2,"href":"https:\/\/hskurd.org\/index.php?rest_route=\/wp\/v2\/posts\/12280\/revisions"}],"predecessor-version":[{"id":12282,"href":"https:\/\/hskurd.org\/index.php?rest_route=\/wp\/v2\/posts\/12280\/revisions\/12282"}],"wp:attachment":[{"href":"https:\/\/hskurd.org\/index.php?rest_route=%2Fwp%2Fv2%2Fmedia&parent=12280"}],"wp:term":[{"taxonomy":"category","embeddable":true,"href":"https:\/\/hskurd.org\/index.php?rest_route=%2Fwp%2Fv2%2Fcategories&post=12280"},{"taxonomy":"post_tag","embeddable":true,"href":"https:\/\/hskurd.org\/index.php?rest_route=%2Fwp%2Fv2%2Ftags&post=12280"}],"curies":[{"name":"wp","href":"https:\/\/api.w.org\/{rel}","templated":true}]}}