{"id":12272,"date":"2026-03-12T13:25:04","date_gmt":"2026-03-12T10:25:04","guid":{"rendered":"https:\/\/hskurd.org\/?p=12272"},"modified":"2026-03-12T13:25:04","modified_gmt":"2026-03-12T10:25:04","slug":"belavkirina-nane-belas-li-kobane-didome","status":"publish","type":"post","link":"https:\/\/hskurd.org\/?p=12272&lang=ku","title":{"rendered":"Belavkirina nan\u00ea bela\u015f li Koban\u00ea didome.."},"content":{"rendered":"<div class='avia-iframe-wrap'><iframe loading=\"lazy\" title=\"#\u062a\u0648\u0632\u064a\u0639_\u0627\u0644\u062e\u0628\u0632_\u0641\u064a_\u0643\u0648\u0628\u0627\u0646\u064a\" width=\"563\" height=\"1000\" src=\"https:\/\/www.youtube.com\/embed\/CCCPpNmijww?feature=oembed\" frameborder=\"0\" allow=\"accelerometer; autoplay; clipboard-write; encrypted-media; gyroscope; picture-in-picture; web-share\" referrerpolicy=\"strict-origin-when-cross-origin\" allowfullscreen><\/iframe><\/div>\n<div dir=\"auto\">Belavkirina nan\u00ea bela\u015f li Koban\u00ea didome<\/div>\n<div dir=\"auto\">Heyva Sor a Kurd bi pi\u015ftgiriya Heyva Sor a Kurdistan\u00ea belavkirina nan\u00ea bela\u015f li bajar\u00ea Koban\u00ea didom\u00eene, ku her roj 1000 gir\u00ea nan ji malbat\u00ean ko\u00e7ber li stargehan t\u00ea belavkirin.<\/div>\n<div dir=\"auto\">Ev \u00e7alak\u00ee berdewamiyeke kampanyaya mirovah\u00ee ye ku ber\u00ea 7 roj li Hesek\u00ea\u060c Qami\u015flo\u060c Am\u00fbd\u00ea \u00fb Tirbespiy\u00ea hatib\u00fb me\u015fandin, da ku al\u00eekariya gel\u00ea me were kirin \u00fb giraniya jiyana rojane ji ser malbatan were sivikkirin.<\/div>\n<div dir=\"auto\">Em bi hev re didomin ku li her der\u00ea ku hewcedar\u00ee heye al\u00eekariy\u00ea bigih\u00eenin.<\/div>\n","protected":false},"excerpt":{"rendered":"<p>Belavkirina nan\u00ea bela\u015f li Koban\u00ea didome Heyva Sor a Kurd bi pi\u015ftgiriya Heyva Sor a Kurdistan\u00ea belavkirina nan\u00ea bela\u015f li bajar\u00ea Koban\u00ea didom\u00eene, ku her roj 1000 gir\u00ea nan ji malbat\u00ean ko\u00e7ber li stargehan t\u00ea belavkirin. Ev \u00e7alak\u00ee berdewamiyeke kampanyaya mirovah\u00ee ye ku ber\u00ea 7 roj li Hesek\u00ea\u060c Qami\u015flo\u060c Am\u00fbd\u00ea \u00fb Tirbespiy\u00ea hatib\u00fb me\u015fandin, da [&hellip;]<\/p>\n","protected":false},"author":8,"featured_media":0,"comment_status":"closed","ping_status":"closed","sticky":false,"template":"","format":"standard","meta":{"give_campaign_id":0,"ngg_post_thumbnail":0,"jetpack_post_was_ever_published":false,"_jetpack_newsletter_access":"","_jetpack_dont_email_post_to_subs":false,"_jetpack_newsletter_tier_id":0,"_jetpack_memberships_contains_paywalled_content":false,"_jetpack_memberships_contains_paid_content":false,"footnotes":"","jetpack_publicize_message":"","jetpack_publicize_feature_enabled":true,"jetpack_social_post_already_shared":true,"jetpack_social_options":{"image_generator_settings":{"template":"highway","default_image_id":0,"font":"","enabled":false},"version":2},"_links_to":"","_links_to_target":""},"categories":[2169,85],"tags":[2629],"class_list":["post-12272","post","type-post","status-publish","format-standard","hentry","category-alikari","category-be-kategoriyan","tag-kobane-nane_belas-alikariya_mirovi-heyva_sor_a_kurd-heyva_sor_a_kurdistane-pistgiriya_malbaten_kocber-malbaten_kocber-kampen_penaberan"],"jetpack_publicize_connections":[],"jetpack_featured_media_url":"","jetpack-related-posts":[{"id":12320,"url":"https:\/\/hskurd.org\/?p=12320&lang=ku","url_meta":{"origin":12272,"position":0},"title":"Belavkirina \u015f\u00eer \u00fb p\u00ea\u00e7ik\u00ean zarokan li gundewar\u00ea Kobaniy\u00ea bi pi\u015ftgiriya mirov\u00ee berdewam dike.","author":"user55","date":"25 \u0645\u0627\u0631\u0633\u060c 2026","format":false,"excerpt":"Bi pi\u015ftgiriya Heyva Sor a Kurdistan\u00ea, t\u00eem\u00ean Heyva Sor a Kurd li gund\u00ean derdora Koban\u00ea \u015f\u00eer \u00fb \"bambers\" ji bo zarokan belav kirin. Ev belavkirin li van gundan hat kirin: \u2022 Darbazin Horan \u2022 Darbazin \u2022 Tif\u015fo \u2022 Bir Qadir \u2022 Cort \u2022 El\u00eew\u00ee \u2022 Graz\u00ea","rel":"","context":"\u0641\u064a &quot;Al\u00eekar\u00ee&quot;","block_context":{"text":"Al\u00eekar\u00ee","link":"https:\/\/hskurd.org\/?cat=2169&lang=ku"},"img":{"alt_text":"","src":"https:\/\/i0.wp.com\/hskurd.org\/wp-content\/uploads\/2026\/03\/659695775_1233519928943304_2496562775053772547_n.jpg?fit=900%2C1200&ssl=1&resize=350%2C200","width":350,"height":200,"srcset":"https:\/\/i0.wp.com\/hskurd.org\/wp-content\/uploads\/2026\/03\/659695775_1233519928943304_2496562775053772547_n.jpg?fit=900%2C1200&ssl=1&resize=350%2C200 1x, https:\/\/i0.wp.com\/hskurd.org\/wp-content\/uploads\/2026\/03\/659695775_1233519928943304_2496562775053772547_n.jpg?fit=900%2C1200&ssl=1&resize=525%2C300 1.5x, https:\/\/i0.wp.com\/hskurd.org\/wp-content\/uploads\/2026\/03\/659695775_1233519928943304_2496562775053772547_n.jpg?fit=900%2C1200&ssl=1&resize=700%2C400 2x"},"classes":[]},{"id":11040,"url":"https:\/\/hskurd.org\/?p=11040&lang=ku","url_meta":{"origin":12272,"position":1},"title":"Belavkirina pak\u00eat\u00ean xwarin\u00ea li ser penaberan di meha remezan\u00ea de","author":"user55","date":"27 \u0645\u0627\u0631\u0633\u060c 2025","format":false,"excerpt":"Bi pi\u015ftgiriya Heyva Sor a Kurdistan\u00ea di meha Remezan\u00ea ya p\u00eeroz de Heyva Sor a Kurd ji bo destekday\u00eena penaber\u00ean \u015eehba \u00fb Efr\u00een\u00ea kampanyeke belavkirina 3 hezar selik\u00ean xwarin\u00ea organ\u00eeze kir. Ev p\u00eangav di \u00e7ar\u00e7oveya xebat\u00ean mirovah\u00ee y\u00ean domdar \u00ean ji bo sivikkirina \u00ea\u015f\u00ean malbat\u00ean ko\u00e7ber b\u00fbne de p\u00eak t\u00ea.\u2026","rel":"","context":"\u0641\u064a &quot;Ge\u015fep\u00eadan&quot;","block_context":{"text":"Ge\u015fep\u00eadan","link":"https:\/\/hskurd.org\/?cat=862&lang=ku"},"img":{"alt_text":"","src":"https:\/\/i0.wp.com\/hskurd.org\/wp-content\/uploads\/2025\/03\/52021989-c2e8-46bc-a8f8-47cafe718c56.jpeg?fit=1200%2C800&ssl=1&resize=350%2C200","width":350,"height":200,"srcset":"https:\/\/i0.wp.com\/hskurd.org\/wp-content\/uploads\/2025\/03\/52021989-c2e8-46bc-a8f8-47cafe718c56.jpeg?fit=1200%2C800&ssl=1&resize=350%2C200 1x, https:\/\/i0.wp.com\/hskurd.org\/wp-content\/uploads\/2025\/03\/52021989-c2e8-46bc-a8f8-47cafe718c56.jpeg?fit=1200%2C800&ssl=1&resize=525%2C300 1.5x, https:\/\/i0.wp.com\/hskurd.org\/wp-content\/uploads\/2025\/03\/52021989-c2e8-46bc-a8f8-47cafe718c56.jpeg?fit=1200%2C800&ssl=1&resize=700%2C400 2x, https:\/\/i0.wp.com\/hskurd.org\/wp-content\/uploads\/2025\/03\/52021989-c2e8-46bc-a8f8-47cafe718c56.jpeg?fit=1200%2C800&ssl=1&resize=1050%2C600 3x"},"classes":[]},{"id":12280,"url":"https:\/\/hskurd.org\/?p=12280&lang=ku","url_meta":{"origin":12272,"position":2},"title":"\u00c7alakiyeke k\u00eaf\u00ea ji bo zarokan li yetimxaneya bajar\u00ea Kobaniy\u00ea","author":"user55","date":"12 \u0645\u0627\u0631\u0633\u060c 2026","format":false,"excerpt":"https:\/\/youtube.com\/shorts\/Kj4ZRGteJZY?si=wPhdrvlFSkE5WiZ9 Bi helwesteke mirov\u00ee ya dilgerm\u2026 \u00a0T\u00eema Heyva Sor a Kurd ji bo zarokan li Y\u00eat\u00eemxaneya Keskese Sora Alan li Kobaniy\u00ea \u00e7alakiyek \u015fahiy\u00ea li dar xist. Zarokan k\u00eafxwe\u015f\u00ee girtin \u00fb \u00e7alak\u00ee bi belavkirina diyariyan bi daw\u00ee b\u00fb. Ev \u00een\u00eesiyat\u00eef be\u015fek ji hewldan\u00ean Heyva Sor a Kurd e ji bo dab\u00eenkirina\u2026","rel":"","context":"\u0641\u064a &quot;b\u00ea kategoriyan&quot;","block_context":{"text":"b\u00ea kategoriyan","link":"https:\/\/hskurd.org\/?cat=85&lang=ku"},"img":{"alt_text":"","src":"https:\/\/i0.wp.com\/img.youtube.com\/vi\/\/0.jpg?resize=350%2C200","width":350,"height":200},"classes":[]},{"id":6694,"url":"https:\/\/hskurd.org\/?p=6694&lang=ku","url_meta":{"origin":12272,"position":3},"title":"Kampanya belavkirina bro\u015furan li her\u00eama Firat\u00ea","author":"Sozdar","date":"18 \u0623\u0643\u062a\u0648\u0628\u0631\u060c 2022","format":false,"excerpt":"Di \u00e7ar\u00e7oveya \u00e7alakiy\u00ean Meha Pembeh\u00ee ya c\u00eehan\u00ee ji bo P\u00ea\u015f\u00eel\u00eagirtina ji Pence\u015f\u00eara p\u00eas\u00eer\u00ea \u00fb kampanya (J\u00eeyan\u00ea nekuje.. xwe bipar\u00eaze) endam\u00ean jin \u00ean Heyva Sor a Kurd li her\u00eama Firat\u00ea (Minbic - Reqa - Tebqa \u2013 Koban\u00ea ) bro\u015fur\u00ean li ser pence\u015f\u00eara p\u00eas\u00eer\u00ea \u00fb gir\u00eengiya z\u00fb naskirina w\u00ea belav kirin.","rel":"","context":"\u0641\u064a &quot;Perwerdehiya tendurist\u00ee&quot;","block_context":{"text":"Perwerdehiya tendurist\u00ee","link":"https:\/\/hskurd.org\/?cat=844&lang=ku"},"img":{"alt_text":"","src":"https:\/\/i0.wp.com\/hskurd.org\/wp-content\/uploads\/2022\/10\/IMG-20221017-WA0066-scaled.jpg?fit=898%2C1200&ssl=1&resize=350%2C200","width":350,"height":200,"srcset":"https:\/\/i0.wp.com\/hskurd.org\/wp-content\/uploads\/2022\/10\/IMG-20221017-WA0066-scaled.jpg?fit=898%2C1200&ssl=1&resize=350%2C200 1x, https:\/\/i0.wp.com\/hskurd.org\/wp-content\/uploads\/2022\/10\/IMG-20221017-WA0066-scaled.jpg?fit=898%2C1200&ssl=1&resize=525%2C300 1.5x, https:\/\/i0.wp.com\/hskurd.org\/wp-content\/uploads\/2022\/10\/IMG-20221017-WA0066-scaled.jpg?fit=898%2C1200&ssl=1&resize=700%2C400 2x"},"classes":[]},{"id":12734,"url":"https:\/\/hskurd.org\/?p=12734&lang=ku","url_meta":{"origin":12272,"position":4},"title":"Em \u00ea di her \u015fert \u00fb merc\u00ee de li k\u00ealeka gel\u00ea xwe bin.","author":"user55","date":"23 \u0623\u0628\u0631\u064a\u0644\u060c 2026","format":false,"excerpt":"Bi pi\u015ftgiriya Medico International T\u00eem\u00ean Heyva Sor a Kurd berdewam dikin di xebat\u00ean xwe y\u00ean mirovah\u00ee de, ku li gund\u00ean Koban\u00ea ronahiya roj\u00ea (LED) hat belavkirin, ji bo ba\u015ftirkirina \u015fert \u00fb merc\u00ean jiyan\u00ea \u00fb peydakirina ronahiyeke ewledar \u00fb domdar ji bo gel\u00ea me.","rel":"","context":"\u0641\u064a &quot;Al\u00eekar\u00ee&quot;","block_context":{"text":"Al\u00eekar\u00ee","link":"https:\/\/hskurd.org\/?cat=2169&lang=ku"},"img":{"alt_text":"","src":"https:\/\/i0.wp.com\/hskurd.org\/wp-content\/uploads\/2026\/04\/678233831_1255586223403341_6640205540770610317_n.jpg?fit=900%2C1200&ssl=1&resize=350%2C200","width":350,"height":200,"srcset":"https:\/\/i0.wp.com\/hskurd.org\/wp-content\/uploads\/2026\/04\/678233831_1255586223403341_6640205540770610317_n.jpg?fit=900%2C1200&ssl=1&resize=350%2C200 1x, https:\/\/i0.wp.com\/hskurd.org\/wp-content\/uploads\/2026\/04\/678233831_1255586223403341_6640205540770610317_n.jpg?fit=900%2C1200&ssl=1&resize=525%2C300 1.5x, https:\/\/i0.wp.com\/hskurd.org\/wp-content\/uploads\/2026\/04\/678233831_1255586223403341_6640205540770610317_n.jpg?fit=900%2C1200&ssl=1&resize=700%2C400 2x"},"classes":[]},{"id":11975,"url":"https:\/\/hskurd.org\/?p=11975&lang=ku","url_meta":{"origin":12272,"position":5},"title":"bangewaz\u00ee ji t\u00eema Heyva Sor a Kurd li Koban\u00ee ji r\u00eaxistin\u00ean mirov\u00ee re","author":"user55","date":"2 \u0645\u0627\u0631\u0633\u060c 2026","format":false,"excerpt":"Bangek ji t\u00eem\u00ea Heyva Sor a Kurd\u00ee li Koban\u00ea bo r\u00eaxistin\u00ean mirovah\u00ee \u00fb bo Netewey\u00ean Yekb\u00fby\u00ee, bi taybet\u00ee bi r\u00eaberiya Kom\u00eeser\u00ea Bilind \u00ea Netewey\u00ean Yekb\u00fby\u00ee ji bo Penaberan, Barham Salih: Bajar\u00ea Koban\u00ea \u00fb gundewar\u00ean w\u00ea ji \u00e7end rojan ve di bin kampanyayek le\u015fker\u00ee ya tund \u00fb dorp\u00ea\u00e7kirineke giran de ne,\u2026","rel":"","context":"\u0641\u064a &quot;News&quot;","block_context":{"text":"News","link":"https:\/\/hskurd.org\/?cat=2171&lang=ku"},"img":{"alt_text":"","src":"https:\/\/i0.wp.com\/hskurd.org\/wp-content\/uploads\/2026\/03\/618809254_1183190350642929_5401222983079782706_n.jpg?fit=512%2C640&ssl=1&resize=350%2C200","width":350,"height":200},"classes":[]}],"jetpack_sharing_enabled":true,"_links":{"self":[{"href":"https:\/\/hskurd.org\/index.php?rest_route=\/wp\/v2\/posts\/12272","targetHints":{"allow":["GET"]}}],"collection":[{"href":"https:\/\/hskurd.org\/index.php?rest_route=\/wp\/v2\/posts"}],"about":[{"href":"https:\/\/hskurd.org\/index.php?rest_route=\/wp\/v2\/types\/post"}],"author":[{"embeddable":true,"href":"https:\/\/hskurd.org\/index.php?rest_route=\/wp\/v2\/users\/8"}],"replies":[{"embeddable":true,"href":"https:\/\/hskurd.org\/index.php?rest_route=%2Fwp%2Fv2%2Fcomments&post=12272"}],"version-history":[{"count":2,"href":"https:\/\/hskurd.org\/index.php?rest_route=\/wp\/v2\/posts\/12272\/revisions"}],"predecessor-version":[{"id":12274,"href":"https:\/\/hskurd.org\/index.php?rest_route=\/wp\/v2\/posts\/12272\/revisions\/12274"}],"wp:attachment":[{"href":"https:\/\/hskurd.org\/index.php?rest_route=%2Fwp%2Fv2%2Fmedia&parent=12272"}],"wp:term":[{"taxonomy":"category","embeddable":true,"href":"https:\/\/hskurd.org\/index.php?rest_route=%2Fwp%2Fv2%2Fcategories&post=12272"},{"taxonomy":"post_tag","embeddable":true,"href":"https:\/\/hskurd.org\/index.php?rest_route=%2Fwp%2Fv2%2Ftags&post=12272"}],"curies":[{"name":"wp","href":"https:\/\/api.w.org\/{rel}","templated":true}]}}