{"id":12144,"date":"2026-03-05T11:55:44","date_gmt":"2026-03-05T08:55:44","guid":{"rendered":"https:\/\/hskurd.org\/?p=12144"},"modified":"2026-03-05T11:55:44","modified_gmt":"2026-03-05T08:55:44","slug":"em-berdewam-in-bi-rihe-hevgirtin-u-berpirsiyariye","status":"publish","type":"post","link":"https:\/\/hskurd.org\/?p=12144&lang=ku","title":{"rendered":"em berdewam in bi rih\u00ea hevgirtin \u00fb berpirsiyariy\u00ea"},"content":{"rendered":"<div class='avia-iframe-wrap'><iframe loading=\"lazy\" title=\"#belavkirina_\u015f\u00eer\u00ea_zarokan\" width=\"563\" height=\"1000\" src=\"https:\/\/www.youtube.com\/embed\/-Pem3BUjxfk?feature=oembed\" frameborder=\"0\" allow=\"accelerometer; autoplay; clipboard-write; encrypted-media; gyroscope; picture-in-picture; web-share\" referrerpolicy=\"strict-origin-when-cross-origin\" allowfullscreen><\/iframe><\/div>\n<div class=\"xdj266r x14z9mp xat24cr x1lziwak x1vvkbs x126k92a\">\n<div dir=\"auto\">Di \u00e7ar\u00e7oveya hewldan\u00ean xwe y\u00ean mirov\u00ee y\u00ean berdewam de, Heyva Sor a Kurd, bi pi\u015ftgiriya Heyva Sor a Kurdistan\u00ea, \u015f\u00eer\u00ea zarokan li malbat\u00ean ko\u00e7ber belav kir.<\/div>\n<\/div>\n<div class=\"x14z9mp xat24cr x1lziwak x1vvkbs xtlvy1s x126k92a\">\n<div dir=\"auto\">Ev pi\u015ftgiriya berdewam ruh\u00ea hevgirtin\u00ea \u00fb berpirsiyariy\u00ea li hember mirov\u00ean me y\u00ean ko\u00e7ber n\u00ee\u015fan dide<\/div>\n<\/div>\n","protected":false},"excerpt":{"rendered":"<p>Di \u00e7ar\u00e7oveya hewldan\u00ean xwe y\u00ean mirov\u00ee y\u00ean berdewam de, Heyva Sor a Kurd, bi pi\u015ftgiriya Heyva Sor a Kurdistan\u00ea, \u015f\u00eer\u00ea zarokan li malbat\u00ean ko\u00e7ber belav kir. Ev pi\u015ftgiriya berdewam ruh\u00ea hevgirtin\u00ea \u00fb berpirsiyariy\u00ea li hember mirov\u00ean me y\u00ean ko\u00e7ber n\u00ee\u015fan dide<\/p>\n","protected":false},"author":8,"featured_media":0,"comment_status":"closed","ping_status":"closed","sticky":false,"template":"","format":"standard","meta":{"give_campaign_id":0,"ngg_post_thumbnail":0,"jetpack_post_was_ever_published":false,"_jetpack_newsletter_access":"","_jetpack_dont_email_post_to_subs":false,"_jetpack_newsletter_tier_id":0,"_jetpack_memberships_contains_paywalled_content":false,"_jetpack_memberships_contains_paid_content":false,"footnotes":"","jetpack_publicize_message":"","jetpack_publicize_feature_enabled":true,"jetpack_social_post_already_shared":true,"jetpack_social_options":{"image_generator_settings":{"template":"highway","default_image_id":0,"font":"","enabled":false},"version":2},"_links_to":"","_links_to_target":""},"categories":[2169],"tags":[2566],"class_list":["post-12144","post","type-post","status-publish","format-standard","hentry","category-alikari","tag-heyvasorakurd-alikariyamirovi-picuk-sirazarokan-pasxwesenzarokan-malbatakocber"],"jetpack_publicize_connections":[],"jetpack_featured_media_url":"","jetpack-related-posts":[{"id":12439,"url":"https:\/\/hskurd.org\/?p=12439&lang=ku","url_meta":{"origin":12144,"position":0},"title":"Heyva Sor a Kurd pi\u015ftgiriya xwe ji bo kes\u00ean ko\u00e7ber bi p\u00eadiviy\u00ean bingeh\u00een \u00ean zarokan didom\u00eene.","author":"user55","date":"2 \u0623\u0628\u0631\u064a\u0644\u060c 2026","format":false,"excerpt":"Bi pi\u015ftgiriya Komeleya X\u00earxwaz a Kerk\u00fbk\u00ea, t\u00eem\u00ea Heyva Sor a Kurd a S\u00fbriy\u00ea li stargeh\u00ean li bajar\u00ea Qami\u015flo \u015f\u00eer\u00ea zarokan \u00fb pampers belav kirin, di \u00e7ar\u00e7oveya hewildan\u00ean me y\u00ean berdewam de ji bo pi\u015ftgir\u00eekirina malbat\u00ean ko\u00e7ber \u00fb dab\u00eenkirina hewcedariy\u00ean bingeh\u00een \u00ean zarokan. Em bi berpirsiyariya mirovah\u00ee berdewam dikin ku li\u2026","rel":"","context":"\u0641\u064a &quot;Al\u00eekar\u00ee&quot;","block_context":{"text":"Al\u00eekar\u00ee","link":"https:\/\/hskurd.org\/?cat=2169&lang=ku"},"img":{"alt_text":"","src":"https:\/\/i0.wp.com\/hskurd.org\/wp-content\/uploads\/2026\/04\/660855092_1237658568529440_2733739165113195573_n.jpg?fit=1200%2C800&ssl=1&resize=350%2C200","width":350,"height":200,"srcset":"https:\/\/i0.wp.com\/hskurd.org\/wp-content\/uploads\/2026\/04\/660855092_1237658568529440_2733739165113195573_n.jpg?fit=1200%2C800&ssl=1&resize=350%2C200 1x, https:\/\/i0.wp.com\/hskurd.org\/wp-content\/uploads\/2026\/04\/660855092_1237658568529440_2733739165113195573_n.jpg?fit=1200%2C800&ssl=1&resize=525%2C300 1.5x, https:\/\/i0.wp.com\/hskurd.org\/wp-content\/uploads\/2026\/04\/660855092_1237658568529440_2733739165113195573_n.jpg?fit=1200%2C800&ssl=1&resize=700%2C400 2x, https:\/\/i0.wp.com\/hskurd.org\/wp-content\/uploads\/2026\/04\/660855092_1237658568529440_2733739165113195573_n.jpg?fit=1200%2C800&ssl=1&resize=1050%2C600 3x"},"classes":[]},{"id":12573,"url":"https:\/\/hskurd.org\/?p=12573&lang=ku","url_meta":{"origin":12144,"position":1},"title":"Belavkirina \u015f\u00eer \u00fb p\u00ea\u00e7ikan ji bo zarok\u00ean li stargeh\u00ean bajar\u00ea Qam\u00ee\u015floy\u00ea bi pi\u015ftgiriya mirov\u00ee ya berdewam","author":"user55","date":"14 \u0623\u0628\u0631\u064a\u0644\u060c 2026","format":false,"excerpt":"Di \u00e7ar\u00e7oveya bersivdana mirovah\u00ee ya domdar de, \u00eero \u015f\u00eer \u00fb pampers ji bo zarok\u00ean malbat\u00ean ko\u00e7ber \u00ean li navenda bicihkirin\u00ea li Qami\u015floy\u00ea hatin belavkirin, bi pi\u015ftgiriya Heyva Sor a Kurdistan\u00ea. Ev gav ji bo bersivdana hewcedariy\u00ean bingeh\u00een \u00ean zarokan \u00fb k\u00eamkirina zehmetiya malbat\u00ean ko\u00e7ber t\u00ea av\u00eatin, di \u00e7ar\u00e7oveya hewildan\u00ean me\u2026","rel":"","context":"\u0641\u064a &quot;Al\u00eekar\u00ee&quot;","block_context":{"text":"Al\u00eekar\u00ee","link":"https:\/\/hskurd.org\/?cat=2169&lang=ku"},"img":{"alt_text":"","src":"https:\/\/i0.wp.com\/hskurd.org\/wp-content\/uploads\/2026\/04\/IMG_8742-scaled.jpg?fit=1200%2C901&ssl=1&resize=350%2C200","width":350,"height":200,"srcset":"https:\/\/i0.wp.com\/hskurd.org\/wp-content\/uploads\/2026\/04\/IMG_8742-scaled.jpg?fit=1200%2C901&ssl=1&resize=350%2C200 1x, https:\/\/i0.wp.com\/hskurd.org\/wp-content\/uploads\/2026\/04\/IMG_8742-scaled.jpg?fit=1200%2C901&ssl=1&resize=525%2C300 1.5x, https:\/\/i0.wp.com\/hskurd.org\/wp-content\/uploads\/2026\/04\/IMG_8742-scaled.jpg?fit=1200%2C901&ssl=1&resize=700%2C400 2x, https:\/\/i0.wp.com\/hskurd.org\/wp-content\/uploads\/2026\/04\/IMG_8742-scaled.jpg?fit=1200%2C901&ssl=1&resize=1050%2C600 3x"},"classes":[]},{"id":12410,"url":"https:\/\/hskurd.org\/?p=12410&lang=ku","url_meta":{"origin":12144,"position":2},"title":"Bi pi\u015ftgiriya United Aid, sepet\u00ean xwarin\u00ea li malbat\u00ean ko\u00e7ber hatin belavkirin.","author":"user55","date":"2 \u0623\u0628\u0631\u064a\u0644\u060c 2026","format":false,"excerpt":"https:\/\/youtube.com\/shorts\/vD0LpFVrYKo?si=-7ZwCfm7lbbPSdHf Bi pi\u015ftgiriya r\u00eaxistina United Aid, t\u00eem\u00ean Heyva Sor a Kurd selk\u00ean xwarin\u00ea li ser malbat\u00ean ko\u00e7ber \u00ean li Qami\u015floy\u00ea belav kirin, di \u00e7ar\u00e7oveya hewildan\u00ean me y\u00ean berdewam de ji bo sivikkirina zehmetiy\u00ean wan \u00fb dab\u00eenkirina hewcedariy\u00ean bingeh\u00een.","rel":"","context":"\u0641\u064a &quot;Al\u00eekar\u00ee&quot;","block_context":{"text":"Al\u00eekar\u00ee","link":"https:\/\/hskurd.org\/?cat=2169&lang=ku"},"img":{"alt_text":"","src":"https:\/\/i0.wp.com\/img.youtube.com\/vi\/\/0.jpg?resize=350%2C200","width":350,"height":200},"classes":[]},{"id":12497,"url":"https:\/\/hskurd.org\/?p=12497&lang=ku","url_meta":{"origin":12144,"position":3},"title":"Pi\u015ftgiriya mirov\u00ee ji bo nexwe\u015f\u00ean pence\u015f\u00ear\u00ea y\u00ean ko\u00e7ber li Hesek\u00ea bi r\u00eaya destp\u00ea\u015fxeriyeke hevbe\u015f","author":"user55","date":"8 \u0623\u0628\u0631\u064a\u0644\u060c 2026","format":false,"excerpt":"t\u00eem\u00ean Heyva Sor a Kurd, bi pi\u015ftgir\u00eeya R\u00eaxistina Amal, al\u00eekariy\u00ean mirovah\u00ee belav kirin ku t\u00ea de pere \u00fb selek\u00ean xwarin\u00ea heb\u00fbn, ji bo nexwe\u015f\u00ean kanser\u00ea y\u00ean ko\u00e7ber ji Efr\u00een li bajar\u00ea Hesek\u00ea. Di v\u00ea roj\u00ea de, hejmar\u00ea wan kesan ku al\u00eekariyan wergirtin 7 nexwe\u015f b\u00fbn, \u00fb daxwaz dikin ku roja\u2026","rel":"","context":"\u0641\u064a &quot;Al\u00eekar\u00ee&quot;","block_context":{"text":"Al\u00eekar\u00ee","link":"https:\/\/hskurd.org\/?cat=2169&lang=ku"},"img":{"alt_text":"","src":"https:\/\/i0.wp.com\/hskurd.org\/wp-content\/uploads\/2026\/04\/667853298_1244079541220676_5524281609768626463_n.jpg?fit=1200%2C540&ssl=1&resize=350%2C200","width":350,"height":200,"srcset":"https:\/\/i0.wp.com\/hskurd.org\/wp-content\/uploads\/2026\/04\/667853298_1244079541220676_5524281609768626463_n.jpg?fit=1200%2C540&ssl=1&resize=350%2C200 1x, https:\/\/i0.wp.com\/hskurd.org\/wp-content\/uploads\/2026\/04\/667853298_1244079541220676_5524281609768626463_n.jpg?fit=1200%2C540&ssl=1&resize=525%2C300 1.5x, https:\/\/i0.wp.com\/hskurd.org\/wp-content\/uploads\/2026\/04\/667853298_1244079541220676_5524281609768626463_n.jpg?fit=1200%2C540&ssl=1&resize=700%2C400 2x, https:\/\/i0.wp.com\/hskurd.org\/wp-content\/uploads\/2026\/04\/667853298_1244079541220676_5524281609768626463_n.jpg?fit=1200%2C540&ssl=1&resize=1050%2C600 3x"},"classes":[]},{"id":12399,"url":"https:\/\/hskurd.org\/?p=12399&lang=ku","url_meta":{"origin":12144,"position":4},"title":"Bi pi\u015ftgiriya bij\u00ee\u015fk\u00ean Kurd \u00ean li Almanya, li kampa El Tela\u00ee derman\u00ean bela\u015f berdewam dikin.","author":"user55","date":"26 \u0645\u0627\u0631\u0633\u060c 2026","format":false,"excerpt":"Ji meha \u015eubat \u00fb Adar 2026\u2019an ve, t\u00eem\u00ean me y\u00ean Heyva Sor a Kurd li kampa Talayi\u2019\u00ea berdewam in di p\u00ea\u015fk\u00ea\u015fkirina derman\u00ean bela\u015f de, ji bo malbat\u00ean ko\u00e7ber \u00fb kes\u00ean hewcedar. Ev al\u00eekar\u00ee bi pi\u015ftgir\u00eeya Yek\u00eetiya Doktor\u00ean Kurd li Almanyay\u00ea t\u00ea p\u00eakan\u00een, ku di van \u015fert\u00ean dijwar de rolek gir\u00eeng\u2026","rel":"","context":"\u0641\u064a &quot;Awarte&quot;","block_context":{"text":"Awarte","link":"https:\/\/hskurd.org\/?cat=848&lang=ku"},"img":{"alt_text":"","src":"https:\/\/i0.wp.com\/hskurd.org\/wp-content\/uploads\/2026\/03\/656932321_1233581665603797_2890264084198238375_n.jpg?fit=1200%2C540&ssl=1&resize=350%2C200","width":350,"height":200,"srcset":"https:\/\/i0.wp.com\/hskurd.org\/wp-content\/uploads\/2026\/03\/656932321_1233581665603797_2890264084198238375_n.jpg?fit=1200%2C540&ssl=1&resize=350%2C200 1x, https:\/\/i0.wp.com\/hskurd.org\/wp-content\/uploads\/2026\/03\/656932321_1233581665603797_2890264084198238375_n.jpg?fit=1200%2C540&ssl=1&resize=525%2C300 1.5x, https:\/\/i0.wp.com\/hskurd.org\/wp-content\/uploads\/2026\/03\/656932321_1233581665603797_2890264084198238375_n.jpg?fit=1200%2C540&ssl=1&resize=700%2C400 2x, https:\/\/i0.wp.com\/hskurd.org\/wp-content\/uploads\/2026\/03\/656932321_1233581665603797_2890264084198238375_n.jpg?fit=1200%2C540&ssl=1&resize=1050%2C600 3x"},"classes":[]},{"id":12062,"url":"https:\/\/hskurd.org\/?p=12062&lang=ku","url_meta":{"origin":12144,"position":5},"title":"Heyva Sor a Kurd bi r\u00eaya kl\u00een\u00eek\u00ean gerok xizmet\u00ean xwe y\u00ean bij\u00ee\u015fk\u00ee berdewam dike.","author":"user55","date":"3 \u0645\u0627\u0631\u0633\u060c 2026","format":false,"excerpt":"T\u00eema Hesek\u00ea ya Heyva Sor a Kurd bi r\u00eaya kl\u00een\u00eek\u00ean xwe y\u00ean gerok xizmet\u00ean bij\u00ee\u015fk\u00ee \u00fb mirov\u00ee ji bo xelk\u00ea me y\u00ean ko\u00e7ber peyda dikin. Kl\u00een\u00eeka Jinan Kl\u00een\u00eeka Gi\u015ft\u00ee (Tenduristiya Hundir\u00een\/Ped\u00eeatr\u00ee) R\u00fbni\u015ftin\u00ean Pi\u015ftgiriya Der\u00fbn\u00ee.","rel":"","context":"\u0641\u064a &quot;Al\u00eekar\u00ee&quot;","block_context":{"text":"Al\u00eekar\u00ee","link":"https:\/\/hskurd.org\/?cat=2169&lang=ku"},"img":{"alt_text":"","src":"https:\/\/i0.wp.com\/hskurd.org\/wp-content\/uploads\/2026\/03\/632711591_1201491615479469_3317696494194008597_n.jpg?fit=900%2C1200&ssl=1&resize=350%2C200","width":350,"height":200,"srcset":"https:\/\/i0.wp.com\/hskurd.org\/wp-content\/uploads\/2026\/03\/632711591_1201491615479469_3317696494194008597_n.jpg?fit=900%2C1200&ssl=1&resize=350%2C200 1x, https:\/\/i0.wp.com\/hskurd.org\/wp-content\/uploads\/2026\/03\/632711591_1201491615479469_3317696494194008597_n.jpg?fit=900%2C1200&ssl=1&resize=525%2C300 1.5x, https:\/\/i0.wp.com\/hskurd.org\/wp-content\/uploads\/2026\/03\/632711591_1201491615479469_3317696494194008597_n.jpg?fit=900%2C1200&ssl=1&resize=700%2C400 2x"},"classes":[]}],"jetpack_sharing_enabled":true,"_links":{"self":[{"href":"https:\/\/hskurd.org\/index.php?rest_route=\/wp\/v2\/posts\/12144","targetHints":{"allow":["GET"]}}],"collection":[{"href":"https:\/\/hskurd.org\/index.php?rest_route=\/wp\/v2\/posts"}],"about":[{"href":"https:\/\/hskurd.org\/index.php?rest_route=\/wp\/v2\/types\/post"}],"author":[{"embeddable":true,"href":"https:\/\/hskurd.org\/index.php?rest_route=\/wp\/v2\/users\/8"}],"replies":[{"embeddable":true,"href":"https:\/\/hskurd.org\/index.php?rest_route=%2Fwp%2Fv2%2Fcomments&post=12144"}],"version-history":[{"count":2,"href":"https:\/\/hskurd.org\/index.php?rest_route=\/wp\/v2\/posts\/12144\/revisions"}],"predecessor-version":[{"id":12146,"href":"https:\/\/hskurd.org\/index.php?rest_route=\/wp\/v2\/posts\/12144\/revisions\/12146"}],"wp:attachment":[{"href":"https:\/\/hskurd.org\/index.php?rest_route=%2Fwp%2Fv2%2Fmedia&parent=12144"}],"wp:term":[{"taxonomy":"category","embeddable":true,"href":"https:\/\/hskurd.org\/index.php?rest_route=%2Fwp%2Fv2%2Fcategories&post=12144"},{"taxonomy":"post_tag","embeddable":true,"href":"https:\/\/hskurd.org\/index.php?rest_route=%2Fwp%2Fv2%2Ftags&post=12144"}],"curies":[{"name":"wp","href":"https:\/\/api.w.org\/{rel}","templated":true}]}}