{"id":12119,"date":"2026-03-05T10:45:19","date_gmt":"2026-03-05T07:45:19","guid":{"rendered":"https:\/\/hskurd.org\/?p=12119"},"modified":"2026-03-05T10:45:19","modified_gmt":"2026-03-05T07:45:19","slug":"timen-me-yen-alikariye-ji-bo-dabinkirina-pediviyen-kocberen-hewlen-xwe-didominin","status":"publish","type":"post","link":"https:\/\/hskurd.org\/?p=12119&lang=ku","title":{"rendered":"T\u00eem\u00ean me y\u00ean al\u00eekariy\u00ea ji bo dab\u00eenkirina p\u00eadiviy\u00ean ko\u00e7ber\u00ean hewl\u00ean xwe didom\u00eenin."},"content":{"rendered":"<div class='avia-iframe-wrap'><iframe loading=\"lazy\" title=\"#al\u00eekariya_b\u00ea_s\u00eenor\" width=\"563\" height=\"1000\" src=\"https:\/\/www.youtube.com\/embed\/I9iAHzP1yvY?feature=oembed\" frameborder=\"0\" allow=\"accelerometer; autoplay; clipboard-write; encrypted-media; gyroscope; picture-in-picture; web-share\" referrerpolicy=\"strict-origin-when-cross-origin\" allowfullscreen><\/iframe><\/div>\n<div class=\"xdj266r x14z9mp xat24cr x1lziwak x1vvkbs x126k92a\">\n<div dir=\"auto\">T\u00eem\u00ean me y\u00ean al\u00eekariy\u00ea hewl\u00ean xwe ji bo dab\u00eenkirina p\u00eadiviy\u00ean bingeh\u00een \u00ean kes\u00ean ku ji Efr\u00een, Ser\u00ea Kaniy\u00ea \u00fb gir\u00ea sip\u00ee<\/div>\n<div dir=\"auto\">hatine ko\u00e7berkirin, li bajar\u00ean Qam\u00ee\u015flo, Hesek\u00ea, D\u00earik \u00fb Am\u00fbd\u00ea didom\u00eenin.<\/div>\n<\/div>\n<div class=\"x14z9mp xat24cr x1lziwak x1vvkbs xtlvy1s x126k92a\">\n<div dir=\"auto\">Em spasiya xwe ya k\u00fbr ji her kes\u00ea ku be\u015fdar\u00ee v\u00ea hewildan\u00ea dibe re p\u00ea\u015fk\u00ea\u015f dikin. Pi\u015ftgiriya we van hewildan\u00ean mirov\u00ee hewcedar dike<\/div>\n<\/div>\n","protected":false},"excerpt":{"rendered":"<p>T\u00eem\u00ean me y\u00ean al\u00eekariy\u00ea hewl\u00ean xwe ji bo dab\u00eenkirina p\u00eadiviy\u00ean bingeh\u00een \u00ean kes\u00ean ku ji Efr\u00een, Ser\u00ea Kaniy\u00ea \u00fb gir\u00ea sip\u00ee hatine ko\u00e7berkirin, li bajar\u00ean Qam\u00ee\u015flo, Hesek\u00ea, D\u00earik \u00fb Am\u00fbd\u00ea didom\u00eenin. Em spasiya xwe ya k\u00fbr ji her kes\u00ea ku be\u015fdar\u00ee v\u00ea hewildan\u00ea dibe re p\u00ea\u015fk\u00ea\u015f dikin. Pi\u015ftgiriya we van hewildan\u00ean mirov\u00ee hewcedar dike<\/p>\n","protected":false},"author":8,"featured_media":0,"comment_status":"closed","ping_status":"closed","sticky":false,"template":"","format":"standard","meta":{"give_campaign_id":0,"ngg_post_thumbnail":0,"jetpack_post_was_ever_published":false,"_jetpack_newsletter_access":"","_jetpack_dont_email_post_to_subs":false,"_jetpack_newsletter_tier_id":0,"_jetpack_memberships_contains_paywalled_content":false,"_jetpack_memberships_contains_paid_content":false,"footnotes":"","jetpack_publicize_message":"","jetpack_publicize_feature_enabled":true,"jetpack_social_post_already_shared":true,"jetpack_social_options":{"image_generator_settings":{"template":"highway","default_image_id":0,"font":"","enabled":false},"version":2},"_links_to":"","_links_to_target":""},"categories":[2171,206,846],"tags":[2552],"class_list":["post-12119","post","type-post","status-publish","format-standard","hentry","category-news-ku","category-rapor","category-tenduristi","tag-heyvasorakurd-alikariyamirovi-pistgiriyakocberan-kocber-bersivamirovi-hevkariyacivaki-bihevre-jibokocberan"],"jetpack_publicize_connections":[],"jetpack_featured_media_url":"","jetpack-related-posts":[{"id":12179,"url":"https:\/\/hskurd.org\/?p=12179&lang=ku","url_meta":{"origin":12119,"position":0},"title":"T\u00eem\u00ean me y\u00ean meydan\u00ee pi\u015ftgiriya malbat\u00ean ko\u00e7ber \u00ean ji Ser\u00ea Kaniy\u00ea \u00fb Efr\u00eena ku li Hesek\u00ea dij\u00een dikin","author":"user55","date":"5 \u0645\u0627\u0631\u0633\u060c 2026","format":false,"excerpt":"T\u00eem\u00ean me y\u00ean meydan\u00ee, ji ber baweriya me bi erk\u00ea ku di her \u015fert \u00fb merc\u00ee de li k\u00ealeka gel\u00ea xwe bisekinin, bi dab\u00eenkirina al\u00eekariy\u00ea \u00fb dab\u00eenkirina p\u00eadiviy\u00ean wan \u00ean bingeh\u00een, pi\u015ftgiriya malbat\u00ean ko\u00e7ber \u00ean ji Res\u00fbl\u00eayn \u00fb Efr\u00een \u00ean li Hesek\u00ea dikin.","rel":"","context":"\u0641\u064a &quot;Ge\u015fep\u00eadan&quot;","block_context":{"text":"Ge\u015fep\u00eadan","link":"https:\/\/hskurd.org\/?cat=862&lang=ku"},"img":{"alt_text":"","src":"https:\/\/i0.wp.com\/hskurd.org\/wp-content\/uploads\/2026\/03\/633505198_1203257158636248_8422840867162292056_n.jpg?fit=1200%2C900&ssl=1&resize=350%2C200","width":350,"height":200,"srcset":"https:\/\/i0.wp.com\/hskurd.org\/wp-content\/uploads\/2026\/03\/633505198_1203257158636248_8422840867162292056_n.jpg?fit=1200%2C900&ssl=1&resize=350%2C200 1x, https:\/\/i0.wp.com\/hskurd.org\/wp-content\/uploads\/2026\/03\/633505198_1203257158636248_8422840867162292056_n.jpg?fit=1200%2C900&ssl=1&resize=525%2C300 1.5x, https:\/\/i0.wp.com\/hskurd.org\/wp-content\/uploads\/2026\/03\/633505198_1203257158636248_8422840867162292056_n.jpg?fit=1200%2C900&ssl=1&resize=700%2C400 2x, https:\/\/i0.wp.com\/hskurd.org\/wp-content\/uploads\/2026\/03\/633505198_1203257158636248_8422840867162292056_n.jpg?fit=1200%2C900&ssl=1&resize=1050%2C600 3x"},"classes":[]},{"id":11991,"url":"https:\/\/hskurd.org\/?p=11991&lang=ku","url_meta":{"origin":12119,"position":1},"title":"Ji ber dorp\u00ea\u00e7a li ser Kobaniy\u00ea heta niha p\u00eanc zarok mirine.","author":"user55","date":"2 \u0645\u0627\u0631\u0633\u060c 2026","format":false,"excerpt":"Ji ber dorp\u00ea\u00e7a li ser Koban\u00ea, heta niha p\u00eanc zarok (di nav wan de zarok\u00ean \u015f\u00eermij hene) jiyana xwe ji dest dane. Ev yek ji ber daketina dijwar a germahiy\u00ea, neb\u00fbna sotemeniya germkirin\u00ea \u00fb k\u00eamb\u00fbna p\u00eadiviy\u00ean bij\u00ee\u015fk\u00ee y\u00ean bingeh\u00een p\u00eak hatiye. Berdewamiya dorp\u00ea\u00e7\u00ea r\u00eeskeke mezin \u00fb rasterast li ser jiyana\u2026","rel":"","context":"\u0641\u064a &quot;News&quot;","block_context":{"text":"News","link":"https:\/\/hskurd.org\/?cat=2171&lang=ku"},"img":{"alt_text":"","src":"https:\/\/i0.wp.com\/hskurd.org\/wp-content\/uploads\/2026\/03\/619316743_1183844280577536_7058343323310123023_n.jpg?fit=960%2C1200&ssl=1&resize=350%2C200","width":350,"height":200,"srcset":"https:\/\/i0.wp.com\/hskurd.org\/wp-content\/uploads\/2026\/03\/619316743_1183844280577536_7058343323310123023_n.jpg?fit=960%2C1200&ssl=1&resize=350%2C200 1x, https:\/\/i0.wp.com\/hskurd.org\/wp-content\/uploads\/2026\/03\/619316743_1183844280577536_7058343323310123023_n.jpg?fit=960%2C1200&ssl=1&resize=525%2C300 1.5x, https:\/\/i0.wp.com\/hskurd.org\/wp-content\/uploads\/2026\/03\/619316743_1183844280577536_7058343323310123023_n.jpg?fit=960%2C1200&ssl=1&resize=700%2C400 2x"},"classes":[]},{"id":1047,"url":"https:\/\/hskurd.org\/?p=1047&lang=ku","url_meta":{"origin":12119,"position":2},"title":"Di kampaniya em Ba\u015f\u00fbr \u00fb Rojhilat bi ten\u00ea nah\u00ealin Gel\u00ea Rojava 129200$ p\u00ea\u015fk\u00ea\u015fkir","author":"heyvasorakurd","date":"25 \u062f\u064a\u0633\u0645\u0628\u0631\u060c 2017","format":false,"excerpt":"Di 12 heyva 11 an 2017 de, erdhej\u00eeneke mezin li rojhilat \u00fb ba\u015f\u00fbr\u00ea kurdistan\u00ea r\u00fb da \u00fb b\u00fb sedem ku bi sedan welat\u00ee ji van her\u00eaman jiyana xwe ji dest bidin \u00fb gelek avah\u00ee bi awayeke gi\u015ft\u00ee\u00a0 yan n\u00eav\u00e7\u00ee tevl\u00ee bingeh\u00ean jiyan\u00ee \u00fb c\u0131h\u00ean x\u0131zmetguzar\u0131y\u00ea\u00a0 di her\u00eam\u00ea de wer\u0131n hilwe\u015fandin\u2026","rel":"","context":"\u0641\u064a &quot;b\u00ea kategoriyan&quot;","block_context":{"text":"b\u00ea kategoriyan","link":"https:\/\/hskurd.org\/?cat=85&lang=ku"},"img":{"alt_text":"","src":"https:\/\/i0.wp.com\/hskurd.org\/wp-content\/uploads\/2017\/12\/IMG-20171222-WA0003-1.jpg?fit=960%2C540&ssl=1&resize=350%2C200","width":350,"height":200,"srcset":"https:\/\/i0.wp.com\/hskurd.org\/wp-content\/uploads\/2017\/12\/IMG-20171222-WA0003-1.jpg?fit=960%2C540&ssl=1&resize=350%2C200 1x, https:\/\/i0.wp.com\/hskurd.org\/wp-content\/uploads\/2017\/12\/IMG-20171222-WA0003-1.jpg?fit=960%2C540&ssl=1&resize=525%2C300 1.5x, https:\/\/i0.wp.com\/hskurd.org\/wp-content\/uploads\/2017\/12\/IMG-20171222-WA0003-1.jpg?fit=960%2C540&ssl=1&resize=700%2C400 2x"},"classes":[]},{"id":12456,"url":"https:\/\/hskurd.org\/?p=12456&lang=ku","url_meta":{"origin":12119,"position":3},"title":"Bersiva me Berdewam e Tev\u00ee Zehmetiyan","author":"user55","date":"2 \u0623\u0628\u0631\u064a\u0644\u060c 2026","format":false,"excerpt":"Tev\u00ee \u015fert \u00fb merc\u00ean heway\u00ea y\u00ean dijwar, t\u00eem\u00ean me y\u00ean bij\u00ee\u015fk\u00ee \u00fb al\u00eekariy\u00ea li bajar\u00ean Hesek\u00ea, Qam\u00ee\u015flo \u00fb D\u00earik\u00ea ji bo bicihan\u00eena erk\u00ea xwe dixebitin. Em her de dixebitin \u00fb pi\u015ftgir\u00ee \u00fb al\u00eekariy\u00ea didin malbat\u00ean ku ji ber lehiy\u00ea \u00fb barana dijwar bandor b\u00fbne. Ewlehiya gel\u00ea me p\u00ea\u015f\u00eeniya me ya\u2026","rel":"","context":"\u0641\u064a &quot;Parastin&quot;","block_context":{"text":"Parastin","link":"https:\/\/hskurd.org\/?cat=840&lang=ku"},"img":{"alt_text":"","src":"https:\/\/i0.wp.com\/hskurd.org\/wp-content\/uploads\/2026\/04\/659724649_1238739908421306_2093451045913552709_n.jpg?fit=900%2C1200&ssl=1&resize=350%2C200","width":350,"height":200,"srcset":"https:\/\/i0.wp.com\/hskurd.org\/wp-content\/uploads\/2026\/04\/659724649_1238739908421306_2093451045913552709_n.jpg?fit=900%2C1200&ssl=1&resize=350%2C200 1x, https:\/\/i0.wp.com\/hskurd.org\/wp-content\/uploads\/2026\/04\/659724649_1238739908421306_2093451045913552709_n.jpg?fit=900%2C1200&ssl=1&resize=525%2C300 1.5x, https:\/\/i0.wp.com\/hskurd.org\/wp-content\/uploads\/2026\/04\/659724649_1238739908421306_2093451045913552709_n.jpg?fit=900%2C1200&ssl=1&resize=700%2C400 2x"},"classes":[]},{"id":12439,"url":"https:\/\/hskurd.org\/?p=12439&lang=ku","url_meta":{"origin":12119,"position":4},"title":"Heyva Sor a Kurd pi\u015ftgiriya xwe ji bo kes\u00ean ko\u00e7ber bi p\u00eadiviy\u00ean bingeh\u00een \u00ean zarokan didom\u00eene.","author":"user55","date":"2 \u0623\u0628\u0631\u064a\u0644\u060c 2026","format":false,"excerpt":"Bi pi\u015ftgiriya Komeleya X\u00earxwaz a Kerk\u00fbk\u00ea, t\u00eem\u00ea Heyva Sor a Kurd a S\u00fbriy\u00ea li stargeh\u00ean li bajar\u00ea Qami\u015flo \u015f\u00eer\u00ea zarokan \u00fb pampers belav kirin, di \u00e7ar\u00e7oveya hewildan\u00ean me y\u00ean berdewam de ji bo pi\u015ftgir\u00eekirina malbat\u00ean ko\u00e7ber \u00fb dab\u00eenkirina hewcedariy\u00ean bingeh\u00een \u00ean zarokan. Em bi berpirsiyariya mirovah\u00ee berdewam dikin ku li\u2026","rel":"","context":"\u0641\u064a &quot;Al\u00eekar\u00ee&quot;","block_context":{"text":"Al\u00eekar\u00ee","link":"https:\/\/hskurd.org\/?cat=2169&lang=ku"},"img":{"alt_text":"","src":"https:\/\/i0.wp.com\/hskurd.org\/wp-content\/uploads\/2026\/04\/660855092_1237658568529440_2733739165113195573_n.jpg?fit=1200%2C800&ssl=1&resize=350%2C200","width":350,"height":200,"srcset":"https:\/\/i0.wp.com\/hskurd.org\/wp-content\/uploads\/2026\/04\/660855092_1237658568529440_2733739165113195573_n.jpg?fit=1200%2C800&ssl=1&resize=350%2C200 1x, https:\/\/i0.wp.com\/hskurd.org\/wp-content\/uploads\/2026\/04\/660855092_1237658568529440_2733739165113195573_n.jpg?fit=1200%2C800&ssl=1&resize=525%2C300 1.5x, https:\/\/i0.wp.com\/hskurd.org\/wp-content\/uploads\/2026\/04\/660855092_1237658568529440_2733739165113195573_n.jpg?fit=1200%2C800&ssl=1&resize=700%2C400 2x, https:\/\/i0.wp.com\/hskurd.org\/wp-content\/uploads\/2026\/04\/660855092_1237658568529440_2733739165113195573_n.jpg?fit=1200%2C800&ssl=1&resize=1050%2C600 3x"},"classes":[]},{"id":11856,"url":"https:\/\/hskurd.org\/?p=11856&lang=ku","url_meta":{"origin":12119,"position":5},"title":"Bangewaz\u00ee ji bo \u015e\u00eax Meqs\u00fbd","author":"user55","date":"14 \u064a\u0646\u0627\u064a\u0631\u060c 2026","format":false,"excerpt":"https:\/\/youtube.com\/shorts\/bbuYlDJlzRI?si=wH-4RAEwmY-5Trof Heyva Sor a Kurd bi r\u00eaya kl\u00een\u00eekek gerok \u00fb ambulansek am\u00fbrkir\u00ee, ku ji h\u00eala karmend\u00ean bij\u00ee\u015fk\u00ee y\u00ean pispor ve t\u00ea xebitandin, al\u00eekariya bij\u00ee\u015fk\u00ee ya bilez ji bo xelk\u00ea me y\u00ean ji tax\u00ean \u015e\u00eax Meqs\u00fbd \u00fb E\u015frefiy\u00ea ko\u00e7ber b\u00fbne peyda kiriye. N\u00eaz\u00eek\u00ee 49 malbat\u00ean ko\u00e7ber gih\u00ee\u015ftine kampa Takoshin li bajar\u00ea\u2026","rel":"","context":"\u0641\u064a &quot;Awarte&quot;","block_context":{"text":"Awarte","link":"https:\/\/hskurd.org\/?cat=848&lang=ku"},"img":{"alt_text":"","src":"https:\/\/i0.wp.com\/img.youtube.com\/vi\/\/0.jpg?resize=350%2C200","width":350,"height":200},"classes":[]}],"jetpack_sharing_enabled":true,"_links":{"self":[{"href":"https:\/\/hskurd.org\/index.php?rest_route=\/wp\/v2\/posts\/12119","targetHints":{"allow":["GET"]}}],"collection":[{"href":"https:\/\/hskurd.org\/index.php?rest_route=\/wp\/v2\/posts"}],"about":[{"href":"https:\/\/hskurd.org\/index.php?rest_route=\/wp\/v2\/types\/post"}],"author":[{"embeddable":true,"href":"https:\/\/hskurd.org\/index.php?rest_route=\/wp\/v2\/users\/8"}],"replies":[{"embeddable":true,"href":"https:\/\/hskurd.org\/index.php?rest_route=%2Fwp%2Fv2%2Fcomments&post=12119"}],"version-history":[{"count":2,"href":"https:\/\/hskurd.org\/index.php?rest_route=\/wp\/v2\/posts\/12119\/revisions"}],"predecessor-version":[{"id":12121,"href":"https:\/\/hskurd.org\/index.php?rest_route=\/wp\/v2\/posts\/12119\/revisions\/12121"}],"wp:attachment":[{"href":"https:\/\/hskurd.org\/index.php?rest_route=%2Fwp%2Fv2%2Fmedia&parent=12119"}],"wp:term":[{"taxonomy":"category","embeddable":true,"href":"https:\/\/hskurd.org\/index.php?rest_route=%2Fwp%2Fv2%2Fcategories&post=12119"},{"taxonomy":"post_tag","embeddable":true,"href":"https:\/\/hskurd.org\/index.php?rest_route=%2Fwp%2Fv2%2Ftags&post=12119"}],"curies":[{"name":"wp","href":"https:\/\/api.w.org\/{rel}","templated":true}]}}