{"id":12091,"date":"2026-03-04T11:26:48","date_gmt":"2026-03-04T08:26:48","guid":{"rendered":"https:\/\/hskurd.org\/?p=12091"},"modified":"2026-03-04T11:26:48","modified_gmt":"2026-03-04T08:26:48","slug":"heyva-sor-a-kurd-alaven-bijiski-yen-nujen-dide-nexwesxaneya-gel-a-li-qamislo","status":"publish","type":"post","link":"https:\/\/hskurd.org\/?p=12091&lang=ku","title":{"rendered":"Heyva Sor a Kurd alav\u00ean bij\u00ee\u015fk\u00ee y\u00ean n\u00fbjen dide Nexwe\u015fxaneya Gel a li Qam\u00ee\u015flo."},"content":{"rendered":"<div class=\"x14z9mp xat24cr x1lziwak x1vvkbs xtlvy1s x126k92a\">\n<div dir=\"auto\">Bi pi\u015ftgiriya Heyva Sor a Kurdistan\u00ea, Heyva Sor a Kurd alav\u00ean bij\u00ee\u015fk\u00ee y\u00ean taybet ji Nexwe\u015fxaneya Gel a li Qam\u00ee\u015flo re bex\u015f kirin, ku bi qas\u00ee 200,000 dolar\u00ee ye.<\/div>\n<\/div>\n<div class=\"x14z9mp xat24cr x1lziwak x1vvkbs xtlvy1s x126k92a\">\n<div dir=\"auto\">Armanca v\u00ea al\u00eekariy\u00ea ew e ku pi\u015ftgiriy\u00ea bide saziy\u00ean bij\u00ee\u015fk\u00ee da ku hewcedariy\u00ean z\u00eade \u00fb xizmet\u00ean tenduristiy\u00ea ji bo nexwe\u015fan \u00fb ko\u00e7beran peyda bikin.<\/div>\n<div dir=\"auto\"><img data-recalc-dims=\"1\" loading=\"lazy\" decoding=\"async\" data-attachment-id=\"12080\" data-permalink=\"https:\/\/hskurd.org\/?attachment_id=12080\" data-orig-file=\"https:\/\/i0.wp.com\/hskurd.org\/wp-content\/uploads\/2026\/03\/626643644_1191387806489850_3984657532349574332_n.jpg?fit=1600%2C1066&amp;ssl=1\" data-orig-size=\"1600,1066\" data-comments-opened=\"0\" data-image-meta=\"{&quot;aperture&quot;:&quot;0&quot;,&quot;credit&quot;:&quot;&quot;,&quot;camera&quot;:&quot;&quot;,&quot;caption&quot;:&quot;&quot;,&quot;created_timestamp&quot;:&quot;0&quot;,&quot;copyright&quot;:&quot;&quot;,&quot;focal_length&quot;:&quot;0&quot;,&quot;iso&quot;:&quot;0&quot;,&quot;shutter_speed&quot;:&quot;0&quot;,&quot;title&quot;:&quot;&quot;,&quot;orientation&quot;:&quot;0&quot;}\" data-image-title=\"626643644_1191387806489850_3984657532349574332_n\" data-image-description=\"\" data-image-caption=\"\" data-medium-file=\"https:\/\/i0.wp.com\/hskurd.org\/wp-content\/uploads\/2026\/03\/626643644_1191387806489850_3984657532349574332_n.jpg?fit=300%2C200&amp;ssl=1\" data-large-file=\"https:\/\/i0.wp.com\/hskurd.org\/wp-content\/uploads\/2026\/03\/626643644_1191387806489850_3984657532349574332_n.jpg?fit=1030%2C686&amp;ssl=1\" class=\"alignnone size-medium wp-image-12080\" src=\"https:\/\/i0.wp.com\/hskurd.org\/wp-content\/uploads\/2026\/03\/626643644_1191387806489850_3984657532349574332_n.jpg?resize=300%2C200&#038;ssl=1\" alt=\"\" width=\"300\" height=\"200\" srcset=\"https:\/\/i0.wp.com\/hskurd.org\/wp-content\/uploads\/2026\/03\/626643644_1191387806489850_3984657532349574332_n.jpg?resize=300%2C200&amp;ssl=1 300w, https:\/\/i0.wp.com\/hskurd.org\/wp-content\/uploads\/2026\/03\/626643644_1191387806489850_3984657532349574332_n.jpg?resize=1030%2C686&amp;ssl=1 1030w, https:\/\/i0.wp.com\/hskurd.org\/wp-content\/uploads\/2026\/03\/626643644_1191387806489850_3984657532349574332_n.jpg?resize=768%2C512&amp;ssl=1 768w, https:\/\/i0.wp.com\/hskurd.org\/wp-content\/uploads\/2026\/03\/626643644_1191387806489850_3984657532349574332_n.jpg?resize=1536%2C1023&amp;ssl=1 1536w, https:\/\/i0.wp.com\/hskurd.org\/wp-content\/uploads\/2026\/03\/626643644_1191387806489850_3984657532349574332_n.jpg?resize=1500%2C999&amp;ssl=1 1500w, https:\/\/i0.wp.com\/hskurd.org\/wp-content\/uploads\/2026\/03\/626643644_1191387806489850_3984657532349574332_n.jpg?resize=705%2C470&amp;ssl=1 705w, https:\/\/i0.wp.com\/hskurd.org\/wp-content\/uploads\/2026\/03\/626643644_1191387806489850_3984657532349574332_n.jpg?w=1600&amp;ssl=1 1600w\" sizes=\"auto, (max-width: 300px) 100vw, 300px\" \/> <img data-recalc-dims=\"1\" loading=\"lazy\" decoding=\"async\" data-attachment-id=\"12082\" data-permalink=\"https:\/\/hskurd.org\/?attachment_id=12082\" data-orig-file=\"https:\/\/i0.wp.com\/hskurd.org\/wp-content\/uploads\/2026\/03\/626016333_1191387879823176_6362821011018715575_n.jpg?fit=1600%2C1066&amp;ssl=1\" data-orig-size=\"1600,1066\" data-comments-opened=\"0\" data-image-meta=\"{&quot;aperture&quot;:&quot;0&quot;,&quot;credit&quot;:&quot;&quot;,&quot;camera&quot;:&quot;&quot;,&quot;caption&quot;:&quot;&quot;,&quot;created_timestamp&quot;:&quot;0&quot;,&quot;copyright&quot;:&quot;&quot;,&quot;focal_length&quot;:&quot;0&quot;,&quot;iso&quot;:&quot;0&quot;,&quot;shutter_speed&quot;:&quot;0&quot;,&quot;title&quot;:&quot;&quot;,&quot;orientation&quot;:&quot;0&quot;}\" data-image-title=\"626016333_1191387879823176_6362821011018715575_n\" data-image-description=\"\" data-image-caption=\"\" data-medium-file=\"https:\/\/i0.wp.com\/hskurd.org\/wp-content\/uploads\/2026\/03\/626016333_1191387879823176_6362821011018715575_n.jpg?fit=300%2C200&amp;ssl=1\" data-large-file=\"https:\/\/i0.wp.com\/hskurd.org\/wp-content\/uploads\/2026\/03\/626016333_1191387879823176_6362821011018715575_n.jpg?fit=1030%2C686&amp;ssl=1\" class=\"alignnone size-medium wp-image-12082\" src=\"https:\/\/i0.wp.com\/hskurd.org\/wp-content\/uploads\/2026\/03\/626016333_1191387879823176_6362821011018715575_n.jpg?resize=300%2C200&#038;ssl=1\" alt=\"\" width=\"300\" height=\"200\" srcset=\"https:\/\/i0.wp.com\/hskurd.org\/wp-content\/uploads\/2026\/03\/626016333_1191387879823176_6362821011018715575_n.jpg?resize=300%2C200&amp;ssl=1 300w, https:\/\/i0.wp.com\/hskurd.org\/wp-content\/uploads\/2026\/03\/626016333_1191387879823176_6362821011018715575_n.jpg?resize=1030%2C686&amp;ssl=1 1030w, https:\/\/i0.wp.com\/hskurd.org\/wp-content\/uploads\/2026\/03\/626016333_1191387879823176_6362821011018715575_n.jpg?resize=768%2C512&amp;ssl=1 768w, https:\/\/i0.wp.com\/hskurd.org\/wp-content\/uploads\/2026\/03\/626016333_1191387879823176_6362821011018715575_n.jpg?resize=1536%2C1023&amp;ssl=1 1536w, https:\/\/i0.wp.com\/hskurd.org\/wp-content\/uploads\/2026\/03\/626016333_1191387879823176_6362821011018715575_n.jpg?resize=1500%2C999&amp;ssl=1 1500w, https:\/\/i0.wp.com\/hskurd.org\/wp-content\/uploads\/2026\/03\/626016333_1191387879823176_6362821011018715575_n.jpg?resize=705%2C470&amp;ssl=1 705w, https:\/\/i0.wp.com\/hskurd.org\/wp-content\/uploads\/2026\/03\/626016333_1191387879823176_6362821011018715575_n.jpg?w=1600&amp;ssl=1 1600w\" sizes=\"auto, (max-width: 300px) 100vw, 300px\" \/><\/div>\n<\/div>\n","protected":false},"excerpt":{"rendered":"<p>Bi pi\u015ftgiriya Heyva Sor a Kurdistan\u00ea, Heyva Sor a Kurd alav\u00ean bij\u00ee\u015fk\u00ee y\u00ean taybet ji Nexwe\u015fxaneya Gel a li Qam\u00ee\u015flo re bex\u015f kirin, ku bi qas\u00ee 200,000 dolar\u00ee ye. Armanca v\u00ea al\u00eekariy\u00ea ew e ku pi\u015ftgiriy\u00ea bide saziy\u00ean bij\u00ee\u015fk\u00ee da ku hewcedariy\u00ean z\u00eade \u00fb xizmet\u00ean tenduristiy\u00ea ji bo nexwe\u015fan \u00fb ko\u00e7beran peyda bikin.<\/p>\n","protected":false},"author":8,"featured_media":12084,"comment_status":"closed","ping_status":"closed","sticky":false,"template":"","format":"standard","meta":{"give_campaign_id":0,"ngg_post_thumbnail":0,"jetpack_post_was_ever_published":false,"_jetpack_newsletter_access":"","_jetpack_dont_email_post_to_subs":false,"_jetpack_newsletter_tier_id":0,"_jetpack_memberships_contains_paywalled_content":false,"_jetpack_memberships_contains_paid_content":false,"footnotes":"","jetpack_publicize_message":"","jetpack_publicize_feature_enabled":true,"jetpack_social_post_already_shared":true,"jetpack_social_options":{"image_generator_settings":{"template":"highway","default_image_id":0,"font":"","enabled":false},"version":2},"_links_to":"","_links_to_target":""},"categories":[848,862,846],"tags":[],"class_list":["post-12091","post","type-post","status-publish","format-standard","has-post-thumbnail","hentry","category-awarte","category-gesepedan","category-tenduristi"],"jetpack_publicize_connections":[],"jetpack_featured_media_url":"https:\/\/i0.wp.com\/hskurd.org\/wp-content\/uploads\/2026\/03\/624841014_1191387216489909_1611825118821074517_n.jpg?fit=1600%2C1066&ssl=1","jetpack-related-posts":[{"id":8002,"url":"https:\/\/hskurd.org\/?p=8002&lang=ku","url_meta":{"origin":12091,"position":0},"title":"Pi\u015ft\u00ee du salan ji avakirin \u00fb amadekirin\u00ea, Heyva Sor a Kurd avahiyeke bij\u00ee\u015fk\u00ee vedike","author":"neruda","date":"20 \u062f\u064a\u0633\u0645\u0628\u0631\u060c 2023","format":false,"excerpt":"\u00a0 Ji ber \u015fert \u00fb merc\u00ean ku gel li her\u00eam\u00ean Bakur \u00fb Rojhilat\u00ea S\u00fbriy\u00ea ki\u015fandine ji zehmetiy\u00ean \u00e7\u00fbn \u00fb hatin\u00ea \u00fb l\u00ea\u00e7\u00fbn\u00ean z\u00eade y\u00ean dermankirin\u00ea li her\u00eam\u00ean din, R\u00eaxistina Heyva Sor a Kurd v\u00ea \u00eavar\u00ea nexwe\u015fxaneya Onkoloj\u00ee, \u015eewat \u00fb Telas\u00eemiya li bajar\u00ea Qami\u015flo vekir, bi amadeb\u00fbna heval, hevkar \u00fb \u00e7end\u2026","rel":"","context":"\u0641\u064a &quot;Ge\u015fep\u00eadan&quot;","block_context":{"text":"Ge\u015fep\u00eadan","link":"https:\/\/hskurd.org\/?cat=862&lang=ku"},"img":{"alt_text":"","src":"https:\/\/i0.wp.com\/hskurd.org\/wp-content\/uploads\/2023\/12\/952A0809.00_05_34_07.Still012.jpg?fit=1200%2C675&ssl=1&resize=350%2C200","width":350,"height":200,"srcset":"https:\/\/i0.wp.com\/hskurd.org\/wp-content\/uploads\/2023\/12\/952A0809.00_05_34_07.Still012.jpg?fit=1200%2C675&ssl=1&resize=350%2C200 1x, https:\/\/i0.wp.com\/hskurd.org\/wp-content\/uploads\/2023\/12\/952A0809.00_05_34_07.Still012.jpg?fit=1200%2C675&ssl=1&resize=525%2C300 1.5x, https:\/\/i0.wp.com\/hskurd.org\/wp-content\/uploads\/2023\/12\/952A0809.00_05_34_07.Still012.jpg?fit=1200%2C675&ssl=1&resize=700%2C400 2x, https:\/\/i0.wp.com\/hskurd.org\/wp-content\/uploads\/2023\/12\/952A0809.00_05_34_07.Still012.jpg?fit=1200%2C675&ssl=1&resize=1050%2C600 3x"},"classes":[]},{"id":11817,"url":"https:\/\/hskurd.org\/?p=11817&lang=ku","url_meta":{"origin":12091,"position":1},"title":"salvegera 13em\u00een a Heyva Sor a Kurd","author":"user55","date":"14 \u062f\u064a\u0633\u0645\u0628\u0631\u060c 2025","format":false,"excerpt":"https:\/\/youtu.be\/nSq8GNWERHQ?si=kJ0Odwg0Dhk2csmf Di salvegera 13em\u00een a Heyva Sor a Kurd de, em v\u00ea r\u00eaw\u00eetiya mirov\u00ee p\u00eeroz dikin ku di sala 2012an de dest p\u00ea kir \u00fb sal bi sal mezin dibe. 13 sal xebata berewam, bersivday\u00eena rew\u015f\u00ean awarte, pi\u015ftgiriya nexwe\u015fxane \u00fb navend\u00ean tenduristiy\u00ea, parastina j\u00eengeh\u00ea \u00fb di her \u015fert \u00fb merc\u00ee\u2026","rel":"","context":"\u0641\u064a &quot;Rapor&quot;","block_context":{"text":"Rapor","link":"https:\/\/hskurd.org\/?cat=206&lang=ku"},"img":{"alt_text":"","src":"https:\/\/i0.wp.com\/img.youtube.com\/vi\/nSq8GNWERHQ\/0.jpg?resize=350%2C200","width":350,"height":200},"classes":[]},{"id":11776,"url":"https:\/\/hskurd.org\/?p=11776&lang=ku","url_meta":{"origin":12091,"position":2},"title":"Heyva Sor a Kurd mehek tij\u00ee \u00e7alak\u00ee \u00fb kampanyay\u00ean hi\u015fyarkirin\u00ea bi daw\u00ee kir.","author":"user55","date":"30 \u0623\u0643\u062a\u0648\u0628\u0631\u060c 2025","format":false,"excerpt":"https:\/\/youtu.be\/oyuu_1jUGAU?si=jjhZL02OQI8Kccb- Heyva Sor a Kurd mehek tij\u00ee \u00e7alak\u00ee \u00fb kampanyay\u00ean hi\u015fyarkirin\u00ea li ser tesp\u00eetkirina z\u00fb ya pence\u015f\u00eara p\u00eas\u00eer\u00ea bi daw\u00ee kir. Di nav wan de c\u00fbrbec\u00fbr \u00e7alak\u00ee heb\u00fbn wek\u00ee: maratonek werz\u00ee\u015f\u00ea bi hevkariya t\u00eema ez biskl\u00eat dixwazim \u00fb r\u00eaxistina Hez; s\u00eam\u00eener\u00ean hi\u015fyarkirin\u00ea bi hevr\u00eaziya Desteya Tenduristiy\u00ea \u00fb Weqfa Jinan li\u2026","rel":"","context":"\u0641\u064a &quot;Ge\u015fep\u00eadan&quot;","block_context":{"text":"Ge\u015fep\u00eadan","link":"https:\/\/hskurd.org\/?cat=862&lang=ku"},"img":{"alt_text":"","src":"https:\/\/i0.wp.com\/img.youtube.com\/vi\/oyuu_1jUGAU\/0.jpg?resize=350%2C200","width":350,"height":200},"classes":[]},{"id":8468,"url":"https:\/\/hskurd.org\/?p=8468&lang=ku","url_meta":{"origin":12091,"position":3},"title":"Nexwe\u015fxaney\u00ean her\u00eam\u00ee pesn\u00ea xebata t\u00eem\u00ean bij\u00ee\u015fk\u00ee didin","author":"neruda","date":"1 \u064a\u0648\u0644\u064a\u0648\u060c 2024","format":false,"excerpt":"R\u00eaxistina Heyva Sor a Kurd li dever\u00ean ku l\u00ea amade ye ji bo leza bersivday\u00een\u00ea \u00fb xizmet\u00ean bij\u00ee\u015fk\u00ee \u00fb mirov\u00ee ku ji bo s\u00fbdmendan p\u00ea\u015fk\u00ea\u015f dike, pesin \u00fb teqd\u00eereke berfireh ji hem\u00fb be\u015f\u00ean civak\u00ea werdigire. T\u00eem\u00ean tendurist\u00ee \u00fb mirov\u00ee y\u00ean gir\u00eaday\u00ee Heyva Sor a Kurd kar\u00eeb\u00fbn bi awayek\u00ee ba\u015f xwe\u2026","rel":"","context":"\u0641\u064a &quot;\u00c7\u00eerok&quot;","block_context":{"text":"\u00c7\u00eerok","link":"https:\/\/hskurd.org\/?cat=831&lang=ku"},"img":{"alt_text":"","src":"https:\/\/i0.wp.com\/hskurd.org\/wp-content\/uploads\/2024\/07\/449318482_777750604520241_3778447784516359484_n.jpg?fit=1200%2C627&ssl=1&resize=350%2C200","width":350,"height":200,"srcset":"https:\/\/i0.wp.com\/hskurd.org\/wp-content\/uploads\/2024\/07\/449318482_777750604520241_3778447784516359484_n.jpg?fit=1200%2C627&ssl=1&resize=350%2C200 1x, https:\/\/i0.wp.com\/hskurd.org\/wp-content\/uploads\/2024\/07\/449318482_777750604520241_3778447784516359484_n.jpg?fit=1200%2C627&ssl=1&resize=525%2C300 1.5x, https:\/\/i0.wp.com\/hskurd.org\/wp-content\/uploads\/2024\/07\/449318482_777750604520241_3778447784516359484_n.jpg?fit=1200%2C627&ssl=1&resize=700%2C400 2x, https:\/\/i0.wp.com\/hskurd.org\/wp-content\/uploads\/2024\/07\/449318482_777750604520241_3778447784516359484_n.jpg?fit=1200%2C627&ssl=1&resize=1050%2C600 3x"},"classes":[]},{"id":7901,"url":"https:\/\/hskurd.org\/?p=7901&lang=ku","url_meta":{"origin":12091,"position":4},"title":"Heyva Sor a Kurd konferansa xwe ya s\u00eayem\u00een li darx\u0131st \u00fb hevserokatiyeke n\u00fb hilb\u0131jart","author":"neruda","date":"24 \u0646\u0648\u0641\u0645\u0628\u0631\u060c 2023","format":false,"excerpt":"\u00cero \u00cen\u00ea, R\u00eaxistina Heyva Sor a Kurd li bajar\u00ea Qami\u015flo s\u00eayem\u00een konferansa xwe bi d\u0131ru\u015fmeya \u201cBi h\u00eav\u00ee \u00fb hevkar\u00ee ji bo avakirina pa\u015ferojeke b\u0131 ron\u00ee \u201d l\u0131 darx\u0131st bi amadeb\u00fbna endam, kadroy\u00ean bij\u00ee\u015fk\u00ee \u00fb r\u00eaxistin\u00ean hevkar di xebat\u00ean mirov\u00ee de li. Tev\u00ee hejmarek ji berpirs\u00ean R\u00eaveberiya Xweser a Bakur \u00fb\u2026","rel":"","context":"\u0641\u064a &quot;Ge\u015fep\u00eadan&quot;","block_context":{"text":"Ge\u015fep\u00eadan","link":"https:\/\/hskurd.org\/?cat=862&lang=ku"},"img":{"alt_text":"","src":"https:\/\/i0.wp.com\/hskurd.org\/wp-content\/uploads\/2023\/11\/952A0191-copy-scaled.jpg?fit=1200%2C800&ssl=1&resize=350%2C200","width":350,"height":200,"srcset":"https:\/\/i0.wp.com\/hskurd.org\/wp-content\/uploads\/2023\/11\/952A0191-copy-scaled.jpg?fit=1200%2C800&ssl=1&resize=350%2C200 1x, https:\/\/i0.wp.com\/hskurd.org\/wp-content\/uploads\/2023\/11\/952A0191-copy-scaled.jpg?fit=1200%2C800&ssl=1&resize=525%2C300 1.5x, https:\/\/i0.wp.com\/hskurd.org\/wp-content\/uploads\/2023\/11\/952A0191-copy-scaled.jpg?fit=1200%2C800&ssl=1&resize=700%2C400 2x, https:\/\/i0.wp.com\/hskurd.org\/wp-content\/uploads\/2023\/11\/952A0191-copy-scaled.jpg?fit=1200%2C800&ssl=1&resize=1050%2C600 3x"},"classes":[]},{"id":12163,"url":"https:\/\/hskurd.org\/?p=12163&lang=ku","url_meta":{"origin":12091,"position":5},"title":"Heyva Sor a Kurd ji pi\u015ftgiriya Kazim E.V. ya Alman s\u00fbd wergirt","author":"user55","date":"5 \u0645\u0627\u0631\u0633\u060c 2026","format":false,"excerpt":"R\u00eaxistina Alman\u00ee Kazim E.V. pi\u015ftgiriyeke gir\u00eeng a bij\u00ee\u015fk\u00ee da nexwe\u015fxaneya pence\u015f\u00ear\u00ea ya Heyva Sor a Kurd, derman\u00ean k\u00eemyoterap\u00ee y\u00ean taybet\u00ee ji bo nexwe\u015f\u00ean pence\u015f\u00ear\u00ea dab\u00een kir. Ev pi\u015ftgir\u00ee di demek\u00ea de t\u00ea ku hewcedariya bi derman\u00ean taybet\u00ee z\u00eade dibe, dibe al\u00eekar ku bar\u00ea nexwe\u015fan \u00fb malbat\u00ean wan sivik bibe \u00fb\u2026","rel":"","context":"\u0641\u064a &quot;Tendurist\u00ee&quot;","block_context":{"text":"Tendurist\u00ee","link":"https:\/\/hskurd.org\/?cat=846&lang=ku"},"img":{"alt_text":"","src":"https:\/\/i0.wp.com\/hskurd.org\/wp-content\/uploads\/2026\/03\/636760760_1203103501984947_6533713487887850976_n.jpg?fit=1200%2C800&ssl=1&resize=350%2C200","width":350,"height":200,"srcset":"https:\/\/i0.wp.com\/hskurd.org\/wp-content\/uploads\/2026\/03\/636760760_1203103501984947_6533713487887850976_n.jpg?fit=1200%2C800&ssl=1&resize=350%2C200 1x, https:\/\/i0.wp.com\/hskurd.org\/wp-content\/uploads\/2026\/03\/636760760_1203103501984947_6533713487887850976_n.jpg?fit=1200%2C800&ssl=1&resize=525%2C300 1.5x, https:\/\/i0.wp.com\/hskurd.org\/wp-content\/uploads\/2026\/03\/636760760_1203103501984947_6533713487887850976_n.jpg?fit=1200%2C800&ssl=1&resize=700%2C400 2x, https:\/\/i0.wp.com\/hskurd.org\/wp-content\/uploads\/2026\/03\/636760760_1203103501984947_6533713487887850976_n.jpg?fit=1200%2C800&ssl=1&resize=1050%2C600 3x"},"classes":[]}],"jetpack_sharing_enabled":true,"_links":{"self":[{"href":"https:\/\/hskurd.org\/index.php?rest_route=\/wp\/v2\/posts\/12091","targetHints":{"allow":["GET"]}}],"collection":[{"href":"https:\/\/hskurd.org\/index.php?rest_route=\/wp\/v2\/posts"}],"about":[{"href":"https:\/\/hskurd.org\/index.php?rest_route=\/wp\/v2\/types\/post"}],"author":[{"embeddable":true,"href":"https:\/\/hskurd.org\/index.php?rest_route=\/wp\/v2\/users\/8"}],"replies":[{"embeddable":true,"href":"https:\/\/hskurd.org\/index.php?rest_route=%2Fwp%2Fv2%2Fcomments&post=12091"}],"version-history":[{"count":2,"href":"https:\/\/hskurd.org\/index.php?rest_route=\/wp\/v2\/posts\/12091\/revisions"}],"predecessor-version":[{"id":12093,"href":"https:\/\/hskurd.org\/index.php?rest_route=\/wp\/v2\/posts\/12091\/revisions\/12093"}],"wp:featuredmedia":[{"embeddable":true,"href":"https:\/\/hskurd.org\/index.php?rest_route=\/wp\/v2\/media\/12084"}],"wp:attachment":[{"href":"https:\/\/hskurd.org\/index.php?rest_route=%2Fwp%2Fv2%2Fmedia&parent=12091"}],"wp:term":[{"taxonomy":"category","embeddable":true,"href":"https:\/\/hskurd.org\/index.php?rest_route=%2Fwp%2Fv2%2Fcategories&post=12091"},{"taxonomy":"post_tag","embeddable":true,"href":"https:\/\/hskurd.org\/index.php?rest_route=%2Fwp%2Fv2%2Ftags&post=12091"}],"curies":[{"name":"wp","href":"https:\/\/api.w.org\/{rel}","templated":true}]}}