{"id":12071,"date":"2026-03-04T11:16:29","date_gmt":"2026-03-04T08:16:29","guid":{"rendered":"https:\/\/hskurd.org\/?p=12071"},"modified":"2026-03-04T11:16:29","modified_gmt":"2026-03-04T08:16:29","slug":"heyva-sor-a-kurd-45-tanken-ave-werdigire-da-ku-pistgiriye-bide-penaberan","status":"publish","type":"post","link":"https:\/\/hskurd.org\/?p=12071&lang=ku","title":{"rendered":"Heyva Sor a Kurd 45 tank\u00ean av\u00ea werdigire da ku pi\u015ftgiriy\u00ea bide penaberan.."},"content":{"rendered":"<p><span class=\"embed-youtube\" style=\"text-align:center; display: block;\"><iframe loading=\"lazy\" class=\"youtube-player\" width=\"1500\" height=\"844\" src=\"https:\/\/www.youtube.com\/embed\/i-60mGSEsWY?version=3&#038;rel=1&#038;showsearch=0&#038;showinfo=1&#038;iv_load_policy=1&#038;fs=1&#038;hl=ar&#038;autohide=2&#038;wmode=transparent\" allowfullscreen=\"true\" style=\"border:0;\" sandbox=\"allow-scripts allow-same-origin allow-popups allow-presentation allow-popups-to-escape-sandbox\"><\/iframe><\/span><\/p>\n<p>Tevgera Civaka Demokrat\u00eek (Tev-Dem) wek\u00ee be\u015fek ji pi\u015ftgiriya xwe ji bo hewldan\u00ean mirov\u00ee, 45 depoy\u00ean av\u00ea, ku her yek ji wan kapas\u00eeteya wan 2,000 l\u00eetre ye, ji bo belavkirina wan li stargeh\u00ean ku ko\u00e7ber l\u00ea dim\u00eenin, bex\u015f\u00ee Heyva Sor a Kurd kir. Ev yek d\u00ea di \u015fert \u00fb merc\u00ean hey\u00ee de al\u00eekariya dab\u00eenkirina p\u00eadiviy\u00ean av\u00ea bike.<\/p>\n","protected":false},"excerpt":{"rendered":"<p>Tevgera Civaka Demokrat\u00eek (Tev-Dem) wek\u00ee be\u015fek ji pi\u015ftgiriya xwe ji bo hewldan\u00ean mirov\u00ee, 45 depoy\u00ean av\u00ea, ku her yek ji wan kapas\u00eeteya wan 2,000 l\u00eetre ye, ji bo belavkirina wan li stargeh\u00ean ku ko\u00e7ber l\u00ea dim\u00eenin, bex\u015f\u00ee Heyva Sor a Kurd kir. Ev yek d\u00ea di \u015fert \u00fb merc\u00ean hey\u00ee de al\u00eekariya dab\u00eenkirina p\u00eadiviy\u00ean av\u00ea [&hellip;]<\/p>\n","protected":false},"author":8,"featured_media":0,"comment_status":"closed","ping_status":"closed","sticky":false,"template":"","format":"standard","meta":{"give_campaign_id":0,"ngg_post_thumbnail":0,"jetpack_post_was_ever_published":false,"_jetpack_newsletter_access":"","_jetpack_dont_email_post_to_subs":false,"_jetpack_newsletter_tier_id":0,"_jetpack_memberships_contains_paywalled_content":false,"_jetpack_memberships_contains_paid_content":false,"footnotes":"","jetpack_publicize_message":"","jetpack_publicize_feature_enabled":true,"jetpack_social_post_already_shared":true,"jetpack_social_options":{"image_generator_settings":{"template":"highway","default_image_id":0,"font":"","enabled":false},"version":2},"_links_to":"","_links_to_target":""},"categories":[855],"tags":[2528],"class_list":["post-12071","post","type-post","status-publish","format-standard","hentry","category-bese-wash","tag-heyvasorakurd-alikariyamirovi-pistgiriyamirovi-navendapenaberan-kocber-depoyenave-ewlehiyaave-bersivalezgin"],"jetpack_publicize_connections":[],"jetpack_featured_media_url":"","jetpack-related-posts":[{"id":12301,"url":"https:\/\/hskurd.org\/?p=12301&lang=ku","url_meta":{"origin":12071,"position":0},"title":"Heyva Sor a Kurd pi\u015ft\u00ee lehiy\u00ea ji malbat\u00ean ko\u00e7ber re stargeh \u00fb al\u00eekar\u00ee peyda dike.","author":"user55","date":"25 \u0645\u0627\u0631\u0633\u060c 2026","format":false,"excerpt":"Di bersiva mirovah\u00ee ya lezg\u00een de, t\u00eem\u00ean Heyva Sor a Kurd 4 malbat\u00ean ko\u00e7ber\u00ean Efr\u00een\u00ea ku ji ber lehiya av\u00ea binxan\u00ee hatib\u00fb tij\u00eekirin, derxistin. Ev malbat hatin veguhestin stargeh\u00ea, ku li wir betan\u00ee, fer\u015f \u00fb selk\u00ean xwarin\u00ea li wan hatin belavkirin, da ku p\u00eadiviy\u00ean wan \u00ean bingeh\u00een b\u00ean peyda kirin\u2026","rel":"","context":"\u0641\u064a &quot;Ge\u015fep\u00eadan&quot;","block_context":{"text":"Ge\u015fep\u00eadan","link":"https:\/\/hskurd.org\/?cat=862&lang=ku"},"img":{"alt_text":"","src":"https:\/\/i0.wp.com\/hskurd.org\/wp-content\/uploads\/2026\/03\/654721845_1231527489142548_3398087199408502018_n.jpg?fit=1200%2C675&ssl=1&resize=350%2C200","width":350,"height":200,"srcset":"https:\/\/i0.wp.com\/hskurd.org\/wp-content\/uploads\/2026\/03\/654721845_1231527489142548_3398087199408502018_n.jpg?fit=1200%2C675&ssl=1&resize=350%2C200 1x, https:\/\/i0.wp.com\/hskurd.org\/wp-content\/uploads\/2026\/03\/654721845_1231527489142548_3398087199408502018_n.jpg?fit=1200%2C675&ssl=1&resize=525%2C300 1.5x, https:\/\/i0.wp.com\/hskurd.org\/wp-content\/uploads\/2026\/03\/654721845_1231527489142548_3398087199408502018_n.jpg?fit=1200%2C675&ssl=1&resize=700%2C400 2x, https:\/\/i0.wp.com\/hskurd.org\/wp-content\/uploads\/2026\/03\/654721845_1231527489142548_3398087199408502018_n.jpg?fit=1200%2C675&ssl=1&resize=1050%2C600 3x"},"classes":[]},{"id":7367,"url":"https:\/\/hskurd.org\/?p=7367&lang=ku","url_meta":{"origin":12071,"position":1},"title":"Heyva Sor a Kurd dest bi projey\u00ean ewlekirina av\u00ea li her\u00eam\u00ean \u015eehba dike","author":"heyvasorakurd","date":"27 \u064a\u0648\u0644\u064a\u0648\u060c 2023","format":false,"excerpt":"\u00a0 \u00a0Ji ber germahiya z\u00eade, \u00fb p\u00ea re kir\u00eeza av\u00ea li her\u00eam\u00ean \u015eehbay\u00ea , Heyva Sor a Kurd dest bi hin projeyan kir ji bo kolandin \u00fb amadekirina b\u00eer\u00ean av\u00ea ji bo z\u00eadetir\u00ee 3,800 ko\u00e7berin li kampa Serdem\u00ea peyda bike. \u00a0 Li kampa Berxwdan \u00fb taxa El-Ehdas j\u00ee projey\u00ean bi\u2026","rel":"","context":"\u0641\u064a &quot;Ge\u015fep\u00eadan&quot;","block_context":{"text":"Ge\u015fep\u00eadan","link":"https:\/\/hskurd.org\/?cat=862&lang=ku"},"img":{"alt_text":"","src":"https:\/\/i0.wp.com\/hskurd.org\/wp-content\/uploads\/2023\/07\/WhatsApp-Image-2023-07-27-at-10.36.32-AM-2.jpeg?fit=1080%2C720&ssl=1&resize=350%2C200","width":350,"height":200,"srcset":"https:\/\/i0.wp.com\/hskurd.org\/wp-content\/uploads\/2023\/07\/WhatsApp-Image-2023-07-27-at-10.36.32-AM-2.jpeg?fit=1080%2C720&ssl=1&resize=350%2C200 1x, https:\/\/i0.wp.com\/hskurd.org\/wp-content\/uploads\/2023\/07\/WhatsApp-Image-2023-07-27-at-10.36.32-AM-2.jpeg?fit=1080%2C720&ssl=1&resize=525%2C300 1.5x, https:\/\/i0.wp.com\/hskurd.org\/wp-content\/uploads\/2023\/07\/WhatsApp-Image-2023-07-27-at-10.36.32-AM-2.jpeg?fit=1080%2C720&ssl=1&resize=700%2C400 2x, https:\/\/i0.wp.com\/hskurd.org\/wp-content\/uploads\/2023\/07\/WhatsApp-Image-2023-07-27-at-10.36.32-AM-2.jpeg?fit=1080%2C720&ssl=1&resize=1050%2C600 3x"},"classes":[]},{"id":7496,"url":"https:\/\/hskurd.org\/?p=7496&lang=ku","url_meta":{"origin":12071,"position":2},"title":"Bi pi\u015ftgiriya Medico International Sw\u00eesre, Heyva Sor a Kurd bi r\u00eaya kl\u00een\u00eek\u00ean gerok p\u00ea\u015fk\u00ea\u015fkirina xizmet\u00ean bij\u00ee\u015fk\u00ee ji xelk\u00ea gund\u00ean d\u00fbr\u00ee gundewar\u00ea Tebqay\u00ea re berdewam dike","author":"heyvasorakurd","date":"10 \u0623\u063a\u0633\u0637\u0633\u060c 2023","format":false,"excerpt":"Xizmet\u00ean Heyva Sor a Kurd li her\u00eam\u00ean d\u00fbr \u00ean Tebqay\u00ea dewam dikin Gih\u00ee\u015ftina dever\u00ean d\u00fbr \u00fb gundewar\u00ee, bi taybet\u00ee y\u00ean ku rast\u00ee gelek qeyranan hatine, di nav de neb\u00fbna xizmetguzariy\u00ean piz\u00ee\u015fk\u00ee ji ber d\u00fbrb\u00fbna wan ji navend\u00ean bajaran, yek ji mezintir\u00een kelem\u00ean ku rast\u00ee p\u00ea\u015fk\u00ea\u015fk\u0131r\u0131na l\u00eaner\u00eena tenduristiy\u00ea ye. Ev e\u2026","rel":"","context":"\u0641\u064a &quot;Tendurist\u00ee&quot;","block_context":{"text":"Tendurist\u00ee","link":"https:\/\/hskurd.org\/?cat=846&lang=ku"},"img":{"alt_text":"","src":"https:\/\/i0.wp.com\/hskurd.org\/wp-content\/uploads\/2023\/08\/DSC_0134-copy-scaled.webp?fit=1200%2C800&ssl=1&resize=350%2C200","width":350,"height":200,"srcset":"https:\/\/i0.wp.com\/hskurd.org\/wp-content\/uploads\/2023\/08\/DSC_0134-copy-scaled.webp?fit=1200%2C800&ssl=1&resize=350%2C200 1x, https:\/\/i0.wp.com\/hskurd.org\/wp-content\/uploads\/2023\/08\/DSC_0134-copy-scaled.webp?fit=1200%2C800&ssl=1&resize=525%2C300 1.5x, https:\/\/i0.wp.com\/hskurd.org\/wp-content\/uploads\/2023\/08\/DSC_0134-copy-scaled.webp?fit=1200%2C800&ssl=1&resize=700%2C400 2x, https:\/\/i0.wp.com\/hskurd.org\/wp-content\/uploads\/2023\/08\/DSC_0134-copy-scaled.webp?fit=1200%2C800&ssl=1&resize=1050%2C600 3x"},"classes":[]},{"id":11208,"url":"https:\/\/hskurd.org\/?p=11208&lang=ku","url_meta":{"origin":12071,"position":3},"title":"Perwerdeyek li ser Ba\u015fkirina Kal\u00eeteya Xizmet\u00ean \u015eopandina Av\u00ea","author":"user55","date":"29 \u0623\u0628\u0631\u064a\u0644\u060c 2025","format":false,"excerpt":"Di berdewamiya bersivday\u00eena Heyva Sor a Kurd de ji bo bergirtina nexwe\u015fiya koleray\u00ea ku Desteya Tenduristiy\u00ea ya R\u00eaveberiya Xweser a Bakur \u00fb Rojhilat\u00ea S\u00fbriy\u00ea di hav\u00eena 2022 'an de belavbuna w\u00ea li gelek deveran ragihand. Xebat\u00ean bersivday\u00een\u00ea y\u00ean her\u00ee berbi\u00e7av ku t\u00eema WASH li Heyva Sor a Kurd \u00fb bi\u2026","rel":"","context":"\u0641\u064a &quot;Be\u015f\u00ea WASH&quot;","block_context":{"text":"Be\u015f\u00ea WASH","link":"https:\/\/hskurd.org\/?cat=855&lang=ku"},"img":{"alt_text":"","src":"https:\/\/i0.wp.com\/hskurd.org\/wp-content\/uploads\/2025\/04\/000198-scaled.jpg?fit=1200%2C800&ssl=1&resize=350%2C200","width":350,"height":200,"srcset":"https:\/\/i0.wp.com\/hskurd.org\/wp-content\/uploads\/2025\/04\/000198-scaled.jpg?fit=1200%2C800&ssl=1&resize=350%2C200 1x, https:\/\/i0.wp.com\/hskurd.org\/wp-content\/uploads\/2025\/04\/000198-scaled.jpg?fit=1200%2C800&ssl=1&resize=525%2C300 1.5x, https:\/\/i0.wp.com\/hskurd.org\/wp-content\/uploads\/2025\/04\/000198-scaled.jpg?fit=1200%2C800&ssl=1&resize=700%2C400 2x, https:\/\/i0.wp.com\/hskurd.org\/wp-content\/uploads\/2025\/04\/000198-scaled.jpg?fit=1200%2C800&ssl=1&resize=1050%2C600 3x"},"classes":[]},{"id":8713,"url":"https:\/\/hskurd.org\/?p=8713&lang=ku","url_meta":{"origin":12071,"position":4},"title":"kampanyeke n\u00fb ji bo peydakirina ava paqij a vexwarin\u00ea ji gel\u00ea bajar\u00ea Hesek\u00ea re","author":"neruda","date":"2 \u0623\u0643\u062a\u0648\u0628\u0631\u060c 2024","format":false,"excerpt":"https:\/\/www.youtube.com\/watch?v=GPZcpUrHgFk&t=1s Di dema ku bajar\u00ea Hesek\u00ea kir\u00eezan jiyan dike , xebat\u00ean Heyva Sor a Kurd wek m\u00eenaka xebat\u00ean mirovah\u00ee y\u00ean gir\u00eeng derdikevin p\u00ea\u015f. Ku r\u00eaxistin li hember\u00ee rew\u015fa hey\u00ee, bi hevkariya Medico Sw\u00eesre ji bo ava paqij a vexwarin\u00ea ji \u015f\u00eaniyan re peyda bike, gelek\u00ee dixebite. Ev hewldan di demeke\u2026","rel":"","context":"\u0641\u064a &quot;Be\u015f\u00ea WASH&quot;","block_context":{"text":"Be\u015f\u00ea WASH","link":"https:\/\/hskurd.org\/?cat=855&lang=ku"},"img":{"alt_text":"","src":"https:\/\/i0.wp.com\/hskurd.org\/wp-content\/uploads\/2024\/10\/wash-swetherland.png?fit=979%2C577&ssl=1&resize=350%2C200","width":350,"height":200,"srcset":"https:\/\/i0.wp.com\/hskurd.org\/wp-content\/uploads\/2024\/10\/wash-swetherland.png?fit=979%2C577&ssl=1&resize=350%2C200 1x, https:\/\/i0.wp.com\/hskurd.org\/wp-content\/uploads\/2024\/10\/wash-swetherland.png?fit=979%2C577&ssl=1&resize=525%2C300 1.5x, https:\/\/i0.wp.com\/hskurd.org\/wp-content\/uploads\/2024\/10\/wash-swetherland.png?fit=979%2C577&ssl=1&resize=700%2C400 2x"},"classes":[]},{"id":6540,"url":"https:\/\/hskurd.org\/?p=6540&lang=ku","url_meta":{"origin":12071,"position":5},"title":"Kampanya temsekirina tank\u00ean av\u00ea li hem\u00fb navend\u00ean Heyva Sor a Kurd","author":"Sozdar","date":"29 \u0633\u0628\u062a\u0645\u0628\u0631\u060c 2022","format":false,"excerpt":"Di \u00e7ar\u00e7oveya bergirtina nexwe\u015fya Kolera ji bo p\u00ea\u015fvebirin \u00fb p\u00ea\u015fxistina be\u015f\u00ea tenduristiy\u00ea \u00fb avakirina derdoreke ewle ji kar re, be\u015f\u00ea av \u00fb paqij\u00ee (WASH) ya Heyva Sor a Kurd kampanya temsekirina tank\u00ean av\u00ea li hem\u00fb navenda desp\u00ea kir. ev \u00e7alak\u00ee ji roja du\u015fem\u00ea 26.09.2022`an de ji navend\u00ean Kantona Hesek\u00ea destp\u00eakir\u2026","rel":"","context":"\u0641\u064a &quot;Be\u015f\u00ea WASH&quot;","block_context":{"text":"Be\u015f\u00ea WASH","link":"https:\/\/hskurd.org\/?cat=855&lang=ku"},"img":{"alt_text":"","src":"https:\/\/i0.wp.com\/hskurd.org\/wp-content\/uploads\/2022\/09\/952A9367-scaled.jpg?fit=1200%2C800&ssl=1&resize=350%2C200","width":350,"height":200,"srcset":"https:\/\/i0.wp.com\/hskurd.org\/wp-content\/uploads\/2022\/09\/952A9367-scaled.jpg?fit=1200%2C800&ssl=1&resize=350%2C200 1x, https:\/\/i0.wp.com\/hskurd.org\/wp-content\/uploads\/2022\/09\/952A9367-scaled.jpg?fit=1200%2C800&ssl=1&resize=525%2C300 1.5x, https:\/\/i0.wp.com\/hskurd.org\/wp-content\/uploads\/2022\/09\/952A9367-scaled.jpg?fit=1200%2C800&ssl=1&resize=700%2C400 2x, https:\/\/i0.wp.com\/hskurd.org\/wp-content\/uploads\/2022\/09\/952A9367-scaled.jpg?fit=1200%2C800&ssl=1&resize=1050%2C600 3x"},"classes":[]}],"jetpack_sharing_enabled":true,"_links":{"self":[{"href":"https:\/\/hskurd.org\/index.php?rest_route=\/wp\/v2\/posts\/12071","targetHints":{"allow":["GET"]}}],"collection":[{"href":"https:\/\/hskurd.org\/index.php?rest_route=\/wp\/v2\/posts"}],"about":[{"href":"https:\/\/hskurd.org\/index.php?rest_route=\/wp\/v2\/types\/post"}],"author":[{"embeddable":true,"href":"https:\/\/hskurd.org\/index.php?rest_route=\/wp\/v2\/users\/8"}],"replies":[{"embeddable":true,"href":"https:\/\/hskurd.org\/index.php?rest_route=%2Fwp%2Fv2%2Fcomments&post=12071"}],"version-history":[{"count":2,"href":"https:\/\/hskurd.org\/index.php?rest_route=\/wp\/v2\/posts\/12071\/revisions"}],"predecessor-version":[{"id":12073,"href":"https:\/\/hskurd.org\/index.php?rest_route=\/wp\/v2\/posts\/12071\/revisions\/12073"}],"wp:attachment":[{"href":"https:\/\/hskurd.org\/index.php?rest_route=%2Fwp%2Fv2%2Fmedia&parent=12071"}],"wp:term":[{"taxonomy":"category","embeddable":true,"href":"https:\/\/hskurd.org\/index.php?rest_route=%2Fwp%2Fv2%2Fcategories&post=12071"},{"taxonomy":"post_tag","embeddable":true,"href":"https:\/\/hskurd.org\/index.php?rest_route=%2Fwp%2Fv2%2Ftags&post=12071"}],"curies":[{"name":"wp","href":"https:\/\/api.w.org\/{rel}","templated":true}]}}