{"id":12041,"date":"2026-03-03T13:30:37","date_gmt":"2026-03-03T10:30:37","guid":{"rendered":"https:\/\/hskurd.org\/?p=12041"},"modified":"2026-03-03T13:30:37","modified_gmt":"2026-03-03T10:30:37","slug":"a-humanitarian-appeal-from-the-kurdish-red-crescent","status":"publish","type":"post","link":"https:\/\/hskurd.org\/?p=12041&lang=en","title":{"rendered":"A humanitarian appeal from the Kurdish Red Crescent"},"content":{"rendered":"<div class=\"x14z9mp xat24cr x1lziwak x1vvkbs xtlvy1s x126k92a\">\n<div dir=\"auto\">To the relevant authorities and the public:<\/div>\n<\/div>\n<div class=\"x14z9mp xat24cr x1lziwak x1vvkbs xtlvy1s x126k92a\">\n<div dir=\"auto\">We are writing to you with deep concern and regret to report the loss of contact with our colleague, Taher Rakan Taher, also known as &#8220;Anas Amsha,&#8221; since 2:00 PM on January 18, 2026. Our colleague was performing his noble humanitarian duty of saving lives while traveling from Raqqa to Hasakah, as part of relief and humanitarian efforts to assist those affected by the conflict.<\/div>\n<\/div>\n<div class=\"x14z9mp xat24cr x1lziwak x1vvkbs xtlvy1s x126k92a\">\n<div dir=\"auto\">We have received alarming reports indicating that civilian convoys and medical personnel are being targeted by armed groups in the area. Based on these reports, we are deeply concerned that our colleague, Taher Rakan Taher, may have been injured or captured by these groups.<\/div>\n<\/div>\n<div class=\"x14z9mp xat24cr x1lziwak x1vvkbs xtlvy1s x126k92a\">\n<div dir=\"auto\">Therefore, we urge anyone with information about our colleague, his whereabouts, or who is holding him, to contact us immediately and provide any information that could help locate and secure his release. Targeting medical and humanitarian personnel in conflict zones constitutes a war crime under international law and conventions, and represents a flagrant violation of human rights.<\/div>\n<\/div>\n<div class=\"x14z9mp xat24cr x1lziwak x1vvkbs xtlvy1s x126k92a\">\n<div dir=\"auto\">While we hold the Syrian government responsible for protecting medical and humanitarian personnel working in conflict zones, we also hold it fully responsible for the consequences of this incident and for the safety of our colleague, Taher Rakan Taher. We urge the government to take immediate action and all necessary measures to ensure his immediate release and safe return to his family.<\/div>\n<\/div>\n<div class=\"x14z9mp xat24cr x1lziwak x1vvkbs xtlvy1s x126k92a\">\n<div dir=\"auto\">In conclusion, we hope for your cooperation and prompt response to this appeal, and we look forward to receiving any information that may help in rescuing our colleague, Taher Rakan Taher, and enabling him to resume his noble humanitarian work.<\/div>\n<\/div>\n","protected":false},"excerpt":{"rendered":"<p>To the relevant authorities and the public: We are writing to you with deep concern and regret to report the loss of contact with our colleague, Taher Rakan Taher, also known as &#8220;Anas Amsha,&#8221; since 2:00 PM on January 18, 2026. Our colleague was performing his noble humanitarian duty of saving lives while traveling from [&hellip;]<\/p>\n","protected":false},"author":8,"featured_media":12035,"comment_status":"closed","ping_status":"closed","sticky":false,"template":"","format":"standard","meta":{"give_campaign_id":0,"ngg_post_thumbnail":0,"jetpack_post_was_ever_published":false,"_jetpack_newsletter_access":"","_jetpack_dont_email_post_to_subs":false,"_jetpack_newsletter_tier_id":0,"_jetpack_memberships_contains_paywalled_content":false,"_jetpack_memberships_contains_paid_content":false,"footnotes":"","jetpack_publicize_message":"","jetpack_publicize_feature_enabled":true,"jetpack_social_post_already_shared":true,"jetpack_social_options":{"image_generator_settings":{"template":"highway","default_image_id":0,"font":"","enabled":false},"version":2},"_links_to":"","_links_to_target":""},"categories":[2034,835],"tags":[],"class_list":["post-12041","post","type-post","status-publish","format-standard","has-post-thumbnail","hentry","category-news-en","category-reports"],"jetpack_publicize_connections":[],"jetpack_featured_media_url":"https:\/\/i0.wp.com\/hskurd.org\/wp-content\/uploads\/2026\/03\/624721901_1187267790235185_808748452703421968_n.jpg?fit=526%2C705&ssl=1","jetpack-related-posts":[{"id":6921,"url":"https:\/\/hskurd.org\/?p=6921&lang=en","url_meta":{"origin":12041,"position":0},"title":"For the attention of all competent bodies and humanitarian agencies","author":"Sozdar","date":"13 \u0641\u0628\u0631\u0627\u064a\u0631\u060c 2023","format":false,"excerpt":"On the morning of 6 February 2023, consecutive earthquakes of magnitude 7.7 and 7.6 struck both Turkey and Syria, with majority-Kurdish regions particularly affected. A major humanitarian catastrophe has resulted, with over 25,000 deaths to date and millions displaced. Many political and civil institutions, organisations and individual actors, from both\u2026","rel":"","context":"\u0641\u064a &quot;Protection&quot;","block_context":{"text":"Protection","link":"https:\/\/hskurd.org\/?cat=129&lang=en"},"img":{"alt_text":"","src":"https:\/\/i0.wp.com\/hskurd.org\/wp-content\/uploads\/2020\/04\/%D8%AC%D8%AF%D9%8A%D8%AF-%D9%87%D9%84%D8%A7%D9%84-%D8%A7%D8%AD%D9%85%D8%B1.jpg?fit=1200%2C1200&ssl=1&resize=350%2C200","width":350,"height":200,"srcset":"https:\/\/i0.wp.com\/hskurd.org\/wp-content\/uploads\/2020\/04\/%D8%AC%D8%AF%D9%8A%D8%AF-%D9%87%D9%84%D8%A7%D9%84-%D8%A7%D8%AD%D9%85%D8%B1.jpg?fit=1200%2C1200&ssl=1&resize=350%2C200 1x, https:\/\/i0.wp.com\/hskurd.org\/wp-content\/uploads\/2020\/04\/%D8%AC%D8%AF%D9%8A%D8%AF-%D9%87%D9%84%D8%A7%D9%84-%D8%A7%D8%AD%D9%85%D8%B1.jpg?fit=1200%2C1200&ssl=1&resize=525%2C300 1.5x, https:\/\/i0.wp.com\/hskurd.org\/wp-content\/uploads\/2020\/04\/%D8%AC%D8%AF%D9%8A%D8%AF-%D9%87%D9%84%D8%A7%D9%84-%D8%A7%D8%AD%D9%85%D8%B1.jpg?fit=1200%2C1200&ssl=1&resize=700%2C400 2x, https:\/\/i0.wp.com\/hskurd.org\/wp-content\/uploads\/2020\/04\/%D8%AC%D8%AF%D9%8A%D8%AF-%D9%87%D9%84%D8%A7%D9%84-%D8%A7%D8%AD%D9%85%D8%B1.jpg?fit=1200%2C1200&ssl=1&resize=1050%2C600 3x"},"classes":[]},{"id":6939,"url":"https:\/\/hskurd.org\/?p=6939&lang=en","url_meta":{"origin":12041,"position":1},"title":"Statement to the world public opinion","author":"Sozdar","date":"24 \u0641\u0628\u0631\u0627\u064a\u0631\u060c 2023","format":false,"excerpt":"The earthquake that occurred on February 6, 2023, resulted in a great humanitarian catastrophe and great damages that the people of the region suffer until this moment Accordingly, the global and regional humanitarian community made a great effort to provide financial and moral assistance to the people affected by this\u2026","rel":"","context":"\u0641\u064a &quot;Reports&quot;","block_context":{"text":"Reports","link":"https:\/\/hskurd.org\/?cat=835&lang=en"},"img":{"alt_text":"","src":"https:\/\/i0.wp.com\/hskurd.org\/wp-content\/uploads\/2023\/02\/%D8%A8%D8%AF%D9%88%D9%86-%D8%A7%D8%B3%D9%85325_20230222135539.png?fit=1200%2C1200&ssl=1&resize=350%2C200","width":350,"height":200,"srcset":"https:\/\/i0.wp.com\/hskurd.org\/wp-content\/uploads\/2023\/02\/%D8%A8%D8%AF%D9%88%D9%86-%D8%A7%D8%B3%D9%85325_20230222135539.png?fit=1200%2C1200&ssl=1&resize=350%2C200 1x, https:\/\/i0.wp.com\/hskurd.org\/wp-content\/uploads\/2023\/02\/%D8%A8%D8%AF%D9%88%D9%86-%D8%A7%D8%B3%D9%85325_20230222135539.png?fit=1200%2C1200&ssl=1&resize=525%2C300 1.5x, https:\/\/i0.wp.com\/hskurd.org\/wp-content\/uploads\/2023\/02\/%D8%A8%D8%AF%D9%88%D9%86-%D8%A7%D8%B3%D9%85325_20230222135539.png?fit=1200%2C1200&ssl=1&resize=700%2C400 2x, https:\/\/i0.wp.com\/hskurd.org\/wp-content\/uploads\/2023\/02\/%D8%A8%D8%AF%D9%88%D9%86-%D8%A7%D8%B3%D9%85325_20230222135539.png?fit=1200%2C1200&ssl=1&resize=1050%2C600 3x"},"classes":[]},{"id":10993,"url":"https:\/\/hskurd.org\/?p=10993&lang=en","url_meta":{"origin":12041,"position":2},"title":"A humanitarian initiative to relief our people in the Syrian coast","author":"user55","date":"16 \u0645\u0627\u0631\u0633\u060c 2025","format":false,"excerpt":"\u00a0 Due to the painful events on the Syrian coast and the worsening humanitarian situation there as a result of an inadequate humanitarian and relief response, we at the Kurdish Red Crescent\u2014initiated with the civil society in northeastern Syria and in coordination with the relevant authorities\u2014have begun preparing a humanitarian\u2026","rel":"","context":"\u0641\u064a &quot;Awareness Campaigns&quot;","block_context":{"text":"Awareness Campaigns","link":"https:\/\/hskurd.org\/?cat=2173&lang=en"},"img":{"alt_text":"","src":"https:\/\/i0.wp.com\/hskurd.org\/wp-content\/uploads\/2025\/03\/a061514c-e002-4c9d-bc6a-e3b019ebebbc.jpeg?fit=1200%2C800&ssl=1&resize=350%2C200","width":350,"height":200,"srcset":"https:\/\/i0.wp.com\/hskurd.org\/wp-content\/uploads\/2025\/03\/a061514c-e002-4c9d-bc6a-e3b019ebebbc.jpeg?fit=1200%2C800&ssl=1&resize=350%2C200 1x, https:\/\/i0.wp.com\/hskurd.org\/wp-content\/uploads\/2025\/03\/a061514c-e002-4c9d-bc6a-e3b019ebebbc.jpeg?fit=1200%2C800&ssl=1&resize=525%2C300 1.5x, https:\/\/i0.wp.com\/hskurd.org\/wp-content\/uploads\/2025\/03\/a061514c-e002-4c9d-bc6a-e3b019ebebbc.jpeg?fit=1200%2C800&ssl=1&resize=700%2C400 2x, https:\/\/i0.wp.com\/hskurd.org\/wp-content\/uploads\/2025\/03\/a061514c-e002-4c9d-bc6a-e3b019ebebbc.jpeg?fit=1200%2C800&ssl=1&resize=1050%2C600 3x"},"classes":[]},{"id":1347,"url":"https:\/\/hskurd.org\/?p=1347&lang=en","url_meta":{"origin":12041,"position":3},"title":"Call for Solidarity with Efr\u00een","author":"heyvasorakurd","date":"14 \u0645\u0627\u0631\u0633\u060c 2018","format":false,"excerpt":"\u00a0 Preface This document includes declaration of several NGO\u2019s and humanitarian organizations. Contents - NGOs and Humanitarian Actors signed on the statement. - Efr\u00een - Detailed file on the committed massacres done by the Turkish airstrikes and its allies on Efr\u00een. - Suspirations of using chemical weapons in Efr\u00een. -\u2026","rel":"","context":"\u0641\u064a &quot;Reports&quot;","block_context":{"text":"Reports","link":"https:\/\/hskurd.org\/?cat=835&lang=en"},"img":{"alt_text":"","src":"https:\/\/i0.wp.com\/hskurd.org\/wp-content\/uploads\/2018\/03\/684bd81b-6410-4438-bc93-908b0be297a0.jpg?fit=810%2C1080&ssl=1&resize=350%2C200","width":350,"height":200,"srcset":"https:\/\/i0.wp.com\/hskurd.org\/wp-content\/uploads\/2018\/03\/684bd81b-6410-4438-bc93-908b0be297a0.jpg?fit=810%2C1080&ssl=1&resize=350%2C200 1x, https:\/\/i0.wp.com\/hskurd.org\/wp-content\/uploads\/2018\/03\/684bd81b-6410-4438-bc93-908b0be297a0.jpg?fit=810%2C1080&ssl=1&resize=525%2C300 1.5x, https:\/\/i0.wp.com\/hskurd.org\/wp-content\/uploads\/2018\/03\/684bd81b-6410-4438-bc93-908b0be297a0.jpg?fit=810%2C1080&ssl=1&resize=700%2C400 2x"},"classes":[]},{"id":3239,"url":"https:\/\/hskurd.org\/?p=3239&lang=en","url_meta":{"origin":12041,"position":4},"title":"Turkish Government cut water supplies on Al-Hasaka city","author":"heyvasorakurd","date":"29 \u0645\u0627\u0631\u0633\u060c 2020","format":false,"excerpt":"Turkish Government cut water supplies A violation of IHL who can be fatal of thousands of people. On Saturday, Turkish Government cut the flow from a reservoir that supplies water to areas in northeastern Syria\u2019s Hasakah province that the Kurdish-led local authorities control. The Alouk Water Station is located near\u2026","rel":"","context":"\u0641\u064a &quot;Reports&quot;","block_context":{"text":"Reports","link":"https:\/\/hskurd.org\/?cat=835&lang=en"},"img":{"alt_text":"","src":"https:\/\/i0.wp.com\/hskurd.org\/wp-content\/uploads\/2020\/03\/%D8%A8%D8%A8%D8%A8.jpg?fit=1080%2C1080&ssl=1&resize=350%2C200","width":350,"height":200,"srcset":"https:\/\/i0.wp.com\/hskurd.org\/wp-content\/uploads\/2020\/03\/%D8%A8%D8%A8%D8%A8.jpg?fit=1080%2C1080&ssl=1&resize=350%2C200 1x, https:\/\/i0.wp.com\/hskurd.org\/wp-content\/uploads\/2020\/03\/%D8%A8%D8%A8%D8%A8.jpg?fit=1080%2C1080&ssl=1&resize=525%2C300 1.5x, https:\/\/i0.wp.com\/hskurd.org\/wp-content\/uploads\/2020\/03\/%D8%A8%D8%A8%D8%A8.jpg?fit=1080%2C1080&ssl=1&resize=700%2C400 2x, https:\/\/i0.wp.com\/hskurd.org\/wp-content\/uploads\/2020\/03\/%D8%A8%D8%A8%D8%A8.jpg?fit=1080%2C1080&ssl=1&resize=1050%2C600 3x"},"classes":[]},{"id":12525,"url":"https:\/\/hskurd.org\/?p=12525&lang=en","url_meta":{"origin":12041,"position":5},"title":"A humanitarian campaign in Qamishli concluded with support for 2,800 displaced families, and distribution continues in other areas.","author":"user55","date":"13 \u0623\u0628\u0631\u064a\u0644\u060c 2026","format":false,"excerpt":"https:\/\/youtube.com\/shorts\/FaK9AS8uUk4?si=1rYjAktV3Cf4-tmL With the conclusion of our humanitarian campaign in Qamishli, we have reached 2,800 displaced families from Afrin, residing in 114 shelters within the city. Throughout the campaign, our goal was to stand by every family in need and alleviate some of their daily burdens by distributing food baskets, given\u2026","rel":"","context":"\u0641\u064a &quot;relief&quot;","block_context":{"text":"relief","link":"https:\/\/hskurd.org\/?cat=1589&lang=en"},"img":{"alt_text":"","src":"https:\/\/i0.wp.com\/img.youtube.com\/vi\/\/0.jpg?resize=350%2C200","width":350,"height":200},"classes":[]}],"jetpack_sharing_enabled":true,"_links":{"self":[{"href":"https:\/\/hskurd.org\/index.php?rest_route=\/wp\/v2\/posts\/12041","targetHints":{"allow":["GET"]}}],"collection":[{"href":"https:\/\/hskurd.org\/index.php?rest_route=\/wp\/v2\/posts"}],"about":[{"href":"https:\/\/hskurd.org\/index.php?rest_route=\/wp\/v2\/types\/post"}],"author":[{"embeddable":true,"href":"https:\/\/hskurd.org\/index.php?rest_route=\/wp\/v2\/users\/8"}],"replies":[{"embeddable":true,"href":"https:\/\/hskurd.org\/index.php?rest_route=%2Fwp%2Fv2%2Fcomments&post=12041"}],"version-history":[{"count":1,"href":"https:\/\/hskurd.org\/index.php?rest_route=\/wp\/v2\/posts\/12041\/revisions"}],"predecessor-version":[{"id":12042,"href":"https:\/\/hskurd.org\/index.php?rest_route=\/wp\/v2\/posts\/12041\/revisions\/12042"}],"wp:featuredmedia":[{"embeddable":true,"href":"https:\/\/hskurd.org\/index.php?rest_route=\/wp\/v2\/media\/12035"}],"wp:attachment":[{"href":"https:\/\/hskurd.org\/index.php?rest_route=%2Fwp%2Fv2%2Fmedia&parent=12041"}],"wp:term":[{"taxonomy":"category","embeddable":true,"href":"https:\/\/hskurd.org\/index.php?rest_route=%2Fwp%2Fv2%2Fcategories&post=12041"},{"taxonomy":"post_tag","embeddable":true,"href":"https:\/\/hskurd.org\/index.php?rest_route=%2Fwp%2Fv2%2Ftags&post=12041"}],"curies":[{"name":"wp","href":"https:\/\/api.w.org\/{rel}","templated":true}]}}