{"id":12016,"date":"2026-03-03T13:08:48","date_gmt":"2026-03-03T10:08:48","guid":{"rendered":"https:\/\/hskurd.org\/?p=12016"},"modified":"2026-03-03T13:08:48","modified_gmt":"2026-03-03T10:08:48","slug":"6-kliniken-gerok-ji-bo-dabinkirina-xizmeten-bijiski-yen-gisti","status":"publish","type":"post","link":"https:\/\/hskurd.org\/?p=12016&lang=ku","title":{"rendered":"(6) Kl\u00een\u00eek\u00ean gerok ji bo dab\u00eenkirina xizmet\u00ean bij\u00ee\u015fk\u00ee y\u00ean gi\u015ft\u00ee"},"content":{"rendered":"<p><span class=\"embed-youtube\" style=\"text-align:center; display: block;\"><iframe loading=\"lazy\" class=\"youtube-player\" width=\"1500\" height=\"844\" src=\"https:\/\/www.youtube.com\/embed\/WM7J0jhywxI?version=3&#038;rel=1&#038;showsearch=0&#038;showinfo=1&#038;iv_load_policy=1&#038;fs=1&#038;hl=ar&#038;autohide=2&#038;wmode=transparent\" allowfullscreen=\"true\" style=\"border:0;\" sandbox=\"allow-scripts allow-same-origin allow-popups allow-presentation allow-popups-to-escape-sandbox\"><\/iframe><\/span><\/p>\n<div dir=\"auto\">Bi pi\u015ftgiriya r\u00eaxistina medico international, 6 kl\u00een\u00eek\u00ean gerok ji bo p\u00ea\u015fk\u00ea\u015fkirina xizmet\u00ean bij\u00ee\u015fk\u00ee y\u00ean gi\u015ft\u00ee t\u00ean xebitandin. Ev kl\u00een\u00eek rojane di\u00e7in navend\u00ean vegirtina penaber\u00ean Efr\u00een\u00ea y\u00ean ku bi dar\u00ea zor\u00ea hatine ko\u00e7berkirin, li bajar\u00ea Qami\u015flo \u00fb gundewar\u00ean w\u00ea, her wiha li bajarok\u00ean Am\u00fbd\u00ea \u00fb Tirbespiy\u00ea.<\/div>\n<div dir=\"auto\">Armanca v\u00ea destp\u00ea\u015fxeriya han ew e ku xizmet\u00ean tenduristiy\u00ea y\u00ean bingeh\u00een bigih\u00eenin \u00e7\u00een\u00ean her\u00ee k\u00eamderfet ji ni\u015ftecih\u00ean ko\u00e7ber, bi riya gih\u00ee\u015ftina rasterast bo cih\u00ean wan \u00ean r\u00fbni\u015ftin\u00ea y\u00ean demk\u00ee. Ev hewildan pabendb\u00fbna r\u00eaxistin\u00ea n\u00ee\u015fan didin ji bo dab\u00eenkirina p\u00eadiviy\u00ean tenduristiy\u00ea y\u00ean lezg\u00een ji bo ko\u00e7beran \u00fb k\u00eamkirina bar\u00ea li ser pergala tenduristiy\u00ea ya her\u00eam\u00ee.<\/div>\n","protected":false},"excerpt":{"rendered":"<p>Bi pi\u015ftgiriya r\u00eaxistina medico international, 6 kl\u00een\u00eek\u00ean gerok ji bo p\u00ea\u015fk\u00ea\u015fkirina xizmet\u00ean bij\u00ee\u015fk\u00ee y\u00ean gi\u015ft\u00ee t\u00ean xebitandin. Ev kl\u00een\u00eek rojane di\u00e7in navend\u00ean vegirtina penaber\u00ean Efr\u00een\u00ea y\u00ean ku bi dar\u00ea zor\u00ea hatine ko\u00e7berkirin, li bajar\u00ea Qami\u015flo \u00fb gundewar\u00ean w\u00ea, her wiha li bajarok\u00ean Am\u00fbd\u00ea \u00fb Tirbespiy\u00ea. Armanca v\u00ea destp\u00ea\u015fxeriya han ew e ku xizmet\u00ean tenduristiy\u00ea y\u00ean [&hellip;]<\/p>\n","protected":false},"author":8,"featured_media":0,"comment_status":"closed","ping_status":"closed","sticky":false,"template":"","format":"standard","meta":{"give_campaign_id":0,"ngg_post_thumbnail":0,"jetpack_post_was_ever_published":false,"_jetpack_newsletter_access":"","_jetpack_dont_email_post_to_subs":false,"_jetpack_newsletter_tier_id":0,"_jetpack_memberships_contains_paywalled_content":false,"_jetpack_memberships_contains_paid_content":false,"footnotes":"","jetpack_publicize_message":"","jetpack_publicize_feature_enabled":true,"jetpack_social_post_already_shared":true,"jetpack_social_options":{"image_generator_settings":{"template":"highway","default_image_id":0,"font":"","enabled":false},"version":2},"_links_to":"","_links_to_target":""},"categories":[848,862,846],"tags":[],"class_list":["post-12016","post","type-post","status-publish","format-standard","hentry","category-awarte","category-gesepedan","category-tenduristi"],"jetpack_publicize_connections":[],"jetpack_featured_media_url":"","jetpack-related-posts":[{"id":12678,"url":"https:\/\/hskurd.org\/?p=12678&lang=ku","url_meta":{"origin":12016,"position":0},"title":"Heyva Sor a Kurd kampanyaya kl\u00een\u00eek\u00ean gerok li gund\u00ean D\u00earik, Qami\u015flo, Am\u00fbd\u00ea \u00fb girk\u00ea leg\u00ea dest p\u00ea kir","author":"user55","date":"20 \u0623\u0628\u0631\u064a\u0644\u060c 2026","format":false,"excerpt":"https:\/\/youtube.com\/shorts\/GJHWMIQPmP8?si=DVwR4l8mBb12ZTBn Di \u00e7ar\u00e7oveya hewldan\u00ean me y\u00ean berdewam de ji bo gih\u00ee\u015ftina gel\u00ea me y\u00ean gundewaran, Heyva Sor a Kurd dest bi kampanya kl\u00een\u00eek\u00ean gerok li gund\u00ean D\u00earik, Qami\u015flo, Am\u00fbd\u00ea \u00fb Girk\u00ea Leg\u00ea kir. Ev kl\u00een\u00eek xizmet\u00ean tenduristiy\u00ea y\u00ean cuda p\u00ea\u015fk\u00ea\u015f dikin, di nav de l\u00eaner\u00een, derman\u00ean ji bo nexwe\u015fiy\u00ean gi\u015ft\u00ee\u2026","rel":"","context":"\u0641\u064a &quot;Al\u00eekar\u00ee&quot;","block_context":{"text":"Al\u00eekar\u00ee","link":"https:\/\/hskurd.org\/?cat=2169&lang=ku"},"img":{"alt_text":"","src":"https:\/\/i0.wp.com\/img.youtube.com\/vi\/\/0.jpg?resize=350%2C200","width":350,"height":200},"classes":[]},{"id":5835,"url":"https:\/\/hskurd.org\/?p=5835&lang=ku","url_meta":{"origin":12016,"position":1},"title":"Navenda Minbic\u00ea m\u00eenakeke zind\u00ee ye di l\u00eaner\u00eena tenduristiy\u00ea ya seretay\u00ee de","author":"Sozdar","date":"29 \u062f\u064a\u0633\u0645\u0628\u0631\u060c 2021","format":false,"excerpt":"\u00a0 Xizmet\u00ean l\u00eaner\u00eena tendurist\u00ee ya seretay\u00ee li gor hewcedariy\u00ean kes, malbat \u00fb civakan ji bo \u00e7areserkirin \u00fb refahiya tendurist\u00ee di mil\u00ea la\u015f\u00ee, der\u00fbn\u00ee \u00fb civak\u00ee y\u00ean berfireh bi hev ve gir\u00eaday\u00ee ye, ku l\u00eaner\u00eena kesan bi gi\u015ft\u00ee \u00fb bi hem\u00fb hewcedariy\u00ean tenduristiy\u00ea di hem\u00fb jiyan\u00ea de, ne bi komek nexwe\u015fiy\u00ean\u2026","rel":"","context":"\u0641\u064a &quot;Ge\u015fep\u00eadan&quot;","block_context":{"text":"Ge\u015fep\u00eadan","link":"https:\/\/hskurd.org\/?cat=862&lang=ku"},"img":{"alt_text":"","src":"https:\/\/i0.wp.com\/hskurd.org\/wp-content\/uploads\/2021\/12\/952A1641-copy-2-scaled.jpg?fit=1200%2C800&ssl=1&resize=350%2C200","width":350,"height":200,"srcset":"https:\/\/i0.wp.com\/hskurd.org\/wp-content\/uploads\/2021\/12\/952A1641-copy-2-scaled.jpg?fit=1200%2C800&ssl=1&resize=350%2C200 1x, https:\/\/i0.wp.com\/hskurd.org\/wp-content\/uploads\/2021\/12\/952A1641-copy-2-scaled.jpg?fit=1200%2C800&ssl=1&resize=525%2C300 1.5x, https:\/\/i0.wp.com\/hskurd.org\/wp-content\/uploads\/2021\/12\/952A1641-copy-2-scaled.jpg?fit=1200%2C800&ssl=1&resize=700%2C400 2x, https:\/\/i0.wp.com\/hskurd.org\/wp-content\/uploads\/2021\/12\/952A1641-copy-2-scaled.jpg?fit=1200%2C800&ssl=1&resize=1050%2C600 3x"},"classes":[]},{"id":12134,"url":"https:\/\/hskurd.org\/?p=12134&lang=ku","url_meta":{"origin":12016,"position":2},"title":"Tev\u00ee zehmetiyan bersiva tenduristiy\u00ea bi r\u00eaya kl\u00een\u00eeka me ya gerok li Kobaniy\u00ea berdewam dike","author":"user55","date":"5 \u0645\u0627\u0631\u0633\u060c 2026","format":false,"excerpt":"Tev\u00ee dijwar\u00eey\u00ean ku ji ber dorp\u00ea\u00e7kirin\u00ea z\u00eade dibin, Heyva Sor a Kurd xebat\u00ean xwe y\u00ean mirov\u00ee didom\u00eene, kl\u00een\u00eeka xwe ya gerok li Kobaniy\u00ea \u00e7alak kiriye da ku xizmet\u00ean bij\u00ee\u015fk\u00ee y\u00ean ac\u00eel \u00fb l\u00ean\u00ear\u00eena seretay\u00ee ji ni\u015ftecihan re peyda bike. Ev gav wek\u00ee be\u015fek ji bersivek bilez ji bo hewcedariy\u00ean tenduristiy\u00ea\u2026","rel":"","context":"\u0641\u064a &quot;Awarte&quot;","block_context":{"text":"Awarte","link":"https:\/\/hskurd.org\/?cat=848&lang=ku"},"img":{"alt_text":"","src":"https:\/\/i0.wp.com\/hskurd.org\/wp-content\/uploads\/2026\/03\/629743494_1201194145509216_3250816193504128989_n.jpg?fit=750%2C1000&ssl=1&resize=350%2C200","width":350,"height":200,"srcset":"https:\/\/i0.wp.com\/hskurd.org\/wp-content\/uploads\/2026\/03\/629743494_1201194145509216_3250816193504128989_n.jpg?fit=750%2C1000&ssl=1&resize=350%2C200 1x, https:\/\/i0.wp.com\/hskurd.org\/wp-content\/uploads\/2026\/03\/629743494_1201194145509216_3250816193504128989_n.jpg?fit=750%2C1000&ssl=1&resize=525%2C300 1.5x, https:\/\/i0.wp.com\/hskurd.org\/wp-content\/uploads\/2026\/03\/629743494_1201194145509216_3250816193504128989_n.jpg?fit=750%2C1000&ssl=1&resize=700%2C400 2x"},"classes":[]},{"id":7496,"url":"https:\/\/hskurd.org\/?p=7496&lang=ku","url_meta":{"origin":12016,"position":3},"title":"Bi pi\u015ftgiriya Medico International Sw\u00eesre, Heyva Sor a Kurd bi r\u00eaya kl\u00een\u00eek\u00ean gerok p\u00ea\u015fk\u00ea\u015fkirina xizmet\u00ean bij\u00ee\u015fk\u00ee ji xelk\u00ea gund\u00ean d\u00fbr\u00ee gundewar\u00ea Tebqay\u00ea re berdewam dike","author":"heyvasorakurd","date":"10 \u0623\u063a\u0633\u0637\u0633\u060c 2023","format":false,"excerpt":"Xizmet\u00ean Heyva Sor a Kurd li her\u00eam\u00ean d\u00fbr \u00ean Tebqay\u00ea dewam dikin Gih\u00ee\u015ftina dever\u00ean d\u00fbr \u00fb gundewar\u00ee, bi taybet\u00ee y\u00ean ku rast\u00ee gelek qeyranan hatine, di nav de neb\u00fbna xizmetguzariy\u00ean piz\u00ee\u015fk\u00ee ji ber d\u00fbrb\u00fbna wan ji navend\u00ean bajaran, yek ji mezintir\u00een kelem\u00ean ku rast\u00ee p\u00ea\u015fk\u00ea\u015fk\u0131r\u0131na l\u00eaner\u00eena tenduristiy\u00ea ye. Ev e\u2026","rel":"","context":"\u0641\u064a &quot;Tendurist\u00ee&quot;","block_context":{"text":"Tendurist\u00ee","link":"https:\/\/hskurd.org\/?cat=846&lang=ku"},"img":{"alt_text":"","src":"https:\/\/i0.wp.com\/hskurd.org\/wp-content\/uploads\/2023\/08\/DSC_0134-copy-scaled.webp?fit=1200%2C800&ssl=1&resize=350%2C200","width":350,"height":200,"srcset":"https:\/\/i0.wp.com\/hskurd.org\/wp-content\/uploads\/2023\/08\/DSC_0134-copy-scaled.webp?fit=1200%2C800&ssl=1&resize=350%2C200 1x, https:\/\/i0.wp.com\/hskurd.org\/wp-content\/uploads\/2023\/08\/DSC_0134-copy-scaled.webp?fit=1200%2C800&ssl=1&resize=525%2C300 1.5x, https:\/\/i0.wp.com\/hskurd.org\/wp-content\/uploads\/2023\/08\/DSC_0134-copy-scaled.webp?fit=1200%2C800&ssl=1&resize=700%2C400 2x, https:\/\/i0.wp.com\/hskurd.org\/wp-content\/uploads\/2023\/08\/DSC_0134-copy-scaled.webp?fit=1200%2C800&ssl=1&resize=1050%2C600 3x"},"classes":[]},{"id":12062,"url":"https:\/\/hskurd.org\/?p=12062&lang=ku","url_meta":{"origin":12016,"position":4},"title":"Heyva Sor a Kurd bi r\u00eaya kl\u00een\u00eek\u00ean gerok xizmet\u00ean xwe y\u00ean bij\u00ee\u015fk\u00ee berdewam dike.","author":"user55","date":"3 \u0645\u0627\u0631\u0633\u060c 2026","format":false,"excerpt":"T\u00eema Hesek\u00ea ya Heyva Sor a Kurd bi r\u00eaya kl\u00een\u00eek\u00ean xwe y\u00ean gerok xizmet\u00ean bij\u00ee\u015fk\u00ee \u00fb mirov\u00ee ji bo xelk\u00ea me y\u00ean ko\u00e7ber peyda dikin. Kl\u00een\u00eeka Jinan Kl\u00een\u00eeka Gi\u015ft\u00ee (Tenduristiya Hundir\u00een\/Ped\u00eeatr\u00ee) R\u00fbni\u015ftin\u00ean Pi\u015ftgiriya Der\u00fbn\u00ee.","rel":"","context":"\u0641\u064a &quot;Al\u00eekar\u00ee&quot;","block_context":{"text":"Al\u00eekar\u00ee","link":"https:\/\/hskurd.org\/?cat=2169&lang=ku"},"img":{"alt_text":"","src":"https:\/\/i0.wp.com\/hskurd.org\/wp-content\/uploads\/2026\/03\/632711591_1201491615479469_3317696494194008597_n.jpg?fit=900%2C1200&ssl=1&resize=350%2C200","width":350,"height":200,"srcset":"https:\/\/i0.wp.com\/hskurd.org\/wp-content\/uploads\/2026\/03\/632711591_1201491615479469_3317696494194008597_n.jpg?fit=900%2C1200&ssl=1&resize=350%2C200 1x, https:\/\/i0.wp.com\/hskurd.org\/wp-content\/uploads\/2026\/03\/632711591_1201491615479469_3317696494194008597_n.jpg?fit=900%2C1200&ssl=1&resize=525%2C300 1.5x, https:\/\/i0.wp.com\/hskurd.org\/wp-content\/uploads\/2026\/03\/632711591_1201491615479469_3317696494194008597_n.jpg?fit=900%2C1200&ssl=1&resize=700%2C400 2x"},"classes":[]},{"id":7217,"url":"https:\/\/hskurd.org\/?p=7217&lang=ku","url_meta":{"origin":12016,"position":5},"title":"bi hev re ji bo tenduristiyeke ba\u015f \u00fb hawirdoreke paqij","author":"Sozdar","date":"17 \u0645\u0627\u064a\u0648\u060c 2023","format":false,"excerpt":"Em r\u00eaxistina Heyva Sor a Kurd li Bakur \u00fb Rojhilat\u00ea S\u00fbriy\u00ea ev \u00e7end sal in em projey\u00ean xwe ji bo xelasb\u00fbna bi ewle ji bermahiy\u00ean bij\u00ee\u015fk\u00ee \u00fb derman\u00ean dembor\u00ee p\u00ea\u015f dixin , Hefteya bor\u00ee me bi hevkar\u00ean xwe re r\u00eaxistina UPP, Desteya Tenduristiy\u00ea, Navenda Xizmet\u00ean Bij\u00ee\u015fkan \u00fb Kom\u00eeteya Tenduristiy\u00ea ya\u2026","rel":"","context":"\u0641\u064a &quot;Be\u015f\u00ea WASH&quot;","block_context":{"text":"Be\u015f\u00ea WASH","link":"https:\/\/hskurd.org\/?cat=855&lang=ku"},"img":{"alt_text":"","src":"https:\/\/i0.wp.com\/hskurd.org\/wp-content\/uploads\/2023\/05\/20230508_111211-scaled.jpg?fit=1200%2C561&ssl=1&resize=350%2C200","width":350,"height":200,"srcset":"https:\/\/i0.wp.com\/hskurd.org\/wp-content\/uploads\/2023\/05\/20230508_111211-scaled.jpg?fit=1200%2C561&ssl=1&resize=350%2C200 1x, https:\/\/i0.wp.com\/hskurd.org\/wp-content\/uploads\/2023\/05\/20230508_111211-scaled.jpg?fit=1200%2C561&ssl=1&resize=525%2C300 1.5x, https:\/\/i0.wp.com\/hskurd.org\/wp-content\/uploads\/2023\/05\/20230508_111211-scaled.jpg?fit=1200%2C561&ssl=1&resize=700%2C400 2x, https:\/\/i0.wp.com\/hskurd.org\/wp-content\/uploads\/2023\/05\/20230508_111211-scaled.jpg?fit=1200%2C561&ssl=1&resize=1050%2C600 3x"},"classes":[]}],"jetpack_sharing_enabled":true,"_links":{"self":[{"href":"https:\/\/hskurd.org\/index.php?rest_route=\/wp\/v2\/posts\/12016","targetHints":{"allow":["GET"]}}],"collection":[{"href":"https:\/\/hskurd.org\/index.php?rest_route=\/wp\/v2\/posts"}],"about":[{"href":"https:\/\/hskurd.org\/index.php?rest_route=\/wp\/v2\/types\/post"}],"author":[{"embeddable":true,"href":"https:\/\/hskurd.org\/index.php?rest_route=\/wp\/v2\/users\/8"}],"replies":[{"embeddable":true,"href":"https:\/\/hskurd.org\/index.php?rest_route=%2Fwp%2Fv2%2Fcomments&post=12016"}],"version-history":[{"count":2,"href":"https:\/\/hskurd.org\/index.php?rest_route=\/wp\/v2\/posts\/12016\/revisions"}],"predecessor-version":[{"id":12018,"href":"https:\/\/hskurd.org\/index.php?rest_route=\/wp\/v2\/posts\/12016\/revisions\/12018"}],"wp:attachment":[{"href":"https:\/\/hskurd.org\/index.php?rest_route=%2Fwp%2Fv2%2Fmedia&parent=12016"}],"wp:term":[{"taxonomy":"category","embeddable":true,"href":"https:\/\/hskurd.org\/index.php?rest_route=%2Fwp%2Fv2%2Fcategories&post=12016"},{"taxonomy":"post_tag","embeddable":true,"href":"https:\/\/hskurd.org\/index.php?rest_route=%2Fwp%2Fv2%2Ftags&post=12016"}],"curies":[{"name":"wp","href":"https:\/\/api.w.org\/{rel}","templated":true}]}}