{"id":11811,"date":"2025-11-23T14:41:13","date_gmt":"2025-11-23T11:41:13","guid":{"rendered":"https:\/\/hskurd.org\/?p=11811"},"modified":"2025-11-23T14:41:13","modified_gmt":"2025-11-23T11:41:13","slug":"konferansa-heyva-sor-a-kurd-li-ser-rewsa-jiyani-u-mirovi-li-suweydaye","status":"publish","type":"post","link":"https:\/\/hskurd.org\/?p=11811&lang=ku","title":{"rendered":"Konferansa Heyva Sor a Kurd li ser rew\u015fa jiyan\u00ee \u00fb mirov\u00ee li Suweyday\u00ea"},"content":{"rendered":"<p><span class=\"embed-youtube\" style=\"text-align:center; display: block;\"><iframe loading=\"lazy\" class=\"youtube-player\" width=\"1500\" height=\"844\" src=\"https:\/\/www.youtube.com\/embed\/A7FrzWhQMzQ?version=3&#038;rel=1&#038;showsearch=0&#038;showinfo=1&#038;iv_load_policy=1&#038;fs=1&#038;hl=ar&#038;autohide=2&#038;wmode=transparent\" allowfullscreen=\"true\" style=\"border:0;\" sandbox=\"allow-scripts allow-same-origin allow-popups allow-presentation allow-popups-to-escape-sandbox\"><\/iframe><\/span><\/p>\n<div dir=\"auto\">Heyva Sor a Kurd \u00eero bi be\u015fdariya dezgeh\u00ean ragihandin\u00ea konfaranseke \u00e7apemeniy\u00ea li dar xist da ku rew\u015fa jiyan\u00ee \u00fb mirov\u00ee ya li Suweyday\u00ea, dorp\u00ea\u00e7a berdewam a her\u00eam\u00ea \u00fb sedem\u00ean ku r\u00ea li ber gihandina al\u00eekar\u00ee \u00fb xizmetguzariy\u00ean mirov\u00ee digirin hate \u015f\u00eerovekirin.<\/div>\n<div dir=\"auto\">Hevserok\u00ean Heyva Sor a Kurd, Hediya Abdullah \u00fb Dilg\u00ea\u015f \u00cesa, be\u015fdar\u00ee konferans\u00ea b\u00fbn \u00fb pirsgir\u00eak\u00ean her\u00ee gir\u00eeng destn\u00ee\u015fan kirin. Peyam\u00ean ji ni\u015ftecih\u00ean Suweyday\u00ea j\u00ee hatin p\u00ea\u015fk\u00ea\u015f kirin, ku aliy\u00ean \u00ea\u015f\u00ean wan \u00ean rojane n\u00ee\u015fan dan.<\/div>\n","protected":false},"excerpt":{"rendered":"<p>Heyva Sor a Kurd \u00eero bi be\u015fdariya dezgeh\u00ean ragihandin\u00ea konfaranseke \u00e7apemeniy\u00ea li dar xist da ku rew\u015fa jiyan\u00ee \u00fb mirov\u00ee ya li Suweyday\u00ea, dorp\u00ea\u00e7a berdewam a her\u00eam\u00ea \u00fb sedem\u00ean ku r\u00ea li ber gihandina al\u00eekar\u00ee \u00fb xizmetguzariy\u00ean mirov\u00ee digirin hate \u015f\u00eerovekirin. Hevserok\u00ean Heyva Sor a Kurd, Hediya Abdullah \u00fb Dilg\u00ea\u015f \u00cesa, be\u015fdar\u00ee konferans\u00ea b\u00fbn \u00fb [&hellip;]<\/p>\n","protected":false},"author":8,"featured_media":0,"comment_status":"open","ping_status":"open","sticky":false,"template":"","format":"standard","meta":{"give_campaign_id":0,"ngg_post_thumbnail":0,"jetpack_post_was_ever_published":false,"_jetpack_newsletter_access":"","_jetpack_dont_email_post_to_subs":false,"_jetpack_newsletter_tier_id":0,"_jetpack_memberships_contains_paywalled_content":false,"_jetpack_memberships_contains_paid_content":false,"footnotes":"","jetpack_publicize_message":"","jetpack_publicize_feature_enabled":true,"jetpack_social_post_already_shared":true,"jetpack_social_options":{"image_generator_settings":{"template":"highway","default_image_id":0,"font":"","enabled":false},"version":2},"_links_to":"","_links_to_target":""},"categories":[2171],"tags":[],"class_list":["post-11811","post","type-post","status-publish","format-standard","hentry","category-news-ku"],"jetpack_publicize_connections":[],"jetpack_featured_media_url":"","jetpack-related-posts":[{"id":11846,"url":"https:\/\/hskurd.org\/?p=11846&lang=ku","url_meta":{"origin":11811,"position":0},"title":"Daxuyaniya ji aliy\u00ea Heyva Sor a Kurd ve derbar\u00ea rew\u015fa mirov\u00ee ya karesatbar li tax\u00ean \u015e\u00eax Meqs\u00fbd \u00fb E\u015frefiy\u00ea","author":"user55","date":"9 \u064a\u0646\u0627\u064a\u0631\u060c 2026","format":false,"excerpt":"https:\/\/youtu.be\/qj-I6lXfgnc?si=tmSsIlaxCXPpgreB Daxuyaniya ji aliy\u00ea Heyva Sor a Kurd ve derbar\u00ea rew\u015fa mirov\u00ee ya karesatbar li tax\u00ean \u015e\u00eax Meqs\u00fbd \u00fb E\u015frefiy\u00ea y\u00ean bajar\u00ea Heleb\u00ea. Heyva Sor a Kurd amadeb\u00fbna xwe ya tevah\u00ee pi\u015ftrast dike ji bo veguhestina bir\u00eendaran \u00fb radestkirina al\u00eekariy\u00ean mirov\u00ee, ku kor\u00eedorek mirov\u00ee ya ewle were vekirin","rel":"","context":"\u0641\u064a &quot;Awarte&quot;","block_context":{"text":"Awarte","link":"https:\/\/hskurd.org\/?cat=848&lang=ku"},"img":{"alt_text":"","src":"https:\/\/i0.wp.com\/img.youtube.com\/vi\/qj-I6lXfgnc\/0.jpg?resize=350%2C200","width":350,"height":200},"classes":[]},{"id":7901,"url":"https:\/\/hskurd.org\/?p=7901&lang=ku","url_meta":{"origin":11811,"position":1},"title":"Heyva Sor a Kurd konferansa xwe ya s\u00eayem\u00een li darx\u0131st \u00fb hevserokatiyeke n\u00fb hilb\u0131jart","author":"neruda","date":"24 \u0646\u0648\u0641\u0645\u0628\u0631\u060c 2023","format":false,"excerpt":"\u00cero \u00cen\u00ea, R\u00eaxistina Heyva Sor a Kurd li bajar\u00ea Qami\u015flo s\u00eayem\u00een konferansa xwe bi d\u0131ru\u015fmeya \u201cBi h\u00eav\u00ee \u00fb hevkar\u00ee ji bo avakirina pa\u015ferojeke b\u0131 ron\u00ee \u201d l\u0131 darx\u0131st bi amadeb\u00fbna endam, kadroy\u00ean bij\u00ee\u015fk\u00ee \u00fb r\u00eaxistin\u00ean hevkar di xebat\u00ean mirov\u00ee de li. Tev\u00ee hejmarek ji berpirs\u00ean R\u00eaveberiya Xweser a Bakur \u00fb\u2026","rel":"","context":"\u0641\u064a &quot;Ge\u015fep\u00eadan&quot;","block_context":{"text":"Ge\u015fep\u00eadan","link":"https:\/\/hskurd.org\/?cat=862&lang=ku"},"img":{"alt_text":"","src":"https:\/\/i0.wp.com\/hskurd.org\/wp-content\/uploads\/2023\/11\/952A0191-copy-scaled.jpg?fit=1200%2C800&ssl=1&resize=350%2C200","width":350,"height":200,"srcset":"https:\/\/i0.wp.com\/hskurd.org\/wp-content\/uploads\/2023\/11\/952A0191-copy-scaled.jpg?fit=1200%2C800&ssl=1&resize=350%2C200 1x, https:\/\/i0.wp.com\/hskurd.org\/wp-content\/uploads\/2023\/11\/952A0191-copy-scaled.jpg?fit=1200%2C800&ssl=1&resize=525%2C300 1.5x, https:\/\/i0.wp.com\/hskurd.org\/wp-content\/uploads\/2023\/11\/952A0191-copy-scaled.jpg?fit=1200%2C800&ssl=1&resize=700%2C400 2x, https:\/\/i0.wp.com\/hskurd.org\/wp-content\/uploads\/2023\/11\/952A0191-copy-scaled.jpg?fit=1200%2C800&ssl=1&resize=1050%2C600 3x"},"classes":[]},{"id":8713,"url":"https:\/\/hskurd.org\/?p=8713&lang=ku","url_meta":{"origin":11811,"position":2},"title":"kampanyeke n\u00fb ji bo peydakirina ava paqij a vexwarin\u00ea ji gel\u00ea bajar\u00ea Hesek\u00ea re","author":"neruda","date":"2 \u0623\u0643\u062a\u0648\u0628\u0631\u060c 2024","format":false,"excerpt":"https:\/\/www.youtube.com\/watch?v=GPZcpUrHgFk&t=1s Di dema ku bajar\u00ea Hesek\u00ea kir\u00eezan jiyan dike , xebat\u00ean Heyva Sor a Kurd wek m\u00eenaka xebat\u00ean mirovah\u00ee y\u00ean gir\u00eeng derdikevin p\u00ea\u015f. Ku r\u00eaxistin li hember\u00ee rew\u015fa hey\u00ee, bi hevkariya Medico Sw\u00eesre ji bo ava paqij a vexwarin\u00ea ji \u015f\u00eaniyan re peyda bike, gelek\u00ee dixebite. Ev hewldan di demeke\u2026","rel":"","context":"\u0641\u064a &quot;Be\u015f\u00ea WASH&quot;","block_context":{"text":"Be\u015f\u00ea WASH","link":"https:\/\/hskurd.org\/?cat=855&lang=ku"},"img":{"alt_text":"","src":"https:\/\/i0.wp.com\/hskurd.org\/wp-content\/uploads\/2024\/10\/wash-swetherland.png?fit=979%2C577&ssl=1&resize=350%2C200","width":350,"height":200,"srcset":"https:\/\/i0.wp.com\/hskurd.org\/wp-content\/uploads\/2024\/10\/wash-swetherland.png?fit=979%2C577&ssl=1&resize=350%2C200 1x, https:\/\/i0.wp.com\/hskurd.org\/wp-content\/uploads\/2024\/10\/wash-swetherland.png?fit=979%2C577&ssl=1&resize=525%2C300 1.5x, https:\/\/i0.wp.com\/hskurd.org\/wp-content\/uploads\/2024\/10\/wash-swetherland.png?fit=979%2C577&ssl=1&resize=700%2C400 2x"},"classes":[]},{"id":12006,"url":"https:\/\/hskurd.org\/?p=12006&lang=ku","url_meta":{"origin":11811,"position":3},"title":"Bersiva mirov\u00ee ya ac\u00eel ji bo sivikkirina \u00ea\u015f \u00fb azar\u00ean kes\u00ean bandordar","author":"user55","date":"2 \u0645\u0627\u0631\u0633\u060c 2026","format":false,"excerpt":"Heyva Sor a Kurd, bi pi\u015ftgiriya Yek\u00eetiya bij\u00ee\u015fk\u00ean Kurd li Almanya \"Verband Kurdischer \u00c4rzte EV\" \u015f\u00eer \u00fb k\u00eet\u00ean paqijiy\u00ea li ko\u00e7ber\u00ean ku gihi\u015ftine bajar\u00ea Qam\u00ee\u015flo belav kirin. wek\u00ee be\u015fek ji bersiva mirov\u00ee ya awarte di \u015fert \u00fb merc\u00ean dijwar y\u00ean ku ko\u00e7ber jiyan dikin.","rel":"","context":"\u0641\u064a &quot;Al\u00eekar\u00ee&quot;","block_context":{"text":"Al\u00eekar\u00ee","link":"https:\/\/hskurd.org\/?cat=2169&lang=ku"},"img":{"alt_text":"","src":"https:\/\/i0.wp.com\/hskurd.org\/wp-content\/uploads\/2026\/03\/619634881_1185682017060429_5397505927335684806_n.jpg?fit=1200%2C674&ssl=1&resize=350%2C200","width":350,"height":200,"srcset":"https:\/\/i0.wp.com\/hskurd.org\/wp-content\/uploads\/2026\/03\/619634881_1185682017060429_5397505927335684806_n.jpg?fit=1200%2C674&ssl=1&resize=350%2C200 1x, https:\/\/i0.wp.com\/hskurd.org\/wp-content\/uploads\/2026\/03\/619634881_1185682017060429_5397505927335684806_n.jpg?fit=1200%2C674&ssl=1&resize=525%2C300 1.5x, https:\/\/i0.wp.com\/hskurd.org\/wp-content\/uploads\/2026\/03\/619634881_1185682017060429_5397505927335684806_n.jpg?fit=1200%2C674&ssl=1&resize=700%2C400 2x, https:\/\/i0.wp.com\/hskurd.org\/wp-content\/uploads\/2026\/03\/619634881_1185682017060429_5397505927335684806_n.jpg?fit=1200%2C674&ssl=1&resize=1050%2C600 3x"},"classes":[]},{"id":11951,"url":"https:\/\/hskurd.org\/?p=11951&lang=ku","url_meta":{"origin":11811,"position":4},"title":"Daxuyaniya \u015fermezarkirin \u00fb \u015fermezarkirina \u00ear\u00ee\u015f\u00ean li ser navend\u00ean tenduristiy\u00ea li Bakur \u00fb Rojhilat\u00ea S\u00fbriy\u00ea","author":"user55","date":"24 \u0641\u0628\u0631\u0627\u064a\u0631\u060c 2026","format":false,"excerpt":"Daxuyaniya \u015eermezarkirina \u00car\u00ee\u015f\u00ean li ser Navend\u00ean Tenduristiy\u00ea \u00fb Karmend\u00ean Bij\u00ee\u015fk\u00ee li Bakur \u00fb Rojhilat\u00ea S\u00fbriyey\u00ea Em li Heyva Sor a Kurd, li ser bingeha erk\u00ea xwe y\u00ea mirov\u00ee, hem\u00fb \u00ear\u00ee\u015f\u00ean ku navend\u00ean tenduristiy\u00ea, karmend\u00ean bij\u00ee\u015fk\u00ee \u00fb r\u00eaxistin\u00ean al\u00eekariy\u00ea li Bakur \u00fb Rojhilat\u00ea S\u00fbriyey\u00ea hedef digirin bi tund\u00ee \u015fermezar dikin. \u00car\u00ee\u015fa\u2026","rel":"","context":"\u0641\u064a &quot;Rapor&quot;","block_context":{"text":"Rapor","link":"https:\/\/hskurd.org\/?cat=206&lang=ku"},"img":{"alt_text":"","src":"https:\/\/i0.wp.com\/hskurd.org\/wp-content\/uploads\/2026\/02\/616189932_1181428474152450_2742318992070712677_n.jpg?fit=1200%2C800&ssl=1&resize=350%2C200","width":350,"height":200,"srcset":"https:\/\/i0.wp.com\/hskurd.org\/wp-content\/uploads\/2026\/02\/616189932_1181428474152450_2742318992070712677_n.jpg?fit=1200%2C800&ssl=1&resize=350%2C200 1x, https:\/\/i0.wp.com\/hskurd.org\/wp-content\/uploads\/2026\/02\/616189932_1181428474152450_2742318992070712677_n.jpg?fit=1200%2C800&ssl=1&resize=525%2C300 1.5x, https:\/\/i0.wp.com\/hskurd.org\/wp-content\/uploads\/2026\/02\/616189932_1181428474152450_2742318992070712677_n.jpg?fit=1200%2C800&ssl=1&resize=700%2C400 2x, https:\/\/i0.wp.com\/hskurd.org\/wp-content\/uploads\/2026\/02\/616189932_1181428474152450_2742318992070712677_n.jpg?fit=1200%2C800&ssl=1&resize=1050%2C600 3x"},"classes":[]},{"id":12320,"url":"https:\/\/hskurd.org\/?p=12320&lang=ku","url_meta":{"origin":11811,"position":5},"title":"Belavkirina \u015f\u00eer \u00fb p\u00ea\u00e7ik\u00ean zarokan li gundewar\u00ea Kobaniy\u00ea bi pi\u015ftgiriya mirov\u00ee berdewam dike.","author":"user55","date":"25 \u0645\u0627\u0631\u0633\u060c 2026","format":false,"excerpt":"Bi pi\u015ftgiriya Heyva Sor a Kurdistan\u00ea, t\u00eem\u00ean Heyva Sor a Kurd li gund\u00ean derdora Koban\u00ea \u015f\u00eer \u00fb \"bambers\" ji bo zarokan belav kirin. Ev belavkirin li van gundan hat kirin: \u2022 Darbazin Horan \u2022 Darbazin \u2022 Tif\u015fo \u2022 Bir Qadir \u2022 Cort \u2022 El\u00eew\u00ee \u2022 Graz\u00ea","rel":"","context":"\u0641\u064a &quot;Al\u00eekar\u00ee&quot;","block_context":{"text":"Al\u00eekar\u00ee","link":"https:\/\/hskurd.org\/?cat=2169&lang=ku"},"img":{"alt_text":"","src":"https:\/\/i0.wp.com\/hskurd.org\/wp-content\/uploads\/2026\/03\/659695775_1233519928943304_2496562775053772547_n.jpg?fit=900%2C1200&ssl=1&resize=350%2C200","width":350,"height":200,"srcset":"https:\/\/i0.wp.com\/hskurd.org\/wp-content\/uploads\/2026\/03\/659695775_1233519928943304_2496562775053772547_n.jpg?fit=900%2C1200&ssl=1&resize=350%2C200 1x, https:\/\/i0.wp.com\/hskurd.org\/wp-content\/uploads\/2026\/03\/659695775_1233519928943304_2496562775053772547_n.jpg?fit=900%2C1200&ssl=1&resize=525%2C300 1.5x, https:\/\/i0.wp.com\/hskurd.org\/wp-content\/uploads\/2026\/03\/659695775_1233519928943304_2496562775053772547_n.jpg?fit=900%2C1200&ssl=1&resize=700%2C400 2x"},"classes":[]}],"jetpack_sharing_enabled":true,"_links":{"self":[{"href":"https:\/\/hskurd.org\/index.php?rest_route=\/wp\/v2\/posts\/11811","targetHints":{"allow":["GET"]}}],"collection":[{"href":"https:\/\/hskurd.org\/index.php?rest_route=\/wp\/v2\/posts"}],"about":[{"href":"https:\/\/hskurd.org\/index.php?rest_route=\/wp\/v2\/types\/post"}],"author":[{"embeddable":true,"href":"https:\/\/hskurd.org\/index.php?rest_route=\/wp\/v2\/users\/8"}],"replies":[{"embeddable":true,"href":"https:\/\/hskurd.org\/index.php?rest_route=%2Fwp%2Fv2%2Fcomments&post=11811"}],"version-history":[{"count":1,"href":"https:\/\/hskurd.org\/index.php?rest_route=\/wp\/v2\/posts\/11811\/revisions"}],"predecessor-version":[{"id":11812,"href":"https:\/\/hskurd.org\/index.php?rest_route=\/wp\/v2\/posts\/11811\/revisions\/11812"}],"wp:attachment":[{"href":"https:\/\/hskurd.org\/index.php?rest_route=%2Fwp%2Fv2%2Fmedia&parent=11811"}],"wp:term":[{"taxonomy":"category","embeddable":true,"href":"https:\/\/hskurd.org\/index.php?rest_route=%2Fwp%2Fv2%2Fcategories&post=11811"},{"taxonomy":"post_tag","embeddable":true,"href":"https:\/\/hskurd.org\/index.php?rest_route=%2Fwp%2Fv2%2Ftags&post=11811"}],"curies":[{"name":"wp","href":"https:\/\/api.w.org\/{rel}","templated":true}]}}