{"id":11689,"date":"2025-09-21T09:27:22","date_gmt":"2025-09-21T06:27:22","guid":{"rendered":"https:\/\/hskurd.org\/?p=11689"},"modified":"2025-09-21T09:27:22","modified_gmt":"2025-09-21T06:27:22","slug":"hevalen-talasemiye","status":"publish","type":"post","link":"https:\/\/hskurd.org\/?p=11689&lang=ku","title":{"rendered":"Heval\u00ean Talasemiy\u00ea"},"content":{"rendered":"<p><span class=\"embed-youtube\" style=\"text-align:center; display: block;\"><iframe loading=\"lazy\" class=\"youtube-player\" width=\"1500\" height=\"844\" src=\"https:\/\/www.youtube.com\/embed\/H5ozb3S8sdA?version=3&#038;rel=1&#038;showsearch=0&#038;showinfo=1&#038;iv_load_policy=1&#038;fs=1&#038;hl=ar&#038;autohide=2&#038;wmode=transparent\" allowfullscreen=\"true\" style=\"border:0;\" sandbox=\"allow-scripts allow-same-origin allow-popups allow-presentation allow-popups-to-escape-sandbox\"><\/iframe><\/span><\/p>\n<div class=\"xdj266r x14z9mp xat24cr x1lziwak x1vvkbs x126k92a\">\n<div dir=\"auto\">Ji dil\u00ea Nexwe\u015fxaneya Heyva Sor a Kurd heval\u00ean thlasimya y\u00ea ji mere dib\u00eajin:<\/div>\n<div dir=\"auto\">&#8220;Piraniy\u00ea nexwe\u015fiyan em ji bo saxlemiy\u00ea li himber wan \u015fer dikin, l\u00ea nexwe\u015fiya talasemiya div\u00ea em p\u00eare bibin heval da ku em jiyana xwe k\u00eafxwe\u015f bidom\u00eenin&#8221;.<\/div>\n<\/div>\n<div class=\"x14z9mp xat24cr x1lziwak x1vvkbs xtlvy1s x126k92a\">\n<div dir=\"auto\">Ev zarok ne ten\u00ea bi nexwe\u015fiya xwe re jiyan dikin, di heman dem\u00ea de ev\u00een \u00fb h\u00eaviy\u00ea di nav hem\u00ee nexwe\u015fan de belav dikin.<\/div>\n<\/div>\n<div class=\"x14z9mp xat24cr x1lziwak x1vvkbs xtlvy1s x126k92a\">\n<div dir=\"auto\">Di be\u015fa Talasemiy\u00ea ya HeyvaSoraKurd wateya h\u00eaz\u00ea di dostaniy\u00ea de ye \u00fb wateya jiyan\u00ea j\u00ee di h\u00eaviy\u00ea de ye.<\/div>\n<\/div>\n","protected":false},"excerpt":{"rendered":"<p>Ji dil\u00ea Nexwe\u015fxaneya Heyva Sor a Kurd heval\u00ean thlasimya y\u00ea ji mere dib\u00eajin: &#8220;Piraniy\u00ea nexwe\u015fiyan em ji bo saxlemiy\u00ea li himber wan \u015fer dikin, l\u00ea nexwe\u015fiya talasemiya div\u00ea em p\u00eare bibin heval da ku em jiyana xwe k\u00eafxwe\u015f bidom\u00eenin&#8221;. Ev zarok ne ten\u00ea bi nexwe\u015fiya xwe re jiyan dikin, di heman dem\u00ea de ev\u00een \u00fb [&hellip;]<\/p>\n","protected":false},"author":8,"featured_media":11682,"comment_status":"open","ping_status":"open","sticky":false,"template":"","format":"standard","meta":{"give_campaign_id":0,"ngg_post_thumbnail":0,"jetpack_post_was_ever_published":false,"_jetpack_newsletter_access":"","_jetpack_dont_email_post_to_subs":false,"_jetpack_newsletter_tier_id":0,"_jetpack_memberships_contains_paywalled_content":false,"_jetpack_memberships_contains_paid_content":false,"footnotes":"","jetpack_publicize_message":"","jetpack_publicize_feature_enabled":true,"jetpack_social_post_already_shared":true,"jetpack_social_options":{"image_generator_settings":{"template":"highway","default_image_id":0,"font":"","enabled":false},"version":2},"_links_to":"","_links_to_target":""},"categories":[85],"tags":[],"class_list":["post-11689","post","type-post","status-publish","format-standard","has-post-thumbnail","hentry","category-be-kategoriyan"],"jetpack_publicize_connections":[],"jetpack_featured_media_url":"https:\/\/i0.wp.com\/hskurd.org\/wp-content\/uploads\/2025\/09\/21.png?fit=1920%2C1080&ssl=1","jetpack-related-posts":[{"id":7096,"url":"https:\/\/hskurd.org\/?p=7096&lang=ku","url_meta":{"origin":11689,"position":0},"title":"&#8220;Bersiva h\u00eaviy\u00ea di day\u00eena we de ye&#8221;","author":"heyvasorakurd","date":"23 \u0645\u0627\u0631\u0633\u060c 2023","format":false,"excerpt":"Bersiva h\u00eaviy\u00ea di day\u00eena we de ye\" Fitre \u00fb zekata xwe bidin ji bo kes\u00ean p\u00eadiviya wan bi al\u00eekariy\u00ea heye Ji Bo Gel\u00ean Me \u00fb Hem\u00fb P\u00eakhatye Musilman li Bakur \u00fb Rojhilat\u00ea Sur\u00ee Erk\u00ea hem\u00fb bawermenda ye bi hatina rojiya remezan\u00ea ya p\u00eeroz re , hem\u00fb kes\u00ean ku p\u00eaw\u00eestiya wan\u2026","rel":"","context":"\u0641\u064a &quot;b\u00ea kategoriyan&quot;","block_context":{"text":"b\u00ea kategoriyan","link":"https:\/\/hskurd.org\/?cat=85&lang=ku"},"img":{"alt_text":"","src":"https:\/\/i0.wp.com\/hskurd.org\/wp-content\/uploads\/2023\/03\/%D9%81%D9%8A%D9%84%D9%83%D8%B3-%D8%B2%D9%83%D8%A7%D8%A9-%D8%A7%D9%84%D9%81%D8%B7%D8%B1-3-scaled.jpg?fit=1200%2C800&ssl=1&resize=350%2C200","width":350,"height":200,"srcset":"https:\/\/i0.wp.com\/hskurd.org\/wp-content\/uploads\/2023\/03\/%D9%81%D9%8A%D9%84%D9%83%D8%B3-%D8%B2%D9%83%D8%A7%D8%A9-%D8%A7%D9%84%D9%81%D8%B7%D8%B1-3-scaled.jpg?fit=1200%2C800&ssl=1&resize=350%2C200 1x, https:\/\/i0.wp.com\/hskurd.org\/wp-content\/uploads\/2023\/03\/%D9%81%D9%8A%D9%84%D9%83%D8%B3-%D8%B2%D9%83%D8%A7%D8%A9-%D8%A7%D9%84%D9%81%D8%B7%D8%B1-3-scaled.jpg?fit=1200%2C800&ssl=1&resize=525%2C300 1.5x, https:\/\/i0.wp.com\/hskurd.org\/wp-content\/uploads\/2023\/03\/%D9%81%D9%8A%D9%84%D9%83%D8%B3-%D8%B2%D9%83%D8%A7%D8%A9-%D8%A7%D9%84%D9%81%D8%B7%D8%B1-3-scaled.jpg?fit=1200%2C800&ssl=1&resize=700%2C400 2x, https:\/\/i0.wp.com\/hskurd.org\/wp-content\/uploads\/2023\/03\/%D9%81%D9%8A%D9%84%D9%83%D8%B3-%D8%B2%D9%83%D8%A7%D8%A9-%D8%A7%D9%84%D9%81%D8%B7%D8%B1-3-scaled.jpg?fit=1200%2C800&ssl=1&resize=1050%2C600 3x"},"classes":[]},{"id":11734,"url":"https:\/\/hskurd.org\/?p=11734&lang=ku","url_meta":{"origin":11689,"position":1},"title":"Di meha pembeh\u00ee de, em bi b\u00eer t\u00eenin ku pi\u015fkin\u00eena z\u00fb ya pence\u015f\u00eara p\u00eas\u00eer\u00ea jiyana te dipar\u00eaze","author":"user55","date":"19 \u0623\u0643\u062a\u0648\u0628\u0631\u060c 2025","format":false,"excerpt":"https:\/\/youtube.com\/shorts\/HeiBSQ_jtjA?si=B3mLgEwyZk_dRtXn Di meha Cotmeh\u00ea de, em bi b\u00eer t\u00eenin ku pi\u015fkin\u00eena z\u00fb ya pence\u015f\u00eara p\u00eas\u00eer\u00ea\u00a0 jiyanan rizgar dike. Pi\u015fkin\u00een ne tirsnak e, ew yek\u00ee dil xwe\u015f dike. P\u00eanc deqe ji dema we dikare ferqek mezin \u00e7\u00eabike, ji ber ku tesp\u00eetkirina z\u00fb mifteya dermankirina bilez e. Li Nexwe\u015fxaneya Onkoloj\u00ee \u00fb Talasemiy\u00ea,\u2026","rel":"","context":"\u0641\u064a &quot;Perwerdehiya tendurist\u00ee&quot;","block_context":{"text":"Perwerdehiya tendurist\u00ee","link":"https:\/\/hskurd.org\/?cat=844&lang=ku"},"img":{"alt_text":"","src":"https:\/\/i0.wp.com\/img.youtube.com\/vi\/\/0.jpg?resize=350%2C200","width":350,"height":200},"classes":[]},{"id":5885,"url":"https:\/\/hskurd.org\/?p=5885&lang=ku","url_meta":{"origin":11689,"position":2},"title":"\u015eeh\u00eed Basim Muhemed &#8221; \u015eeh\u00eed\u00ea Mirovatiy\u00ea &#8220;","author":"Sozdar","date":"30 \u064a\u0646\u0627\u064a\u0631\u060c 2022","format":false,"excerpt":"Bi xemg\u00eeniyeke mezin me n\u00fb\u00e7eya \u015feh\u00eedb\u00fbna heval\u00ea xwe Basem Mihemed wergirt, ku di encama gulebaranek\u00ea de dema ku w\u00ee li navenda sereke ya Heyva Sor a Kurd li Kampa Hol\u00ea erk\u00ea xwe ye mirov\u00ee p\u00eak di an\u00ee. Tev\u00ee hem\u00fb hewldan\u00ean ku heval\u00ean me dan ta Basim jiyana xwe ji dest\u2026","rel":"","context":"\u0641\u064a &quot;Awarte&quot;","block_context":{"text":"Awarte","link":"https:\/\/hskurd.org\/?cat=848&lang=ku"},"img":{"alt_text":"","src":"https:\/\/i0.wp.com\/hskurd.org\/wp-content\/uploads\/2022\/01\/g.jpg?fit=800%2C1200&ssl=1&resize=350%2C200","width":350,"height":200,"srcset":"https:\/\/i0.wp.com\/hskurd.org\/wp-content\/uploads\/2022\/01\/g.jpg?fit=800%2C1200&ssl=1&resize=350%2C200 1x, https:\/\/i0.wp.com\/hskurd.org\/wp-content\/uploads\/2022\/01\/g.jpg?fit=800%2C1200&ssl=1&resize=525%2C300 1.5x, https:\/\/i0.wp.com\/hskurd.org\/wp-content\/uploads\/2022\/01\/g.jpg?fit=800%2C1200&ssl=1&resize=700%2C400 2x"},"classes":[]},{"id":8201,"url":"https:\/\/hskurd.org\/?p=8201&lang=ku","url_meta":{"origin":11689,"position":3},"title":"R\u00eaxistina Heyva Sor a Kurd \u00e7ar heval\u00ean xwe oxir dike","author":"neruda","date":"27 \u0645\u0627\u0631\u0633\u060c 2024","format":false,"excerpt":"Em R\u00eaxistina Heyva Sor a Kurd bi xemg\u00eeniyeke mezin \u00e7ar r\u00eaheval\u00ean xwe : Luay Mihemed Bekir, Hesen Ebdulrehman Heydo, Mihemed Ebdullah El-Osman, El\u00ee Osman El-Cas\u00eem radigh\u00eenin , ku di roja p\u00eanc\u015fem\u00ea 14-03-2024an de li ser r\u00eaya D\u00earezor\u00ea di encama qezayeke traf\u00eek\u00ea ya bi \u00ea\u015f de jiyana xwe ji dest dan\u2026","rel":"","context":"\u0641\u064a &quot;Awarte&quot;","block_context":{"text":"Awarte","link":"https:\/\/hskurd.org\/?cat=848&lang=ku"},"img":{"alt_text":"","src":"https:\/\/i0.wp.com\/hskurd.org\/wp-content\/uploads\/2021\/01\/cropped-%D8%AC%D8%AF%D9%8A%D8%AF-%D9%87%D9%84%D8%A7%D9%84-%D8%A7%D8%AD%D9%85%D8%B1-1-2.jpg?fit=1030%2C1030&ssl=1&resize=350%2C200","width":350,"height":200,"srcset":"https:\/\/i0.wp.com\/hskurd.org\/wp-content\/uploads\/2021\/01\/cropped-%D8%AC%D8%AF%D9%8A%D8%AF-%D9%87%D9%84%D8%A7%D9%84-%D8%A7%D8%AD%D9%85%D8%B1-1-2.jpg?fit=1030%2C1030&ssl=1&resize=350%2C200 1x, https:\/\/i0.wp.com\/hskurd.org\/wp-content\/uploads\/2021\/01\/cropped-%D8%AC%D8%AF%D9%8A%D8%AF-%D9%87%D9%84%D8%A7%D9%84-%D8%A7%D8%AD%D9%85%D8%B1-1-2.jpg?fit=1030%2C1030&ssl=1&resize=525%2C300 1.5x, https:\/\/i0.wp.com\/hskurd.org\/wp-content\/uploads\/2021\/01\/cropped-%D8%AC%D8%AF%D9%8A%D8%AF-%D9%87%D9%84%D8%A7%D9%84-%D8%A7%D8%AD%D9%85%D8%B1-1-2.jpg?fit=1030%2C1030&ssl=1&resize=700%2C400 2x"},"classes":[]},{"id":11321,"url":"https:\/\/hskurd.org\/?p=11321&lang=ku","url_meta":{"origin":11689,"position":4},"title":"Navenda prot\u00eaz, f\u00eez\u00eek\u00ee \u00fb pi\u015ftgiriya ps\u00eekoloj\u00eek, xizmet\u00ean xwe b\u00eapere p\u00ea\u015fk\u00ea\u015f\u00ee her kes\u00ee dike.","author":"user55","date":"16 \u064a\u0648\u0646\u064a\u0648\u060c 2025","format":false,"excerpt":"Her endamek prot\u00eaz destp\u00eaka qonaxeke n\u00fb ye, tevger \u00fb baweriy\u00ea dide xwediy\u00ea xwe. Her r\u00fbni\u015ftinek pi\u015ftgiriya der\u00fbn\u00ee ne ten\u00ea barbuh\u00earek e, l\u00ea kevireke bingeh\u00een di her veguher\u00eeneke er\u00ean\u00ee de ye \u00fb Bi tedawiya fiz\u00eek\u00ee \u00fb bi hewildan\u00ean pispor\u00ean dilsoz, em bi hev re r\u00eave, tevger \u00fb derbaskirina \u00ea\u015f\u00ea ji n\u00fb\u2026","rel":"","context":"\u0641\u064a &quot;Ge\u015fep\u00eadan&quot;","block_context":{"text":"Ge\u015fep\u00eadan","link":"https:\/\/hskurd.org\/?cat=862&lang=ku"},"img":{"alt_text":"","src":"https:\/\/i0.wp.com\/hskurd.org\/wp-content\/uploads\/2025\/06\/506955758_1012323007729665_3548175058015773898_n.jpg?fit=960%2C1200&ssl=1&resize=350%2C200","width":350,"height":200,"srcset":"https:\/\/i0.wp.com\/hskurd.org\/wp-content\/uploads\/2025\/06\/506955758_1012323007729665_3548175058015773898_n.jpg?fit=960%2C1200&ssl=1&resize=350%2C200 1x, https:\/\/i0.wp.com\/hskurd.org\/wp-content\/uploads\/2025\/06\/506955758_1012323007729665_3548175058015773898_n.jpg?fit=960%2C1200&ssl=1&resize=525%2C300 1.5x, https:\/\/i0.wp.com\/hskurd.org\/wp-content\/uploads\/2025\/06\/506955758_1012323007729665_3548175058015773898_n.jpg?fit=960%2C1200&ssl=1&resize=700%2C400 2x"},"classes":[]},{"id":8780,"url":"https:\/\/hskurd.org\/?p=8780&lang=ku","url_meta":{"origin":11689,"position":5},"title":"Z\u00fbnaskirina pence\u015f\u00eara p\u00eas\u00eer\u00ea yek ji gir\u00eengtir\u00een kar\u00fbbar\u00ean meha Pembe ye","author":"neruda","date":"16 \u0623\u0643\u062a\u0648\u0628\u0631\u060c 2024","format":false,"excerpt":"\u00a0 https:\/\/youtu.be\/7Pamhg8CaJ0 Di sala 2024'an de , di be\u015fa z\u00fb naskirin pence\u015f\u00eara p\u00eas\u00eer\u00ea de li Nexwe\u015fxaneya Onkoloj\u00ee, \u015fewat \u00fb Talas\u00eemiyay\u00ea ya gir\u00eaday\u00ee Heyva Sor a Kurd a bajar\u00ea Qami\u015flo 1283 muayene, ji wan 680 muayeney\u00ean \u00cekograf\u00ee \u00fb 846 muayeney\u00ean mamograf\u00ee ji bo jinan hatine \u00e7\u00eakirin, di nav de 24 rew\u015f\u00ean\u2026","rel":"","context":"\u0641\u064a &quot;Perwerdehiya tendurist\u00ee&quot;","block_context":{"text":"Perwerdehiya tendurist\u00ee","link":"https:\/\/hskurd.org\/?cat=844&lang=ku"},"img":{"alt_text":"","src":"https:\/\/i0.wp.com\/hskurd.org\/wp-content\/uploads\/2024\/10\/%D9%85%D8%A7%D9%85%D9%88.png?fit=1195%2C841&ssl=1&resize=350%2C200","width":350,"height":200,"srcset":"https:\/\/i0.wp.com\/hskurd.org\/wp-content\/uploads\/2024\/10\/%D9%85%D8%A7%D9%85%D9%88.png?fit=1195%2C841&ssl=1&resize=350%2C200 1x, https:\/\/i0.wp.com\/hskurd.org\/wp-content\/uploads\/2024\/10\/%D9%85%D8%A7%D9%85%D9%88.png?fit=1195%2C841&ssl=1&resize=525%2C300 1.5x, https:\/\/i0.wp.com\/hskurd.org\/wp-content\/uploads\/2024\/10\/%D9%85%D8%A7%D9%85%D9%88.png?fit=1195%2C841&ssl=1&resize=700%2C400 2x, https:\/\/i0.wp.com\/hskurd.org\/wp-content\/uploads\/2024\/10\/%D9%85%D8%A7%D9%85%D9%88.png?fit=1195%2C841&ssl=1&resize=1050%2C600 3x"},"classes":[]}],"jetpack_sharing_enabled":true,"_links":{"self":[{"href":"https:\/\/hskurd.org\/index.php?rest_route=\/wp\/v2\/posts\/11689","targetHints":{"allow":["GET"]}}],"collection":[{"href":"https:\/\/hskurd.org\/index.php?rest_route=\/wp\/v2\/posts"}],"about":[{"href":"https:\/\/hskurd.org\/index.php?rest_route=\/wp\/v2\/types\/post"}],"author":[{"embeddable":true,"href":"https:\/\/hskurd.org\/index.php?rest_route=\/wp\/v2\/users\/8"}],"replies":[{"embeddable":true,"href":"https:\/\/hskurd.org\/index.php?rest_route=%2Fwp%2Fv2%2Fcomments&post=11689"}],"version-history":[{"count":2,"href":"https:\/\/hskurd.org\/index.php?rest_route=\/wp\/v2\/posts\/11689\/revisions"}],"predecessor-version":[{"id":11691,"href":"https:\/\/hskurd.org\/index.php?rest_route=\/wp\/v2\/posts\/11689\/revisions\/11691"}],"wp:featuredmedia":[{"embeddable":true,"href":"https:\/\/hskurd.org\/index.php?rest_route=\/wp\/v2\/media\/11682"}],"wp:attachment":[{"href":"https:\/\/hskurd.org\/index.php?rest_route=%2Fwp%2Fv2%2Fmedia&parent=11689"}],"wp:term":[{"taxonomy":"category","embeddable":true,"href":"https:\/\/hskurd.org\/index.php?rest_route=%2Fwp%2Fv2%2Fcategories&post=11689"},{"taxonomy":"post_tag","embeddable":true,"href":"https:\/\/hskurd.org\/index.php?rest_route=%2Fwp%2Fv2%2Ftags&post=11689"}],"curies":[{"name":"wp","href":"https:\/\/api.w.org\/{rel}","templated":true}]}}