{"id":11632,"date":"2025-08-31T09:31:58","date_gmt":"2025-08-31T06:31:58","guid":{"rendered":"https:\/\/hskurd.org\/?p=11632"},"modified":"2025-08-31T09:31:58","modified_gmt":"2025-08-31T06:31:58","slug":"radestkirina-derman-ji-bo-nexwesen-pencesere-li-swede","status":"publish","type":"post","link":"https:\/\/hskurd.org\/?p=11632&lang=ku","title":{"rendered":"Radestkirina derman  ji bo nexwe\u015f\u00ean pence\u015f\u00ear\u00ea li Sw\u00ead\u00ea"},"content":{"rendered":"<div dir=\"auto\">Nexwe\u0219\u00ean pence\u0219\u00ear\u00ea li Sweyda Rast\u00ee metirs\u00eeyek mezin ser jiyan xwe t\u00ean, ji ber \u0219er\u00ea ku li wir r\u00fb da \u00fb dorp\u00ea\u00e7a li ser her\u00eama Sweyda \u00fb qutb\u00fbna riya navbera Wan \u00fb Dime\u0219q de, ku ten\u00ea li wir ew karin derman \u00ea xwe y\u00ea taybet bibin.<\/div>\n<div dir=\"auto\">Heyva Sor a Kurd bi kordinasion bi \u00e7end aliyan li derve \u00fb Hindur \u00ea Sweyda, kar\u00eeb\u00fb Derman \u00ean taybet ji wan re peyda bike tev pi\u0219tigireiya tend\u00fbristiya ya wek\u00ee din. Ev nexwe\u0219 niha y\u00ean her\u00ee ku metirs\u00ee ser jiyan a wan heye, di v\u00ea dorp\u00ea\u00e7a ku ew t\u00eade ne.<\/div>\n","protected":false},"excerpt":{"rendered":"<p>Nexwe\u0219\u00ean pence\u0219\u00ear\u00ea li Sweyda Rast\u00ee metirs\u00eeyek mezin ser jiyan xwe t\u00ean, ji ber \u0219er\u00ea ku li wir r\u00fb da \u00fb dorp\u00ea\u00e7a li ser her\u00eama Sweyda \u00fb qutb\u00fbna riya navbera Wan \u00fb Dime\u0219q de, ku ten\u00ea li wir ew karin derman \u00ea xwe y\u00ea taybet bibin. Heyva Sor a Kurd bi kordinasion bi \u00e7end aliyan li [&hellip;]<\/p>\n","protected":false},"author":8,"featured_media":11624,"comment_status":"open","ping_status":"open","sticky":false,"template":"","format":"standard","meta":{"give_campaign_id":0,"ngg_post_thumbnail":0,"jetpack_post_was_ever_published":false,"_jetpack_newsletter_access":"","_jetpack_dont_email_post_to_subs":false,"_jetpack_newsletter_tier_id":0,"_jetpack_memberships_contains_paywalled_content":false,"_jetpack_memberships_contains_paid_content":false,"footnotes":"","jetpack_publicize_message":"","jetpack_publicize_feature_enabled":true,"jetpack_social_post_already_shared":true,"jetpack_social_options":{"image_generator_settings":{"template":"highway","default_image_id":0,"font":"","enabled":false},"version":2},"_links_to":"","_links_to_target":""},"categories":[2169,862,2171,840,846],"tags":[2388],"class_list":["post-11632","post","type-post","status-publish","format-standard","has-post-thumbnail","hentry","category-alikari","category-gesepedan","category-news-ku","category-parastin","category-tenduristi","tag-nexwesen-pencesere-sweyda-heyva-sor-a-kurd"],"jetpack_publicize_connections":[],"jetpack_featured_media_url":"https:\/\/i0.wp.com\/hskurd.org\/wp-content\/uploads\/2025\/08\/%D8%B3%D9%88%D9%8A%D8%AF%D8%A7%D8%A1.jpg?fit=1080%2C1350&ssl=1","jetpack-related-posts":[{"id":7096,"url":"https:\/\/hskurd.org\/?p=7096&lang=ku","url_meta":{"origin":11632,"position":0},"title":"&#8220;Bersiva h\u00eaviy\u00ea di day\u00eena we de ye&#8221;","author":"heyvasorakurd","date":"23 \u0645\u0627\u0631\u0633\u060c 2023","format":false,"excerpt":"Bersiva h\u00eaviy\u00ea di day\u00eena we de ye\" Fitre \u00fb zekata xwe bidin ji bo kes\u00ean p\u00eadiviya wan bi al\u00eekariy\u00ea heye Ji Bo Gel\u00ean Me \u00fb Hem\u00fb P\u00eakhatye Musilman li Bakur \u00fb Rojhilat\u00ea Sur\u00ee Erk\u00ea hem\u00fb bawermenda ye bi hatina rojiya remezan\u00ea ya p\u00eeroz re , hem\u00fb kes\u00ean ku p\u00eaw\u00eestiya wan\u2026","rel":"","context":"\u0641\u064a &quot;b\u00ea kategoriyan&quot;","block_context":{"text":"b\u00ea kategoriyan","link":"https:\/\/hskurd.org\/?cat=85&lang=ku"},"img":{"alt_text":"","src":"https:\/\/i0.wp.com\/hskurd.org\/wp-content\/uploads\/2023\/03\/%D9%81%D9%8A%D9%84%D9%83%D8%B3-%D8%B2%D9%83%D8%A7%D8%A9-%D8%A7%D9%84%D9%81%D8%B7%D8%B1-3-scaled.jpg?fit=1200%2C800&ssl=1&resize=350%2C200","width":350,"height":200,"srcset":"https:\/\/i0.wp.com\/hskurd.org\/wp-content\/uploads\/2023\/03\/%D9%81%D9%8A%D9%84%D9%83%D8%B3-%D8%B2%D9%83%D8%A7%D8%A9-%D8%A7%D9%84%D9%81%D8%B7%D8%B1-3-scaled.jpg?fit=1200%2C800&ssl=1&resize=350%2C200 1x, https:\/\/i0.wp.com\/hskurd.org\/wp-content\/uploads\/2023\/03\/%D9%81%D9%8A%D9%84%D9%83%D8%B3-%D8%B2%D9%83%D8%A7%D8%A9-%D8%A7%D9%84%D9%81%D8%B7%D8%B1-3-scaled.jpg?fit=1200%2C800&ssl=1&resize=525%2C300 1.5x, https:\/\/i0.wp.com\/hskurd.org\/wp-content\/uploads\/2023\/03\/%D9%81%D9%8A%D9%84%D9%83%D8%B3-%D8%B2%D9%83%D8%A7%D8%A9-%D8%A7%D9%84%D9%81%D8%B7%D8%B1-3-scaled.jpg?fit=1200%2C800&ssl=1&resize=700%2C400 2x, https:\/\/i0.wp.com\/hskurd.org\/wp-content\/uploads\/2023\/03\/%D9%81%D9%8A%D9%84%D9%83%D8%B3-%D8%B2%D9%83%D8%A7%D8%A9-%D8%A7%D9%84%D9%81%D8%B7%D8%B1-3-scaled.jpg?fit=1200%2C800&ssl=1&resize=1050%2C600 3x"},"classes":[]},{"id":7670,"url":"https:\/\/hskurd.org\/?p=7670&lang=ku","url_meta":{"origin":11632,"position":1},"title":"Bi peydakirina l\u00eanih\u00ear\u00eena tendurist\u00ee a rast re,  nexwe\u015fiya \u015fekir t\u00ea derbaskirin","author":"heyvasorakurd","date":"24 \u0633\u0628\u062a\u0645\u0628\u0631\u060c 2023","format":false,"excerpt":"Em li Heyva Sor a Kurd l\u00eaner\u00eena tend\u00fbrist\u00ee \u00fb peydakirina xizmet\u00ean bij\u00ee\u015fk\u00ee weke armanca xwe ya sereke dinirx\u00eenin, \u00cebrah\u00eem Xidir El-Hem\u00fbd \u00ea 50 sal\u00ee ji \u015f\u00eaniy\u00ean bajar\u00ea Ser\u00eakaniy\u00ea \u00fb li kampa Ser\u00eakaniy\u00ea ya \"Tela'i\" ya rojhilat\u00ea bajar\u00ea Hesek\u00ea dim\u00eene. Nexwe\u015f\u00ea \u015fekir e ku bandor li ling\u00ea w\u00ee y\u00ea rast\u00ea kiriye.\u2026","rel":"","context":"\u0641\u064a &quot;\u00c7\u00eerok&quot;","block_context":{"text":"\u00c7\u00eerok","link":"https:\/\/hskurd.org\/?cat=831&lang=ku"},"img":{"alt_text":"","src":"https:\/\/i0.wp.com\/hskurd.org\/wp-content\/uploads\/2023\/09\/IMG-20230924-WA0014-1.jpg?fit=1200%2C800&ssl=1&resize=350%2C200","width":350,"height":200,"srcset":"https:\/\/i0.wp.com\/hskurd.org\/wp-content\/uploads\/2023\/09\/IMG-20230924-WA0014-1.jpg?fit=1200%2C800&ssl=1&resize=350%2C200 1x, https:\/\/i0.wp.com\/hskurd.org\/wp-content\/uploads\/2023\/09\/IMG-20230924-WA0014-1.jpg?fit=1200%2C800&ssl=1&resize=525%2C300 1.5x, https:\/\/i0.wp.com\/hskurd.org\/wp-content\/uploads\/2023\/09\/IMG-20230924-WA0014-1.jpg?fit=1200%2C800&ssl=1&resize=700%2C400 2x, https:\/\/i0.wp.com\/hskurd.org\/wp-content\/uploads\/2023\/09\/IMG-20230924-WA0014-1.jpg?fit=1200%2C800&ssl=1&resize=1050%2C600 3x"},"classes":[]},{"id":6458,"url":"https:\/\/hskurd.org\/?p=6458&lang=ku","url_meta":{"origin":11632,"position":2},"title":"\u00c7\u00eerokeke n\u00fb ya serkeftin\u00ea li Navenda Prot\u00eaz\u00eek\u00ea","author":"Sozdar","date":"19 \u0633\u0628\u062a\u0645\u0628\u0631\u060c 2022","format":false,"excerpt":"Xwe\u015fb\u00fbna d\u00eetna dilxwe\u015fiya zarok\u00eak\u00ee ku karibe tevgera xwe veger\u00eene, bi dan\u00eena lingek\u00ee protez\u00eek, da ku ew zarok karibe \u00e7alakiy\u00ean xwe y\u00ean rojane bi rehet\u00ee p\u00eak b\u00eene, ji bil\u00ee w\u00ea j\u00ee pi\u015ftgiriya w\u00ee bike \u00fb xwebaweriya w\u00ee z\u00eade bike ,\u00fb bi heval\u00ean xwe re be\u015fdar\u00ee perwerdey\u00ea bibe,ku k\u00eam h\u00eazb\u00fbna w\u00ee bibe\u2026","rel":"","context":"\u0641\u064a &quot;\u00c7\u00eerok&quot;","block_context":{"text":"\u00c7\u00eerok","link":"https:\/\/hskurd.org\/?cat=831&lang=ku"},"img":{"alt_text":"","src":"https:\/\/i0.wp.com\/hskurd.org\/wp-content\/uploads\/2022\/09\/952A8989-copy-300x200.jpg?resize=350%2C200","width":350,"height":200},"classes":[]},{"id":11951,"url":"https:\/\/hskurd.org\/?p=11951&lang=ku","url_meta":{"origin":11632,"position":3},"title":"Daxuyaniya \u015fermezarkirin \u00fb \u015fermezarkirina \u00ear\u00ee\u015f\u00ean li ser navend\u00ean tenduristiy\u00ea li Bakur \u00fb Rojhilat\u00ea S\u00fbriy\u00ea","author":"user55","date":"24 \u0641\u0628\u0631\u0627\u064a\u0631\u060c 2026","format":false,"excerpt":"Daxuyaniya \u015eermezarkirina \u00car\u00ee\u015f\u00ean li ser Navend\u00ean Tenduristiy\u00ea \u00fb Karmend\u00ean Bij\u00ee\u015fk\u00ee li Bakur \u00fb Rojhilat\u00ea S\u00fbriyey\u00ea Em li Heyva Sor a Kurd, li ser bingeha erk\u00ea xwe y\u00ea mirov\u00ee, hem\u00fb \u00ear\u00ee\u015f\u00ean ku navend\u00ean tenduristiy\u00ea, karmend\u00ean bij\u00ee\u015fk\u00ee \u00fb r\u00eaxistin\u00ean al\u00eekariy\u00ea li Bakur \u00fb Rojhilat\u00ea S\u00fbriyey\u00ea hedef digirin bi tund\u00ee \u015fermezar dikin. \u00car\u00ee\u015fa\u2026","rel":"","context":"\u0641\u064a &quot;Rapor&quot;","block_context":{"text":"Rapor","link":"https:\/\/hskurd.org\/?cat=206&lang=ku"},"img":{"alt_text":"","src":"https:\/\/i0.wp.com\/hskurd.org\/wp-content\/uploads\/2026\/02\/616189932_1181428474152450_2742318992070712677_n.jpg?fit=1200%2C800&ssl=1&resize=350%2C200","width":350,"height":200,"srcset":"https:\/\/i0.wp.com\/hskurd.org\/wp-content\/uploads\/2026\/02\/616189932_1181428474152450_2742318992070712677_n.jpg?fit=1200%2C800&ssl=1&resize=350%2C200 1x, https:\/\/i0.wp.com\/hskurd.org\/wp-content\/uploads\/2026\/02\/616189932_1181428474152450_2742318992070712677_n.jpg?fit=1200%2C800&ssl=1&resize=525%2C300 1.5x, https:\/\/i0.wp.com\/hskurd.org\/wp-content\/uploads\/2026\/02\/616189932_1181428474152450_2742318992070712677_n.jpg?fit=1200%2C800&ssl=1&resize=700%2C400 2x, https:\/\/i0.wp.com\/hskurd.org\/wp-content\/uploads\/2026\/02\/616189932_1181428474152450_2742318992070712677_n.jpg?fit=1200%2C800&ssl=1&resize=1050%2C600 3x"},"classes":[]},{"id":10484,"url":"https:\/\/hskurd.org\/?p=10484&lang=ku","url_meta":{"origin":11632,"position":4},"title":"belavlkirina \u015fir\u00ea zarokan li ser malbat\u00ean penaber ji Efr\u00een \u015eehbay\u00ea","author":"neruda","date":"5 \u064a\u0646\u0627\u064a\u0631\u060c 2025","format":false,"excerpt":"Peydakirina \u015f\u00eer\u00ea zarokan di dema kir\u00eez\u00ean mirov\u00ee de mijareke gir\u00eeng e \u00fb p\u00eaw\u00eestiya w\u00ea bi baldariyeke taybet heye, ji ber ku b\u00eatir\u00ee xwe bandor\u00ea li ser tendurist\u00ee \u00fb mezinbuna zarokan dike. Rew\u015fa dijwar a ku ko\u00e7ber jiyan dikin, bandorek ney\u00een\u00ee li kar\u00eena dayikan di peydakirina p\u00eadiviy\u00ean bingeh\u00een \u00ean xwarin\u00ea y\u00ean\u2026","rel":"","context":"\u0641\u064a &quot;Perwerdehiya tendurist\u00ee&quot;","block_context":{"text":"Perwerdehiya tendurist\u00ee","link":"https:\/\/hskurd.org\/?cat=844&lang=ku"},"img":{"alt_text":"","src":"https:\/\/i0.wp.com\/hskurd.org\/wp-content\/uploads\/2025\/01\/5dece72f-435d-4f9c-995b-a43b1f14d820.jpg?fit=1200%2C900&ssl=1&resize=350%2C200","width":350,"height":200,"srcset":"https:\/\/i0.wp.com\/hskurd.org\/wp-content\/uploads\/2025\/01\/5dece72f-435d-4f9c-995b-a43b1f14d820.jpg?fit=1200%2C900&ssl=1&resize=350%2C200 1x, https:\/\/i0.wp.com\/hskurd.org\/wp-content\/uploads\/2025\/01\/5dece72f-435d-4f9c-995b-a43b1f14d820.jpg?fit=1200%2C900&ssl=1&resize=525%2C300 1.5x, https:\/\/i0.wp.com\/hskurd.org\/wp-content\/uploads\/2025\/01\/5dece72f-435d-4f9c-995b-a43b1f14d820.jpg?fit=1200%2C900&ssl=1&resize=700%2C400 2x, https:\/\/i0.wp.com\/hskurd.org\/wp-content\/uploads\/2025\/01\/5dece72f-435d-4f9c-995b-a43b1f14d820.jpg?fit=1200%2C900&ssl=1&resize=1050%2C600 3x"},"classes":[]},{"id":6788,"url":"https:\/\/hskurd.org\/?p=6788&lang=ku","url_meta":{"origin":11632,"position":5},"title":"La\u015fmanya \u00fb dermankirina w\u00ea li navend\u00ean Heyva Sor a Kurd","author":"Sozdar","date":"10 \u0646\u0648\u0641\u0645\u0628\u0631\u060c 2022","format":false,"excerpt":"Di van dem\u00ean daw\u00een de gelek axaftin li ser belavb\u00fbna la\u015fmanyay\u00ea di nav ko\u00e7ber\u00ean s\u00fbriy\u00ea de li hem\u00ee teminan b\u00eatir\u00ee deverek\u00ee penaber b\u00fby\u00ee hene, ew nexwe\u015fiyeke \u00e7erm e ku bandor\u00ea li hem\u00fb kom\u00ean temam dike \u00fb di forma nod\u00fbleya sor de xuya dike, ku dibe sedema bir\u00een\u00ean ulserat\u00ee heta \u00e7end\u2026","rel":"","context":"\u0641\u064a &quot;Rapor&quot;","block_context":{"text":"Rapor","link":"https:\/\/hskurd.org\/?cat=206&lang=ku"},"img":{"alt_text":"","src":"https:\/\/i0.wp.com\/hskurd.org\/wp-content\/uploads\/2022\/11\/952A9945-scaled.jpg?fit=1200%2C800&ssl=1&resize=350%2C200","width":350,"height":200,"srcset":"https:\/\/i0.wp.com\/hskurd.org\/wp-content\/uploads\/2022\/11\/952A9945-scaled.jpg?fit=1200%2C800&ssl=1&resize=350%2C200 1x, https:\/\/i0.wp.com\/hskurd.org\/wp-content\/uploads\/2022\/11\/952A9945-scaled.jpg?fit=1200%2C800&ssl=1&resize=525%2C300 1.5x, https:\/\/i0.wp.com\/hskurd.org\/wp-content\/uploads\/2022\/11\/952A9945-scaled.jpg?fit=1200%2C800&ssl=1&resize=700%2C400 2x, https:\/\/i0.wp.com\/hskurd.org\/wp-content\/uploads\/2022\/11\/952A9945-scaled.jpg?fit=1200%2C800&ssl=1&resize=1050%2C600 3x"},"classes":[]}],"jetpack_sharing_enabled":true,"_links":{"self":[{"href":"https:\/\/hskurd.org\/index.php?rest_route=\/wp\/v2\/posts\/11632","targetHints":{"allow":["GET"]}}],"collection":[{"href":"https:\/\/hskurd.org\/index.php?rest_route=\/wp\/v2\/posts"}],"about":[{"href":"https:\/\/hskurd.org\/index.php?rest_route=\/wp\/v2\/types\/post"}],"author":[{"embeddable":true,"href":"https:\/\/hskurd.org\/index.php?rest_route=\/wp\/v2\/users\/8"}],"replies":[{"embeddable":true,"href":"https:\/\/hskurd.org\/index.php?rest_route=%2Fwp%2Fv2%2Fcomments&post=11632"}],"version-history":[{"count":1,"href":"https:\/\/hskurd.org\/index.php?rest_route=\/wp\/v2\/posts\/11632\/revisions"}],"predecessor-version":[{"id":11633,"href":"https:\/\/hskurd.org\/index.php?rest_route=\/wp\/v2\/posts\/11632\/revisions\/11633"}],"wp:featuredmedia":[{"embeddable":true,"href":"https:\/\/hskurd.org\/index.php?rest_route=\/wp\/v2\/media\/11624"}],"wp:attachment":[{"href":"https:\/\/hskurd.org\/index.php?rest_route=%2Fwp%2Fv2%2Fmedia&parent=11632"}],"wp:term":[{"taxonomy":"category","embeddable":true,"href":"https:\/\/hskurd.org\/index.php?rest_route=%2Fwp%2Fv2%2Fcategories&post=11632"},{"taxonomy":"post_tag","embeddable":true,"href":"https:\/\/hskurd.org\/index.php?rest_route=%2Fwp%2Fv2%2Ftags&post=11632"}],"curies":[{"name":"wp","href":"https:\/\/api.w.org\/{rel}","templated":true}]}}