{"id":11619,"date":"2025-08-28T12:36:32","date_gmt":"2025-08-28T09:36:32","guid":{"rendered":"https:\/\/hskurd.org\/?p=11619"},"modified":"2025-08-28T12:36:32","modified_gmt":"2025-08-28T09:36:32","slug":"ji-bo-dabinkirina-pediviyen-nistecihen-bajare-qamislo-du-bir-hatin-kolandin","status":"publish","type":"post","link":"https:\/\/hskurd.org\/?p=11619&lang=ku","title":{"rendered":"Ji bo dab\u00eenkirina p\u00eadiviy\u00ean ni\u015ftecih\u00ean bajar\u00ea Qam\u00ee\u015flo du b\u00eer hatin kolandin"},"content":{"rendered":"<div class='avia-iframe-wrap'><iframe loading=\"lazy\" title=\"\u062d\u0641\u0631 \u0628\u0626\u0631\u064a\u0646 \u0641\u064a \u062d\u064a \u0627\u0644\u0647\u0644\u0627\u0644\u064a\u0629 \u0648\u0639\u0644\u0627\u064a\u0627\" width=\"563\" height=\"1000\" src=\"https:\/\/www.youtube.com\/embed\/nVoRlm1vP8k?feature=oembed\" frameborder=\"0\" allow=\"accelerometer; autoplay; clipboard-write; encrypted-media; gyroscope; picture-in-picture; web-share\" referrerpolicy=\"strict-origin-when-cross-origin\" allowfullscreen><\/iframe><\/div>\n<p>Ji bo bersivday\u00eena p\u00eadiviy\u00ean gel\u00ea her\u00eam\u00ea \u00fb bi hevkariy\u00ea ya R\u00eaveberiya Av\u00ea \u00fb \u015earedariya Qami\u015flo, Heyva Sor a Kurd bi pi\u015ftgiriya \u00c0rea Metropolitana de Barcelona (AMB), projeya &#8220;Bersiva Awarte ya av\u00ea&#8221; p\u00eak an\u00ee.<\/p>\n<p>Di \u00e7ar\u00e7oveya v\u00ea projey\u00ea de, du b\u00eer li tax\u00ean Alaya \u00fb Hilaliya hatin kolandin \u00fb bi pomp\u00ean binav\u00ee y\u00ean bi h\u00eaza roj\u00ea dixebitin hate sazkirin.<\/p>\n<p>Her b\u00eerek bi qazanek sereke ya 5,000 l\u00eetr\u00ee hate gir\u00eadan, ku ji w\u00ea qazan\u00ea pergala belavkirin\u00ea ya di nav de s\u00ea tank\u00ean 2,000 l\u00eetr\u00ee li cih\u00ean cuda y\u00ean nav taxan hatine dan\u00een, da ku gih\u00ee\u015ftina av\u00ea ewle ji bo her\u00ee z\u00eade ni\u015ftecihan b\u00ea misoger kirin.<\/p>\n<p>Di v\u00ea rojey\u00ea j\u00ee perwerdeyek taybet\u00ee ji bo karmend\u00ean \u015faredariy\u00ea \u00fb da\u00eereya av\u00ea li ser van mijaran hat dayin:<\/p>\n<p>* Parastina pergala rojhelat\u00ea (sistema roj\u00ea) \u00fb sererastkirina b\u00eeran.<\/p>\n<p>* S\u00eestema xebitandina b\u00eeran di demsalan de.<\/p>\n<p>* R\u00eabaz\u00ean dezenfektekirina av\u00ea bi tablet\u00ean klor\u00ea.<\/p>\n<p>Ev proje bersivek rast \u00fb demdem\u00ee ye ji bo peydakirina \u00e7avkaniy\u00ean av\u00ea y\u00ean ewle ji bo gel\u00ea baj\u00ear re.<\/p>\n","protected":false},"excerpt":{"rendered":"<p>Ji bo bersivday\u00eena p\u00eadiviy\u00ean gel\u00ea her\u00eam\u00ea \u00fb bi hevkariy\u00ea ya R\u00eaveberiya Av\u00ea \u00fb \u015earedariya Qami\u015flo, Heyva Sor a Kurd bi pi\u015ftgiriya \u00c0rea Metropolitana de Barcelona (AMB), projeya &#8220;Bersiva Awarte ya av\u00ea&#8221; p\u00eak an\u00ee. Di \u00e7ar\u00e7oveya v\u00ea projey\u00ea de, du b\u00eer li tax\u00ean Alaya \u00fb Hilaliya hatin kolandin \u00fb bi pomp\u00ean binav\u00ee y\u00ean bi h\u00eaza roj\u00ea [&hellip;]<\/p>\n","protected":false},"author":8,"featured_media":11613,"comment_status":"open","ping_status":"open","sticky":false,"template":"","format":"standard","meta":{"give_campaign_id":0,"ngg_post_thumbnail":0,"jetpack_post_was_ever_published":false,"_jetpack_newsletter_access":"","_jetpack_dont_email_post_to_subs":false,"_jetpack_newsletter_tier_id":0,"_jetpack_memberships_contains_paywalled_content":false,"_jetpack_memberships_contains_paid_content":false,"footnotes":"","jetpack_publicize_message":"","jetpack_publicize_feature_enabled":true,"jetpack_social_post_already_shared":true,"jetpack_social_options":{"image_generator_settings":{"template":"highway","default_image_id":0,"font":"","enabled":false},"version":2},"_links_to":"","_links_to_target":""},"categories":[2169,855,862,846],"tags":[],"class_list":["post-11619","post","type-post","status-publish","format-standard","has-post-thumbnail","hentry","category-alikari","category-bese-wash","category-gesepedan","category-tenduristi"],"jetpack_publicize_connections":[],"jetpack_featured_media_url":"https:\/\/i0.wp.com\/hskurd.org\/wp-content\/uploads\/2025\/08\/%D8%A7%D9%8A%D8%A7%D8%A4.jpg?fit=1080%2C720&ssl=1","jetpack-related-posts":[{"id":11546,"url":"https:\/\/hskurd.org\/?p=11546&lang=ku","url_meta":{"origin":11619,"position":0},"title":"\u00c7\u00eakirina \u015febekey\u00ean kanal\u00eezasyon \u00fb av\u00ea li kampa Newroz","author":"user55","date":"20 \u0623\u063a\u0633\u0637\u0633\u060c 2025","format":false,"excerpt":"https:\/\/youtu.be\/vb6unAN026U?si=WEx5gFmxEp5svLNr B\u0131 armanca pi\u015ftgiriya penaberan, Heyva Sor a Kurd\u00ee bi hevkariya Volkshilfe, di nav projeya Improved Living and Health de, r\u00eazek ji xizmet\u00ean jiyan\u00ee \u00fb tendurist\u00ee li kampa Newroz p\u00eak an\u00ee.\" Di nava v\u00ea projey\u00ea de ser\u015fok \u00fb tes\u00ees\u00ean paqijiy\u00ea, \u00fb tor\u00ean kanal\u00eezasyon \u00fb av\u00ea hate avakirin, JI bo paqijkirin\u00ea,\u2026","rel":"","context":"\u0641\u064a &quot;Be\u015f\u00ea WASH&quot;","block_context":{"text":"Be\u015f\u00ea WASH","link":"https:\/\/hskurd.org\/?cat=855&lang=ku"},"img":{"alt_text":"","src":"https:\/\/i0.wp.com\/hskurd.org\/wp-content\/uploads\/2025\/08\/IMG_4495-scaled.jpg?fit=1200%2C930&ssl=1&resize=350%2C200","width":350,"height":200,"srcset":"https:\/\/i0.wp.com\/hskurd.org\/wp-content\/uploads\/2025\/08\/IMG_4495-scaled.jpg?fit=1200%2C930&ssl=1&resize=350%2C200 1x, https:\/\/i0.wp.com\/hskurd.org\/wp-content\/uploads\/2025\/08\/IMG_4495-scaled.jpg?fit=1200%2C930&ssl=1&resize=525%2C300 1.5x, https:\/\/i0.wp.com\/hskurd.org\/wp-content\/uploads\/2025\/08\/IMG_4495-scaled.jpg?fit=1200%2C930&ssl=1&resize=700%2C400 2x, https:\/\/i0.wp.com\/hskurd.org\/wp-content\/uploads\/2025\/08\/IMG_4495-scaled.jpg?fit=1200%2C930&ssl=1&resize=1050%2C600 3x"},"classes":[]},{"id":11208,"url":"https:\/\/hskurd.org\/?p=11208&lang=ku","url_meta":{"origin":11619,"position":1},"title":"Perwerdeyek li ser Ba\u015fkirina Kal\u00eeteya Xizmet\u00ean \u015eopandina Av\u00ea","author":"user55","date":"29 \u0623\u0628\u0631\u064a\u0644\u060c 2025","format":false,"excerpt":"Di berdewamiya bersivday\u00eena Heyva Sor a Kurd de ji bo bergirtina nexwe\u015fiya koleray\u00ea ku Desteya Tenduristiy\u00ea ya R\u00eaveberiya Xweser a Bakur \u00fb Rojhilat\u00ea S\u00fbriy\u00ea di hav\u00eena 2022 'an de belavbuna w\u00ea li gelek deveran ragihand. Xebat\u00ean bersivday\u00een\u00ea y\u00ean her\u00ee berbi\u00e7av ku t\u00eema WASH li Heyva Sor a Kurd \u00fb bi\u2026","rel":"","context":"\u0641\u064a &quot;Be\u015f\u00ea WASH&quot;","block_context":{"text":"Be\u015f\u00ea WASH","link":"https:\/\/hskurd.org\/?cat=855&lang=ku"},"img":{"alt_text":"","src":"https:\/\/i0.wp.com\/hskurd.org\/wp-content\/uploads\/2025\/04\/000198-scaled.jpg?fit=1200%2C800&ssl=1&resize=350%2C200","width":350,"height":200,"srcset":"https:\/\/i0.wp.com\/hskurd.org\/wp-content\/uploads\/2025\/04\/000198-scaled.jpg?fit=1200%2C800&ssl=1&resize=350%2C200 1x, https:\/\/i0.wp.com\/hskurd.org\/wp-content\/uploads\/2025\/04\/000198-scaled.jpg?fit=1200%2C800&ssl=1&resize=525%2C300 1.5x, https:\/\/i0.wp.com\/hskurd.org\/wp-content\/uploads\/2025\/04\/000198-scaled.jpg?fit=1200%2C800&ssl=1&resize=700%2C400 2x, https:\/\/i0.wp.com\/hskurd.org\/wp-content\/uploads\/2025\/04\/000198-scaled.jpg?fit=1200%2C800&ssl=1&resize=1050%2C600 3x"},"classes":[]},{"id":11267,"url":"https:\/\/hskurd.org\/?p=11267&lang=ku","url_meta":{"origin":11619,"position":2},"title":"Ji bo laborat\u00fbwar\u00ean sereke y\u00ean av\u00ea y\u00ean Hesek\u00ea, Qami\u015flo, Reqa \u00fb Tebqay\u00ea made \u00fb t\u00east\u00ean enelayz\u00ea hatin p\u00ea\u015fk\u00ea\u015f kirin","author":"user55","date":"20 \u0645\u0627\u064a\u0648\u060c 2025","format":false,"excerpt":"#Kurd\u00ee Di berdewamkirina xebat\u00ean pi\u015ftgiriya laboratuar\u00ean av\u00ea y\u00ean bi hevkariya Medico International Schweiz re ji bo p\u00ea\u015fxistina kal\u00eeteya xizmetguzariy\u00ean \u00e7avd\u00eariya av\u00ea de bi r\u00eaya desteka p\u00eaw\u00eest ji bo laborat\u00fbwar\u00ean av\u00ea y\u00ean mud\u00eeriyeta gi\u015ft\u00ee ya av\u00ea ya Bakur \u00fb Rojhilat\u00ea S\u00fbriy\u00ea, Heyva Sor a Kurd made \u00fb t\u00east\u00ean laborator\u00ee radest\u00ee laboratuar\u00ean\u2026","rel":"","context":"\u0641\u064a &quot;Be\u015f\u00ea WASH&quot;","block_context":{"text":"Be\u015f\u00ea WASH","link":"https:\/\/hskurd.org\/?cat=855&lang=ku"},"img":{"alt_text":"","src":"https:\/\/i0.wp.com\/hskurd.org\/wp-content\/uploads\/2025\/05\/IMG_3947-scaled.jpg?fit=1200%2C800&ssl=1&resize=350%2C200","width":350,"height":200,"srcset":"https:\/\/i0.wp.com\/hskurd.org\/wp-content\/uploads\/2025\/05\/IMG_3947-scaled.jpg?fit=1200%2C800&ssl=1&resize=350%2C200 1x, https:\/\/i0.wp.com\/hskurd.org\/wp-content\/uploads\/2025\/05\/IMG_3947-scaled.jpg?fit=1200%2C800&ssl=1&resize=525%2C300 1.5x, https:\/\/i0.wp.com\/hskurd.org\/wp-content\/uploads\/2025\/05\/IMG_3947-scaled.jpg?fit=1200%2C800&ssl=1&resize=700%2C400 2x, https:\/\/i0.wp.com\/hskurd.org\/wp-content\/uploads\/2025\/05\/IMG_3947-scaled.jpg?fit=1200%2C800&ssl=1&resize=1050%2C600 3x"},"classes":[]},{"id":5835,"url":"https:\/\/hskurd.org\/?p=5835&lang=ku","url_meta":{"origin":11619,"position":3},"title":"Navenda Minbic\u00ea m\u00eenakeke zind\u00ee ye di l\u00eaner\u00eena tenduristiy\u00ea ya seretay\u00ee de","author":"Sozdar","date":"29 \u062f\u064a\u0633\u0645\u0628\u0631\u060c 2021","format":false,"excerpt":"\u00a0 Xizmet\u00ean l\u00eaner\u00eena tendurist\u00ee ya seretay\u00ee li gor hewcedariy\u00ean kes, malbat \u00fb civakan ji bo \u00e7areserkirin \u00fb refahiya tendurist\u00ee di mil\u00ea la\u015f\u00ee, der\u00fbn\u00ee \u00fb civak\u00ee y\u00ean berfireh bi hev ve gir\u00eaday\u00ee ye, ku l\u00eaner\u00eena kesan bi gi\u015ft\u00ee \u00fb bi hem\u00fb hewcedariy\u00ean tenduristiy\u00ea di hem\u00fb jiyan\u00ea de, ne bi komek nexwe\u015fiy\u00ean\u2026","rel":"","context":"\u0641\u064a &quot;Ge\u015fep\u00eadan&quot;","block_context":{"text":"Ge\u015fep\u00eadan","link":"https:\/\/hskurd.org\/?cat=862&lang=ku"},"img":{"alt_text":"","src":"https:\/\/i0.wp.com\/hskurd.org\/wp-content\/uploads\/2021\/12\/952A1641-copy-2-scaled.jpg?fit=1200%2C800&ssl=1&resize=350%2C200","width":350,"height":200,"srcset":"https:\/\/i0.wp.com\/hskurd.org\/wp-content\/uploads\/2021\/12\/952A1641-copy-2-scaled.jpg?fit=1200%2C800&ssl=1&resize=350%2C200 1x, https:\/\/i0.wp.com\/hskurd.org\/wp-content\/uploads\/2021\/12\/952A1641-copy-2-scaled.jpg?fit=1200%2C800&ssl=1&resize=525%2C300 1.5x, https:\/\/i0.wp.com\/hskurd.org\/wp-content\/uploads\/2021\/12\/952A1641-copy-2-scaled.jpg?fit=1200%2C800&ssl=1&resize=700%2C400 2x, https:\/\/i0.wp.com\/hskurd.org\/wp-content\/uploads\/2021\/12\/952A1641-copy-2-scaled.jpg?fit=1200%2C800&ssl=1&resize=1050%2C600 3x"},"classes":[]},{"id":1913,"url":"https:\/\/hskurd.org\/?p=1913&lang=ku","url_meta":{"origin":11619,"position":4},"title":"Du pump\u00ean av\u00ea y\u00ean n\u00fb li ser \u00e7em\u00ea Firat\u00ea","author":"heyvasorakurd","date":"9 \u0633\u0628\u062a\u0645\u0628\u0631\u060c 2020","format":false,"excerpt":"Bi al\u00eekarya \u015faredary\u00ean Ber\u015felona http:\/\/www.amb.cat\/s\/home.html me dikar\u00eebu j\u0131 n\u00fbve navenda av\u00ea ya ku av\u00ea dide tevah\u00ee Koban\u00ea t\u00eaxin xizmet\u00ea: - avabikina cih - du pump\u00ean n\u00fb li w\u0131r bi cih bikin -serastkirina system elektr\u00eeka navend\u00ea. Her pumpek dikare 350 km \u00ean \u00e7argo\u015f\u00ee ji av\u00ea di demjim\u00earek\u00ea de bide, \u00fb bi\u2026","rel":"","context":"\u0641\u064a &quot;b\u00ea kategoriyan&quot;","block_context":{"text":"b\u00ea kategoriyan","link":"https:\/\/hskurd.org\/?cat=85&lang=ku"},"img":{"alt_text":"","src":"","width":0,"height":0},"classes":[]},{"id":10129,"url":"https:\/\/hskurd.org\/?p=10129&lang=ku","url_meta":{"origin":11619,"position":5},"title":"T\u00eem\u00ea WASH ji bo p\u00ea\u015fwaziya penaberan nirxandin\u00ean destp\u00eak\u00ea dike","author":"neruda","date":"3 \u062f\u064a\u0633\u0645\u0628\u0631\u060c 2024","format":false,"excerpt":"Ji ber gir\u00eengiya sektora av \u00fb paqijiy\u00ea di dema qeyranan de, t\u00eema Heyva Sor a Kurd a WASH ji bo penaber\u00ean #Heleb \u00fb #\u015eehbay\u00ea nirxandina yekem depstp\u00ea kirin. Di van nirxandinan de destwerdan\u00ean awarte di bersivday\u00eena mirov\u00ee di nav sektora av\u00ea \u00fb paqijiy\u00ea de hatin diyarkirin. Di nava tedb\u00eeran de\u2026","rel":"","context":"\u0641\u064a &quot;Awarte&quot;","block_context":{"text":"Awarte","link":"https:\/\/hskurd.org\/?cat=848&lang=ku"},"img":{"alt_text":"","src":"https:\/\/i0.wp.com\/hskurd.org\/wp-content\/uploads\/2024\/12\/774483ea-4078-4e5e-a3e7-dfb76797c6b6.jpg?fit=1200%2C800&ssl=1&resize=350%2C200","width":350,"height":200,"srcset":"https:\/\/i0.wp.com\/hskurd.org\/wp-content\/uploads\/2024\/12\/774483ea-4078-4e5e-a3e7-dfb76797c6b6.jpg?fit=1200%2C800&ssl=1&resize=350%2C200 1x, https:\/\/i0.wp.com\/hskurd.org\/wp-content\/uploads\/2024\/12\/774483ea-4078-4e5e-a3e7-dfb76797c6b6.jpg?fit=1200%2C800&ssl=1&resize=525%2C300 1.5x, https:\/\/i0.wp.com\/hskurd.org\/wp-content\/uploads\/2024\/12\/774483ea-4078-4e5e-a3e7-dfb76797c6b6.jpg?fit=1200%2C800&ssl=1&resize=700%2C400 2x, https:\/\/i0.wp.com\/hskurd.org\/wp-content\/uploads\/2024\/12\/774483ea-4078-4e5e-a3e7-dfb76797c6b6.jpg?fit=1200%2C800&ssl=1&resize=1050%2C600 3x"},"classes":[]}],"jetpack_sharing_enabled":true,"_links":{"self":[{"href":"https:\/\/hskurd.org\/index.php?rest_route=\/wp\/v2\/posts\/11619","targetHints":{"allow":["GET"]}}],"collection":[{"href":"https:\/\/hskurd.org\/index.php?rest_route=\/wp\/v2\/posts"}],"about":[{"href":"https:\/\/hskurd.org\/index.php?rest_route=\/wp\/v2\/types\/post"}],"author":[{"embeddable":true,"href":"https:\/\/hskurd.org\/index.php?rest_route=\/wp\/v2\/users\/8"}],"replies":[{"embeddable":true,"href":"https:\/\/hskurd.org\/index.php?rest_route=%2Fwp%2Fv2%2Fcomments&post=11619"}],"version-history":[{"count":1,"href":"https:\/\/hskurd.org\/index.php?rest_route=\/wp\/v2\/posts\/11619\/revisions"}],"predecessor-version":[{"id":11620,"href":"https:\/\/hskurd.org\/index.php?rest_route=\/wp\/v2\/posts\/11619\/revisions\/11620"}],"wp:featuredmedia":[{"embeddable":true,"href":"https:\/\/hskurd.org\/index.php?rest_route=\/wp\/v2\/media\/11613"}],"wp:attachment":[{"href":"https:\/\/hskurd.org\/index.php?rest_route=%2Fwp%2Fv2%2Fmedia&parent=11619"}],"wp:term":[{"taxonomy":"category","embeddable":true,"href":"https:\/\/hskurd.org\/index.php?rest_route=%2Fwp%2Fv2%2Fcategories&post=11619"},{"taxonomy":"post_tag","embeddable":true,"href":"https:\/\/hskurd.org\/index.php?rest_route=%2Fwp%2Fv2%2Ftags&post=11619"}],"curies":[{"name":"wp","href":"https:\/\/api.w.org\/{rel}","templated":true}]}}