{"id":11609,"date":"2025-08-24T13:46:23","date_gmt":"2025-08-24T10:46:23","guid":{"rendered":"https:\/\/hskurd.org\/?p=11609"},"modified":"2025-08-24T13:46:23","modified_gmt":"2025-08-24T10:46:23","slug":"parastina-maf-u-ewlehiya-zarokan-li-kampa-newroz","status":"publish","type":"post","link":"https:\/\/hskurd.org\/?p=11609&lang=ku","title":{"rendered":"parastina maf \u00fb ewlehiya zarokan Li Kampa Newroz"},"content":{"rendered":"<p><img data-recalc-dims=\"1\" loading=\"lazy\" decoding=\"async\" data-attachment-id=\"11589\" data-permalink=\"https:\/\/hskurd.org\/?attachment_id=11589\" data-orig-file=\"https:\/\/i0.wp.com\/hskurd.org\/wp-content\/uploads\/2025\/08\/WhatsApp-Image-2025-08-24-at-1.18.58-PM-1.jpeg?fit=1080%2C720&amp;ssl=1\" data-orig-size=\"1080,720\" data-comments-opened=\"0\" data-image-meta=\"{&quot;aperture&quot;:&quot;0&quot;,&quot;credit&quot;:&quot;&quot;,&quot;camera&quot;:&quot;&quot;,&quot;caption&quot;:&quot;&quot;,&quot;created_timestamp&quot;:&quot;0&quot;,&quot;copyright&quot;:&quot;&quot;,&quot;focal_length&quot;:&quot;0&quot;,&quot;iso&quot;:&quot;0&quot;,&quot;shutter_speed&quot;:&quot;0&quot;,&quot;title&quot;:&quot;&quot;,&quot;orientation&quot;:&quot;0&quot;}\" data-image-title=\"WhatsApp Image 2025-08-24 at 1.18.58 PM (1)\" data-image-description=\"\" data-image-caption=\"\" data-medium-file=\"https:\/\/i0.wp.com\/hskurd.org\/wp-content\/uploads\/2025\/08\/WhatsApp-Image-2025-08-24-at-1.18.58-PM-1.jpeg?fit=300%2C200&amp;ssl=1\" data-large-file=\"https:\/\/i0.wp.com\/hskurd.org\/wp-content\/uploads\/2025\/08\/WhatsApp-Image-2025-08-24-at-1.18.58-PM-1.jpeg?fit=1030%2C687&amp;ssl=1\" class=\"alignnone size-medium wp-image-11589\" src=\"https:\/\/i0.wp.com\/hskurd.org\/wp-content\/uploads\/2025\/08\/WhatsApp-Image-2025-08-24-at-1.18.58-PM-1.jpeg?resize=300%2C200&#038;ssl=1\" alt=\"\" width=\"300\" height=\"200\" srcset=\"https:\/\/i0.wp.com\/hskurd.org\/wp-content\/uploads\/2025\/08\/WhatsApp-Image-2025-08-24-at-1.18.58-PM-1.jpeg?resize=300%2C200&amp;ssl=1 300w, https:\/\/i0.wp.com\/hskurd.org\/wp-content\/uploads\/2025\/08\/WhatsApp-Image-2025-08-24-at-1.18.58-PM-1.jpeg?resize=1030%2C687&amp;ssl=1 1030w, https:\/\/i0.wp.com\/hskurd.org\/wp-content\/uploads\/2025\/08\/WhatsApp-Image-2025-08-24-at-1.18.58-PM-1.jpeg?resize=768%2C512&amp;ssl=1 768w, https:\/\/i0.wp.com\/hskurd.org\/wp-content\/uploads\/2025\/08\/WhatsApp-Image-2025-08-24-at-1.18.58-PM-1.jpeg?resize=705%2C470&amp;ssl=1 705w, https:\/\/i0.wp.com\/hskurd.org\/wp-content\/uploads\/2025\/08\/WhatsApp-Image-2025-08-24-at-1.18.58-PM-1.jpeg?w=1080&amp;ssl=1 1080w\" sizes=\"auto, (max-width: 300px) 100vw, 300px\" \/> <img data-recalc-dims=\"1\" loading=\"lazy\" decoding=\"async\" data-attachment-id=\"11591\" data-permalink=\"https:\/\/hskurd.org\/?attachment_id=11591\" data-orig-file=\"https:\/\/i0.wp.com\/hskurd.org\/wp-content\/uploads\/2025\/08\/WhatsApp-Image-2025-08-24-at-1.18.57-PM.jpeg?fit=1080%2C720&amp;ssl=1\" data-orig-size=\"1080,720\" data-comments-opened=\"0\" data-image-meta=\"{&quot;aperture&quot;:&quot;0&quot;,&quot;credit&quot;:&quot;&quot;,&quot;camera&quot;:&quot;&quot;,&quot;caption&quot;:&quot;&quot;,&quot;created_timestamp&quot;:&quot;0&quot;,&quot;copyright&quot;:&quot;&quot;,&quot;focal_length&quot;:&quot;0&quot;,&quot;iso&quot;:&quot;0&quot;,&quot;shutter_speed&quot;:&quot;0&quot;,&quot;title&quot;:&quot;&quot;,&quot;orientation&quot;:&quot;0&quot;}\" data-image-title=\"WhatsApp Image 2025-08-24 at 1.18.57 PM\" data-image-description=\"\" data-image-caption=\"\" data-medium-file=\"https:\/\/i0.wp.com\/hskurd.org\/wp-content\/uploads\/2025\/08\/WhatsApp-Image-2025-08-24-at-1.18.57-PM.jpeg?fit=300%2C200&amp;ssl=1\" data-large-file=\"https:\/\/i0.wp.com\/hskurd.org\/wp-content\/uploads\/2025\/08\/WhatsApp-Image-2025-08-24-at-1.18.57-PM.jpeg?fit=1030%2C687&amp;ssl=1\" class=\"alignnone size-medium wp-image-11591\" src=\"https:\/\/i0.wp.com\/hskurd.org\/wp-content\/uploads\/2025\/08\/WhatsApp-Image-2025-08-24-at-1.18.57-PM.jpeg?resize=300%2C200&#038;ssl=1\" alt=\"\" width=\"300\" height=\"200\" srcset=\"https:\/\/i0.wp.com\/hskurd.org\/wp-content\/uploads\/2025\/08\/WhatsApp-Image-2025-08-24-at-1.18.57-PM.jpeg?resize=300%2C200&amp;ssl=1 300w, https:\/\/i0.wp.com\/hskurd.org\/wp-content\/uploads\/2025\/08\/WhatsApp-Image-2025-08-24-at-1.18.57-PM.jpeg?resize=1030%2C687&amp;ssl=1 1030w, https:\/\/i0.wp.com\/hskurd.org\/wp-content\/uploads\/2025\/08\/WhatsApp-Image-2025-08-24-at-1.18.57-PM.jpeg?resize=768%2C512&amp;ssl=1 768w, https:\/\/i0.wp.com\/hskurd.org\/wp-content\/uploads\/2025\/08\/WhatsApp-Image-2025-08-24-at-1.18.57-PM.jpeg?resize=705%2C470&amp;ssl=1 705w, https:\/\/i0.wp.com\/hskurd.org\/wp-content\/uploads\/2025\/08\/WhatsApp-Image-2025-08-24-at-1.18.57-PM.jpeg?w=1080&amp;ssl=1 1080w\" sizes=\"auto, (max-width: 300px) 100vw, 300px\" \/><\/p>\n<div class=\"xdj266r x14z9mp xat24cr x1lziwak x1vvkbs x126k92a\">\n<div dir=\"auto\">Li Kampa Newroz, Of\u00eesa Parastin\u00ea ya Heyva Sor a Kurd, bi be\u015fdariya 25 kesan ji saziy\u00ean xebat\u00ea y\u00ean li kamp\u00ea, perwerdeyek hi\u015fyariy\u00ea li ser teherru\u015f \u00fb tac\u00eez di navbera zarokan de li darxist.<\/div>\n<\/div>\n<div class=\"x14z9mp xat24cr x1lziwak x1vvkbs xtlvy1s x126k92a\">\n<div dir=\"auto\">Armanca perwerd\u00ea ew b\u00fb ku bi r\u00eaya zan\u00eendar\u00ee, \u015fopandin \u00fb hi\u015fyarkirin\u00ea, be\u015fdar\u00ean xebat\u00ea al\u00eekar bibin li parastina maf \u00fb ewlehiya zarokan \u00fb \u015f\u00eawey\u00ean wan \u00e7avd\u00ear bin.<\/div>\n<\/div>\n<div class=\"x14z9mp xat24cr x1lziwak x1vvkbs xtlvy1s x126k92a\">\n<div dir=\"auto\">Di civ\u00een\u00ea de bro\u015f\u00fbr\u00ean perwerdey\u00ee hatin belavkirin ku t\u00ea de agahdariy\u00ean bingeh\u00een li ser nasandina teherru\u015fa zarokan, \u00e7awa p\u00ea\u015fxistina \u015fopandina wan \u00fb r\u00eabaz\u00ean raporkirin\u00ea hate dan\u00een.<\/div>\n<\/div>\n","protected":false},"excerpt":{"rendered":"<p>Li Kampa Newroz, Of\u00eesa Parastin\u00ea ya Heyva Sor a Kurd, bi be\u015fdariya 25 kesan ji saziy\u00ean xebat\u00ea y\u00ean li kamp\u00ea, perwerdeyek hi\u015fyariy\u00ea li ser teherru\u015f \u00fb tac\u00eez di navbera zarokan de li darxist. Armanca perwerd\u00ea ew b\u00fb ku bi r\u00eaya zan\u00eendar\u00ee, \u015fopandin \u00fb hi\u015fyarkirin\u00ea, be\u015fdar\u00ean xebat\u00ea al\u00eekar bibin li parastina maf \u00fb ewlehiya zarokan \u00fb [&hellip;]<\/p>\n","protected":false},"author":8,"featured_media":11589,"comment_status":"open","ping_status":"open","sticky":false,"template":"","format":"standard","meta":{"give_campaign_id":0,"ngg_post_thumbnail":0,"jetpack_post_was_ever_published":false,"_jetpack_newsletter_access":"","_jetpack_dont_email_post_to_subs":false,"_jetpack_newsletter_tier_id":0,"_jetpack_memberships_contains_paywalled_content":false,"_jetpack_memberships_contains_paid_content":false,"footnotes":"","jetpack_publicize_message":"","jetpack_publicize_feature_enabled":true,"jetpack_social_post_already_shared":true,"jetpack_social_options":{"image_generator_settings":{"template":"highway","default_image_id":0,"font":"","enabled":false},"version":2},"_links_to":"","_links_to_target":""},"categories":[2171,840,1486],"tags":[2376],"class_list":["post-11609","post","type-post","status-publish","format-standard","has-post-thumbnail","hentry","category-news-ku","category-parastin","category-pistgirya-pskologik","tag-mafen-zarokan-heyva-sor-a-kurd-kampa-newroz"],"jetpack_publicize_connections":[],"jetpack_featured_media_url":"https:\/\/i0.wp.com\/hskurd.org\/wp-content\/uploads\/2025\/08\/WhatsApp-Image-2025-08-24-at-1.18.58-PM-1.jpeg?fit=1080%2C720&ssl=1","jetpack-related-posts":[{"id":8795,"url":"https:\/\/hskurd.org\/?p=8795&lang=ku","url_meta":{"origin":11609,"position":0},"title":"Heyva Sor a Kurd li kampa Berxwedan navendeke perwerde \u00fb \u015fahiy\u00ea ji zarokan re vekir","author":"neruda","date":"16 \u0623\u0643\u062a\u0648\u0628\u0631\u060c 2024","format":false,"excerpt":"https:\/\/youtu.be\/ktJqOMwy3kU Di sala 2024'an de , di be\u015fa z\u00fb naskirin pence\u015f\u00eara p\u00eas\u00eer\u00ea de li Nexwe\u015fxaneya Onkoloj\u00ee, \u015fewat \u00fb Talas\u00eemiyay\u00ea ya gir\u00eaday\u00ee Heyva Sor a Kurd a bajar\u00ea Qami\u015flo 1283 muayene, ji wan 680 muayeney\u00ean \u00cekograf\u00ee \u00fb 846 muayeney\u00ean mamograf\u00ee ji bo jinan hatine \u00e7\u00eakirin, di nav de 24 rew\u015f\u00ean er\u00ean\u00ee\u2026","rel":"","context":"\u0641\u064a &quot;b\u00ea kategoriyan&quot;","block_context":{"text":"b\u00ea kategoriyan","link":"https:\/\/hskurd.org\/?cat=85&lang=ku"},"img":{"alt_text":"","src":"https:\/\/i0.wp.com\/hskurd.org\/wp-content\/uploads\/2024\/10\/%D8%B4%D9%87%D8%A8%D8%A7%D8%A7%D8%A7.png?fit=1200%2C687&ssl=1&resize=350%2C200","width":350,"height":200,"srcset":"https:\/\/i0.wp.com\/hskurd.org\/wp-content\/uploads\/2024\/10\/%D8%B4%D9%87%D8%A8%D8%A7%D8%A7%D8%A7.png?fit=1200%2C687&ssl=1&resize=350%2C200 1x, https:\/\/i0.wp.com\/hskurd.org\/wp-content\/uploads\/2024\/10\/%D8%B4%D9%87%D8%A8%D8%A7%D8%A7%D8%A7.png?fit=1200%2C687&ssl=1&resize=525%2C300 1.5x, https:\/\/i0.wp.com\/hskurd.org\/wp-content\/uploads\/2024\/10\/%D8%B4%D9%87%D8%A8%D8%A7%D8%A7%D8%A7.png?fit=1200%2C687&ssl=1&resize=700%2C400 2x, https:\/\/i0.wp.com\/hskurd.org\/wp-content\/uploads\/2024\/10\/%D8%B4%D9%87%D8%A8%D8%A7%D8%A7%D8%A7.png?fit=1200%2C687&ssl=1&resize=1050%2C600 3x"},"classes":[]},{"id":11546,"url":"https:\/\/hskurd.org\/?p=11546&lang=ku","url_meta":{"origin":11609,"position":1},"title":"\u00c7\u00eakirina \u015febekey\u00ean kanal\u00eezasyon \u00fb av\u00ea li kampa Newroz","author":"user55","date":"20 \u0623\u063a\u0633\u0637\u0633\u060c 2025","format":false,"excerpt":"https:\/\/youtu.be\/vb6unAN026U?si=WEx5gFmxEp5svLNr B\u0131 armanca pi\u015ftgiriya penaberan, Heyva Sor a Kurd\u00ee bi hevkariya Volkshilfe, di nav projeya Improved Living and Health de, r\u00eazek ji xizmet\u00ean jiyan\u00ee \u00fb tendurist\u00ee li kampa Newroz p\u00eak an\u00ee.\" Di nava v\u00ea projey\u00ea de ser\u015fok \u00fb tes\u00ees\u00ean paqijiy\u00ea, \u00fb tor\u00ean kanal\u00eezasyon \u00fb av\u00ea hate avakirin, JI bo paqijkirin\u00ea,\u2026","rel":"","context":"\u0641\u064a &quot;Be\u015f\u00ea WASH&quot;","block_context":{"text":"Be\u015f\u00ea WASH","link":"https:\/\/hskurd.org\/?cat=855&lang=ku"},"img":{"alt_text":"","src":"https:\/\/i0.wp.com\/hskurd.org\/wp-content\/uploads\/2025\/08\/IMG_4495-scaled.jpg?fit=1200%2C930&ssl=1&resize=350%2C200","width":350,"height":200,"srcset":"https:\/\/i0.wp.com\/hskurd.org\/wp-content\/uploads\/2025\/08\/IMG_4495-scaled.jpg?fit=1200%2C930&ssl=1&resize=350%2C200 1x, https:\/\/i0.wp.com\/hskurd.org\/wp-content\/uploads\/2025\/08\/IMG_4495-scaled.jpg?fit=1200%2C930&ssl=1&resize=525%2C300 1.5x, https:\/\/i0.wp.com\/hskurd.org\/wp-content\/uploads\/2025\/08\/IMG_4495-scaled.jpg?fit=1200%2C930&ssl=1&resize=700%2C400 2x, https:\/\/i0.wp.com\/hskurd.org\/wp-content\/uploads\/2025\/08\/IMG_4495-scaled.jpg?fit=1200%2C930&ssl=1&resize=1050%2C600 3x"},"classes":[]},{"id":5299,"url":"https:\/\/hskurd.org\/?p=5299&lang=ku","url_meta":{"origin":11609,"position":2},"title":"Al\u00eekariyek ji rengek\u00ee d\u00ee li kampa newroz hat p\u00ea\u015fk\u00ea\u015fkirin","author":"Sozdar","date":"16 \u0645\u0627\u0631\u0633\u060c 2021","format":false,"excerpt":"Bi al\u00eekariya Heyva Sor a Kurd , Roja Sor a Kurd ku navenda w\u00ea li Sw\u00ead\u00ea dim\u00eene bi gavin xwe\u015f al\u00cekar\u00ee ji bo Kampa Newroz a ku derdora 320 malbat\u00ee ji Ser\u00ea Kaniy\u00ea \u00fb Efr\u00een\u00ea l\u00ea dim\u00eenin p\u00ea\u015fk\u00ea\u015fkir, \u00fb 320 kerton ji xwarina ta\u015ft\u00ea p\u00eak t\u00ea li wan belav kir.\u2026","rel":"","context":"\u0641\u064a &quot;Parastin&quot;","block_context":{"text":"Parastin","link":"https:\/\/hskurd.org\/?cat=840&lang=ku"},"img":{"alt_text":"","src":"https:\/\/i0.wp.com\/hskurd.org\/wp-content\/uploads\/2021\/03\/952A4308-scaled.jpg?fit=1200%2C800&ssl=1&resize=350%2C200","width":350,"height":200,"srcset":"https:\/\/i0.wp.com\/hskurd.org\/wp-content\/uploads\/2021\/03\/952A4308-scaled.jpg?fit=1200%2C800&ssl=1&resize=350%2C200 1x, https:\/\/i0.wp.com\/hskurd.org\/wp-content\/uploads\/2021\/03\/952A4308-scaled.jpg?fit=1200%2C800&ssl=1&resize=525%2C300 1.5x, https:\/\/i0.wp.com\/hskurd.org\/wp-content\/uploads\/2021\/03\/952A4308-scaled.jpg?fit=1200%2C800&ssl=1&resize=700%2C400 2x, https:\/\/i0.wp.com\/hskurd.org\/wp-content\/uploads\/2021\/03\/952A4308-scaled.jpg?fit=1200%2C800&ssl=1&resize=1050%2C600 3x"},"classes":[]},{"id":7565,"url":"https:\/\/hskurd.org\/?p=7565&lang=ku","url_meta":{"origin":11609,"position":3},"title":"Heyva Sor a Kurd bar\u00ea p\u00eadiviy\u00ean zarokan \u00ean li kamp\u00ean \u015eehbay\u00ea radike","author":"heyvasorakurd","date":"3 \u0633\u0628\u062a\u0645\u0628\u0631\u060c 2023","format":false,"excerpt":"Ji ber buhab\u00fbna nirx\u00ea kel\u00fbpel \u00fb p\u00eadiviy\u00ean jiyan\u00ea, bi taybet\u00ee p\u00eadiviy\u00ean zarokan \u00fb bar\u00ean z\u00eade y\u00ean ku li ser ko\u00e7beran \u00e7\u00eadikin, t\u00eem\u00ean Heyva Sor a Kurd li her\u00eam\u00ean \u015eehba ji bo zarok\u00ean p\u00ea\u00e7ek\u00ea heta yek sal\u00ee de \u00ean xelk\u00ea ku li kamp\u00ean \u015eehba dij\u00een (kampa Berxdan - Kampa Serdem -\u2026","rel":"","context":"\u0641\u064a &quot;Parastin&quot;","block_context":{"text":"Parastin","link":"https:\/\/hskurd.org\/?cat=840&lang=ku"},"img":{"alt_text":"","src":"https:\/\/i0.wp.com\/hskurd.org\/wp-content\/uploads\/2023\/09\/375065831_613121880983115_5840175981247664711_n.jpg?fit=1200%2C800&ssl=1&resize=350%2C200","width":350,"height":200,"srcset":"https:\/\/i0.wp.com\/hskurd.org\/wp-content\/uploads\/2023\/09\/375065831_613121880983115_5840175981247664711_n.jpg?fit=1200%2C800&ssl=1&resize=350%2C200 1x, https:\/\/i0.wp.com\/hskurd.org\/wp-content\/uploads\/2023\/09\/375065831_613121880983115_5840175981247664711_n.jpg?fit=1200%2C800&ssl=1&resize=525%2C300 1.5x, https:\/\/i0.wp.com\/hskurd.org\/wp-content\/uploads\/2023\/09\/375065831_613121880983115_5840175981247664711_n.jpg?fit=1200%2C800&ssl=1&resize=700%2C400 2x, https:\/\/i0.wp.com\/hskurd.org\/wp-content\/uploads\/2023\/09\/375065831_613121880983115_5840175981247664711_n.jpg?fit=1200%2C800&ssl=1&resize=1050%2C600 3x"},"classes":[]},{"id":7968,"url":"https:\/\/hskurd.org\/?p=7968&lang=ku","url_meta":{"origin":11609,"position":4},"title":"Belavkirina cil\u00ean zivistan\u00ea li ser ko\u00e7ber\u00ean kampa Wa\u015fokan\u00ee","author":"neruda","date":"28 \u0646\u0648\u0641\u0645\u0628\u0631\u060c 2023","format":false,"excerpt":"Bi hatina demsala zivistan\u00ea \u00fb zehmetiy\u00ean ku ko\u00e7ber\u00ean kampan rast\u00ee wan t\u00ean, Heyva Sor a Kurd li kampa Wa\u015fokan\u00ee ya ko\u00e7beran, li rojavay\u00ea bajar\u00ea Hesek\u00ea, komek cil\u00fbberg ji bo hem\u00fb temenan bi taybet zarokan belav kir. belavkirin\u00ea di navbera navenda Heyva Sor a Kurd a li kamp\u00ea \u00fb kom\u00eenan de\u2026","rel":"","context":"\u0641\u064a &quot;b\u00ea kategoriyan&quot;","block_context":{"text":"b\u00ea kategoriyan","link":"https:\/\/hskurd.org\/?cat=85&lang=ku"},"img":{"alt_text":"","src":"https:\/\/i0.wp.com\/hskurd.org\/wp-content\/uploads\/2023\/11\/hy.jpg?fit=1200%2C800&ssl=1&resize=350%2C200","width":350,"height":200,"srcset":"https:\/\/i0.wp.com\/hskurd.org\/wp-content\/uploads\/2023\/11\/hy.jpg?fit=1200%2C800&ssl=1&resize=350%2C200 1x, https:\/\/i0.wp.com\/hskurd.org\/wp-content\/uploads\/2023\/11\/hy.jpg?fit=1200%2C800&ssl=1&resize=525%2C300 1.5x, https:\/\/i0.wp.com\/hskurd.org\/wp-content\/uploads\/2023\/11\/hy.jpg?fit=1200%2C800&ssl=1&resize=700%2C400 2x, https:\/\/i0.wp.com\/hskurd.org\/wp-content\/uploads\/2023\/11\/hy.jpg?fit=1200%2C800&ssl=1&resize=1050%2C600 3x"},"classes":[]},{"id":5025,"url":"https:\/\/hskurd.org\/?p=5025&lang=ku","url_meta":{"origin":11609,"position":5},"title":"Valahiyeke heval ji bo zarokan li campa Wa\u015fokan\u00ee hat vekirin","author":"Sozdar","date":"23 \u0646\u0648\u0641\u0645\u0628\u0631\u060c 2020","format":false,"excerpt":"\u00a0 Ji ber ku zarok mebesta me ya sereke ne \u00fb ew di destp\u00eaka xizmet\u00ean me y\u00ean tendurst\u00ee \u00fb dir\u00fbn\u00ee de ne , em di heyva sor de hewl didin ku \"roja zaroan ya c\u00eehan\u00ee\" wek hem\u00fb rojan derbas nebe. Lewra t\u00eema parastin\u00ea ya HSK \u00fb qom\u00ceteya parastina zarokan li\u2026","rel":"","context":"\u0641\u064a &quot;Parastin&quot;","block_context":{"text":"Parastin","link":"https:\/\/hskurd.org\/?cat=840&lang=ku"},"img":{"alt_text":"","src":"https:\/\/i0.wp.com\/hskurd.org\/wp-content\/uploads\/2020\/11\/%D9%86%D8%AA%D8%A7-2.jpg?fit=1200%2C800&ssl=1&resize=350%2C200","width":350,"height":200,"srcset":"https:\/\/i0.wp.com\/hskurd.org\/wp-content\/uploads\/2020\/11\/%D9%86%D8%AA%D8%A7-2.jpg?fit=1200%2C800&ssl=1&resize=350%2C200 1x, https:\/\/i0.wp.com\/hskurd.org\/wp-content\/uploads\/2020\/11\/%D9%86%D8%AA%D8%A7-2.jpg?fit=1200%2C800&ssl=1&resize=525%2C300 1.5x, https:\/\/i0.wp.com\/hskurd.org\/wp-content\/uploads\/2020\/11\/%D9%86%D8%AA%D8%A7-2.jpg?fit=1200%2C800&ssl=1&resize=700%2C400 2x, https:\/\/i0.wp.com\/hskurd.org\/wp-content\/uploads\/2020\/11\/%D9%86%D8%AA%D8%A7-2.jpg?fit=1200%2C800&ssl=1&resize=1050%2C600 3x"},"classes":[]}],"jetpack_sharing_enabled":true,"_links":{"self":[{"href":"https:\/\/hskurd.org\/index.php?rest_route=\/wp\/v2\/posts\/11609","targetHints":{"allow":["GET"]}}],"collection":[{"href":"https:\/\/hskurd.org\/index.php?rest_route=\/wp\/v2\/posts"}],"about":[{"href":"https:\/\/hskurd.org\/index.php?rest_route=\/wp\/v2\/types\/post"}],"author":[{"embeddable":true,"href":"https:\/\/hskurd.org\/index.php?rest_route=\/wp\/v2\/users\/8"}],"replies":[{"embeddable":true,"href":"https:\/\/hskurd.org\/index.php?rest_route=%2Fwp%2Fv2%2Fcomments&post=11609"}],"version-history":[{"count":1,"href":"https:\/\/hskurd.org\/index.php?rest_route=\/wp\/v2\/posts\/11609\/revisions"}],"predecessor-version":[{"id":11610,"href":"https:\/\/hskurd.org\/index.php?rest_route=\/wp\/v2\/posts\/11609\/revisions\/11610"}],"wp:featuredmedia":[{"embeddable":true,"href":"https:\/\/hskurd.org\/index.php?rest_route=\/wp\/v2\/media\/11589"}],"wp:attachment":[{"href":"https:\/\/hskurd.org\/index.php?rest_route=%2Fwp%2Fv2%2Fmedia&parent=11609"}],"wp:term":[{"taxonomy":"category","embeddable":true,"href":"https:\/\/hskurd.org\/index.php?rest_route=%2Fwp%2Fv2%2Fcategories&post=11609"},{"taxonomy":"post_tag","embeddable":true,"href":"https:\/\/hskurd.org\/index.php?rest_route=%2Fwp%2Fv2%2Ftags&post=11609"}],"curies":[{"name":"wp","href":"https:\/\/api.w.org\/{rel}","templated":true}]}}