{"id":11582,"date":"2025-08-24T09:06:53","date_gmt":"2025-08-24T06:06:53","guid":{"rendered":"https:\/\/hskurd.org\/?p=11582"},"modified":"2025-08-24T09:06:53","modified_gmt":"2025-08-24T06:06:53","slug":"gihandina-alikariyen-awarte-ji-bo-sweda","status":"publish","type":"post","link":"https:\/\/hskurd.org\/?p=11582&lang=ku","title":{"rendered":"Gihandina al\u00eekariy\u00ean awarte ji bo Sw\u00eada"},"content":{"rendered":"<div dir=\"auto\">Ji desp\u00eaka kr\u00eeza ba\u015fur\u00ea Suriy\u00ea \u00fb Sw\u00eada de, me hewl da ku em bibin Al\u00eekar bi kes\u00ean ku ziyan d\u00eetin \u00fb ko\u00e7berb\u00fbn ji ber rew\u015fa \u015fer, bi taybet\u00ee li par\u00eazgeha Sw\u00eada y\u00ea.<\/div>\n<div dir=\"auto\">Ji ber tensiona hey\u00ee \u00fb hestiyariya rew\u015f\u00ea me ji desp\u00eak\u00ea de bi b\u00eadeng\u00ee kar kir ji bo ewlekariya hevkar\u00ean me \u00fb selametiya herkes\u00ee.<\/div>\n<div dir=\"auto\">Tev rew\u015fa giran \u00fb hemu astengiyan, \u00fb bi fedekariya civaka civ\u00eel li Sw\u00eada me kar\u00eeb\u00fb di dem\u00ean z\u00fb de bibin Al\u00eekar, taybet\u00ee di van Aliyan de:<\/div>\n<div dir=\"auto\">&#8211; pi\u015ftgiriya malbat\u00ean Ko\u00e7ber bi xwarin\u00ea, b\u00eatir ji 40.000 dan\u00ea xwarin\u00ea.<\/div>\n<div dir=\"auto\">&#8211; \u2060pi\u015ftgiriya \u00e7otkaran bi Mazot \u00fb kar\u00ea wan ta bibin Al\u00eekar \u00fb Suka xwarin\u00ea ji bo milet heredem hebe.<\/div>\n<div dir=\"auto\">&#8211; \u2060kir\u00eena Mazot \u00fb pi\u015ftgiriya ambulansan ji bo veguhestina bir\u00eendaran ji bo Nexwe\u015fxaneyan.<\/div>\n<div dir=\"auto\">&#8211; \u2060Al\u00eekariya peran bi 280 malbat\u00ea ko\u00e7ber re ji bo berdewamiya Jiyana wan di dema ko\u00e7beriy\u00ea de.<\/div>\n<div dir=\"auto\">&#8211; \u2060\u00e7\u00eakirina t\u00eakiliyan di navbera hejmarek xwendekar\u00ean ji Sw\u00eada ku ji dervey\u00ee Sw\u00eada Dinah \u00fb pi\u015ftgiria wan bi mesrefa wan di dema \u015fer\u00ea bajar\u00ea Sw\u00eada de ta vegera wan.<\/div>\n<div dir=\"auto\">Di dawi y\u00ea de em Spasiya xwe ji hem\u00fb civaka civ\u00eel \u00fb saziy\u00ean xwecih\u00ee li Sw\u00eada ku bi mere bun Al\u00eekar p\u00ea\u015fk\u00ea\u015f dikin, Ku di rew\u015f\u00ean giran de b\u00fbn Egera xelaskirina Jiyana mirovan. Em\u00ea j\u00ee ji h\u00eala xwe de kar\u00ea pi\u015ftgiriya civaka Sw\u00eada bikin \u00fb herdem hazir bin ji bo \u00e7i dever\u00ean Al\u00eekar\u00ee L\u00ea b\u00eane dwestin.<\/div>\n","protected":false},"excerpt":{"rendered":"<p>Ji desp\u00eaka kr\u00eeza ba\u015fur\u00ea Suriy\u00ea \u00fb Sw\u00eada de, me hewl da ku em bibin Al\u00eekar bi kes\u00ean ku ziyan d\u00eetin \u00fb ko\u00e7berb\u00fbn ji ber rew\u015fa \u015fer, bi taybet\u00ee li par\u00eazgeha Sw\u00eada y\u00ea. Ji ber tensiona hey\u00ee \u00fb hestiyariya rew\u015f\u00ea me ji desp\u00eak\u00ea de bi b\u00eadeng\u00ee kar kir ji bo ewlekariya hevkar\u00ean me \u00fb selametiya herkes\u00ee. [&hellip;]<\/p>\n","protected":false},"author":8,"featured_media":11570,"comment_status":"open","ping_status":"open","sticky":false,"template":"","format":"standard","meta":{"give_campaign_id":0,"ngg_post_thumbnail":0,"jetpack_post_was_ever_published":false,"_jetpack_newsletter_access":"","_jetpack_dont_email_post_to_subs":false,"_jetpack_newsletter_tier_id":0,"_jetpack_memberships_contains_paywalled_content":false,"_jetpack_memberships_contains_paid_content":false,"footnotes":"","jetpack_publicize_message":"","jetpack_publicize_feature_enabled":true,"jetpack_social_post_already_shared":true,"jetpack_social_options":{"image_generator_settings":{"template":"highway","default_image_id":0,"font":"","enabled":false},"version":2},"_links_to":"","_links_to_target":""},"categories":[2171,206],"tags":[],"class_list":["post-11582","post","type-post","status-publish","format-standard","has-post-thumbnail","hentry","category-news-ku","category-rapor"],"jetpack_publicize_connections":[],"jetpack_featured_media_url":"https:\/\/i0.wp.com\/hskurd.org\/wp-content\/uploads\/2025\/08\/%D8%B3%D9%88%D9%8A%D8%AF%D8%A7.jpg?fit=960%2C1280&ssl=1","jetpack-related-posts":[{"id":12527,"url":"https:\/\/hskurd.org\/?p=12527&lang=ku","url_meta":{"origin":11582,"position":0},"title":"Kampanyayeke mirov\u00ee li Qam\u00ee\u015flo bi pi\u015ftgiriya 2,800 malbat\u00ean ko\u00e7ber bi daw\u00ee b\u00fb \u00fb belavkirin li dever\u00ean din j\u00ee berdewam dike.","author":"user55","date":"13 \u0623\u0628\u0631\u064a\u0644\u060c 2026","format":false,"excerpt":"https:\/\/youtube.com\/shorts\/FaK9AS8uUk4?si=1rYjAktV3Cf4-tmL Bi daw\u00eeb\u00fbna kampanyaya me ya mirovah\u00ee li bajar\u00ea Qami\u015flo, em gih\u00ee\u015ftin 2800 malbat\u00ean ji gel\u00ea me y\u00ean ko\u00e7ber \u00ean Efr\u00een\u00ea, di nav 114 navend\u00ean wargeh\u00ea de li hundir\u00ea baj\u00ear. Di van roj\u00ean kampanyay\u00ea de, armanca me ew b\u00fb ku li k\u00ealeka her malbatek ku hewcedar e bin \u00fb bi\u2026","rel":"","context":"\u0641\u064a &quot;Al\u00eekar\u00ee&quot;","block_context":{"text":"Al\u00eekar\u00ee","link":"https:\/\/hskurd.org\/?cat=2169&lang=ku"},"img":{"alt_text":"","src":"https:\/\/i0.wp.com\/img.youtube.com\/vi\/\/0.jpg?resize=350%2C200","width":350,"height":200},"classes":[]},{"id":6264,"url":"https:\/\/hskurd.org\/?p=6264&lang=ku","url_meta":{"origin":11582,"position":1},"title":"Ken\u00ea wan ji bo me berdewam\u00ee ye","author":"Sozdar","date":"3 \u064a\u0648\u0644\u064a\u0648\u060c 2022","format":false,"excerpt":"Nav: Fed\u00eela Xidir El-El\u00ee Temen: 7 sal Cih: Kampa Wa\u015fokan\u00ee Rew\u015fa w\u00ea a tendurst\u00ee : hewcedariya la\u015f\u00ee Sedema hewcedariy\u00ea: derketina gir\u00eakek\u00ea li ser derzika pi\u015fta w\u00ea \u00fb di dema emel\u00eekirina w\u00ea de tevgera herdu ling\u00ean xwe wunda kir. Nekar\u00eeb\u00fbna Fed\u00eela di tevger \u00fb p\u00eakvejiyana bi heval\u00ean xwe re, \u00ea\u015fa ko\u00e7beriy\u00ea\u2026","rel":"","context":"\u0641\u064a &quot;\u00c7\u00eerok&quot;","block_context":{"text":"\u00c7\u00eerok","link":"https:\/\/hskurd.org\/?cat=831&lang=ku"},"img":{"alt_text":"","src":"https:\/\/i0.wp.com\/hskurd.org\/wp-content\/uploads\/2022\/07\/02-1-scaled.jpg?fit=1200%2C800&ssl=1&resize=350%2C200","width":350,"height":200,"srcset":"https:\/\/i0.wp.com\/hskurd.org\/wp-content\/uploads\/2022\/07\/02-1-scaled.jpg?fit=1200%2C800&ssl=1&resize=350%2C200 1x, https:\/\/i0.wp.com\/hskurd.org\/wp-content\/uploads\/2022\/07\/02-1-scaled.jpg?fit=1200%2C800&ssl=1&resize=525%2C300 1.5x, https:\/\/i0.wp.com\/hskurd.org\/wp-content\/uploads\/2022\/07\/02-1-scaled.jpg?fit=1200%2C800&ssl=1&resize=700%2C400 2x, https:\/\/i0.wp.com\/hskurd.org\/wp-content\/uploads\/2022\/07\/02-1-scaled.jpg?fit=1200%2C800&ssl=1&resize=1050%2C600 3x"},"classes":[]},{"id":8811,"url":"https:\/\/hskurd.org\/?p=8811&lang=ku","url_meta":{"origin":11582,"position":2},"title":"&#8220;Em ji bo nexwe\u015f\u00ean Pence\u015f\u00ear \u00fb Telas\u00eemiyay\u00ea bibin al\u00eekar&#8221; projeyeke civak\u00ee mirovah\u00ee ye","author":"neruda","date":"21 \u0623\u0643\u062a\u0648\u0628\u0631\u060c 2024","format":false,"excerpt":"https:\/\/youtu.be\/mF7yMY1-oYA Al\u00eekar\u00ee, yek ji kar\u00ean mirov\u00ee y\u00ea her\u00ee p\u00eeroz e ku di pi\u015ftgiriya saziy\u00ean tenduristiy\u00ea de dibe al\u00eekar , bi taybet di war\u00ea l\u00eaner\u00eena nexwe\u015f\u00ean kanser\u00ea de. Nexwe\u015fxaneya Onkoloj\u00ee, \u015fewat \u00fb Telas\u00eemiya ya gir\u00eaday\u00ee Heyva Sor a Kurd a li bajar\u00ea Qami\u015flo j\u00ee ,ji bo nexwe\u015f\u00ean ji hem\u00fb her\u00eaman stargeha\u2026","rel":"","context":"\u0641\u064a &quot;Ge\u015fep\u00eadan&quot;","block_context":{"text":"Ge\u015fep\u00eadan","link":"https:\/\/hskurd.org\/?cat=862&lang=ku"},"img":{"alt_text":"","src":"https:\/\/i0.wp.com\/hskurd.org\/wp-content\/uploads\/2024\/10\/%D9%84%D9%86%D8%B3%D8%A7%D9%87%D9%85.png?fit=1055%2C728&ssl=1&resize=350%2C200","width":350,"height":200,"srcset":"https:\/\/i0.wp.com\/hskurd.org\/wp-content\/uploads\/2024\/10\/%D9%84%D9%86%D8%B3%D8%A7%D9%87%D9%85.png?fit=1055%2C728&ssl=1&resize=350%2C200 1x, https:\/\/i0.wp.com\/hskurd.org\/wp-content\/uploads\/2024\/10\/%D9%84%D9%86%D8%B3%D8%A7%D9%87%D9%85.png?fit=1055%2C728&ssl=1&resize=525%2C300 1.5x, https:\/\/i0.wp.com\/hskurd.org\/wp-content\/uploads\/2024\/10\/%D9%84%D9%86%D8%B3%D8%A7%D9%87%D9%85.png?fit=1055%2C728&ssl=1&resize=700%2C400 2x, https:\/\/i0.wp.com\/hskurd.org\/wp-content\/uploads\/2024\/10\/%D9%84%D9%86%D8%B3%D8%A7%D9%87%D9%85.png?fit=1055%2C728&ssl=1&resize=1050%2C600 3x"},"classes":[]},{"id":10877,"url":"https:\/\/hskurd.org\/?p=10877&lang=ku","url_meta":{"origin":11582,"position":3},"title":"Gir\u00eengiya rola malbat\u00ea di pi\u015ftgiriya zarok\u00ean xwed\u00ee p\u00eadiviy\u00ean taybet de","author":"user55","date":"9 \u0641\u0628\u0631\u0627\u064a\u0631\u060c 2025","format":false,"excerpt":"Zarok\u00ean xwed\u00ee p\u00eadiviy\u00ean taybet, p\u00eaw\u00eestiya wan bi t\u00eagihi\u015ftineke k\u00fbr ji hewcedariy\u00ean wan re \u00fb r\u00eavebirineke pak ji malbat\u00ean wan, heye. Malbat ne ten\u00ea j\u00eengeha yekem e ku zarok t\u00ea de mezin dibe, l\u00ea ew \u00e7avkaniya bingeh\u00een a ragirtin \u00fb pi\u015ftgiriya hestyar\u00ee ye j\u00ee. Ev pi\u015ftgir\u00ee dan\u00fbstendina bibandor bi civak\u00ea re\u2026","rel":"","context":"\u0641\u064a &quot;\u00c7\u00eerok&quot;","block_context":{"text":"\u00c7\u00eerok","link":"https:\/\/hskurd.org\/?cat=831&lang=ku"},"img":{"alt_text":"","src":"https:\/\/i0.wp.com\/hskurd.org\/wp-content\/uploads\/2025\/02\/IMG_8269-scaled.jpg?fit=1200%2C800&ssl=1&resize=350%2C200","width":350,"height":200,"srcset":"https:\/\/i0.wp.com\/hskurd.org\/wp-content\/uploads\/2025\/02\/IMG_8269-scaled.jpg?fit=1200%2C800&ssl=1&resize=350%2C200 1x, https:\/\/i0.wp.com\/hskurd.org\/wp-content\/uploads\/2025\/02\/IMG_8269-scaled.jpg?fit=1200%2C800&ssl=1&resize=525%2C300 1.5x, https:\/\/i0.wp.com\/hskurd.org\/wp-content\/uploads\/2025\/02\/IMG_8269-scaled.jpg?fit=1200%2C800&ssl=1&resize=700%2C400 2x, https:\/\/i0.wp.com\/hskurd.org\/wp-content\/uploads\/2025\/02\/IMG_8269-scaled.jpg?fit=1200%2C800&ssl=1&resize=1050%2C600 3x"},"classes":[]},{"id":12208,"url":"https:\/\/hskurd.org\/?p=12208&lang=ku","url_meta":{"origin":11582,"position":4},"title":"Heyva Sor a Kurd belavkirina al\u00eekariy\u00ean xwarin\u00ea ji bo ko\u00e7ber\u00ean li tax\u00ean Hesek\u00ea berdewam dike.","author":"user55","date":"11 \u0645\u0627\u0631\u0633\u060c 2026","format":false,"excerpt":"Kampanyay\u00ean belavkirina al\u00eekariya mirov\u00ee ji bo pi\u015ftgiriya xelk\u00ea me y\u00ea ko\u00e7ber berdewam dikin. Di \u00e7ar\u00e7oveya van hewldanan de, t\u00eema Heyva Sor a Kurd selik\u00ean xwarin\u00ea li malbat\u00ean ji Ser\u00ea kaniy\u00ea \u00fb Efr\u00een ko\u00e7ber b\u00fbne li tax\u00ean Mu\u015feyrfa, el-Dahiya, el-Muft\u00ee \u00fb el-Salihiya li Hesek\u00ea belav kir. Bi van destp\u00ea\u015fxeriyan, em pabend\u2026","rel":"","context":"\u0641\u064a &quot;Al\u00eekar\u00ee&quot;","block_context":{"text":"Al\u00eekar\u00ee","link":"https:\/\/hskurd.org\/?cat=2169&lang=ku"},"img":{"alt_text":"","src":"https:\/\/i0.wp.com\/hskurd.org\/wp-content\/uploads\/2026\/03\/635667099_1204844291810868_6329629479239249029_n.jpg?fit=1200%2C540&ssl=1&resize=350%2C200","width":350,"height":200,"srcset":"https:\/\/i0.wp.com\/hskurd.org\/wp-content\/uploads\/2026\/03\/635667099_1204844291810868_6329629479239249029_n.jpg?fit=1200%2C540&ssl=1&resize=350%2C200 1x, https:\/\/i0.wp.com\/hskurd.org\/wp-content\/uploads\/2026\/03\/635667099_1204844291810868_6329629479239249029_n.jpg?fit=1200%2C540&ssl=1&resize=525%2C300 1.5x, https:\/\/i0.wp.com\/hskurd.org\/wp-content\/uploads\/2026\/03\/635667099_1204844291810868_6329629479239249029_n.jpg?fit=1200%2C540&ssl=1&resize=700%2C400 2x, https:\/\/i0.wp.com\/hskurd.org\/wp-content\/uploads\/2026\/03\/635667099_1204844291810868_6329629479239249029_n.jpg?fit=1200%2C540&ssl=1&resize=1050%2C600 3x"},"classes":[]},{"id":9904,"url":"https:\/\/hskurd.org\/?p=9904&lang=ku","url_meta":{"origin":11582,"position":5},"title":"Kampanyek x\u00earxwaziy\u00ea pi\u015ftgiriy\u00ea dide zarok\u00ean telas\u00eemiyay\u00ea","author":"neruda","date":"4 \u0646\u0648\u0641\u0645\u0628\u0631\u060c 2024","format":false,"excerpt":"Wek kampaniyek x\u00earxwaziy\u00ea ku armanca w\u00ea pi\u015ftgiriya zarok\u00ean telas\u00eemiyay\u00ea b\u00fb,\u00a0 komek ciwan\u00ean kurd\u00a0li w\u00eelayeta Vancouver, li Kanada, komek ji p\u00eal\u00eestok \u00fb derman\u00ean p\u00eaw\u00eest p\u00ea\u015fk\u00ea\u015f\u00ee Nexwe\u015fxaneya Onkoloj\u00ee, \u015eewat \u00fb Telasemiy\u00ea ya Heyva Sor a Kurd li bajar\u00ea Qami\u015flo kirin. Ev \u00e7alak\u00ee nirx\u00ean day\u00een \u00fb hevgirtin\u00ea n\u00ee\u015fan dide, bi taybet\u00ee ji bo\u2026","rel":"","context":"\u0641\u064a &quot;Pi\u015ftgirya pskolog\u00eek&quot;","block_context":{"text":"Pi\u015ftgirya pskolog\u00eek","link":"https:\/\/hskurd.org\/?cat=1486&lang=ku"},"img":{"alt_text":"","src":"https:\/\/i0.wp.com\/hskurd.org\/wp-content\/uploads\/2024\/11\/465655369_858427136452587_4768032065087841535_n.jpg?fit=1200%2C800&ssl=1&resize=350%2C200","width":350,"height":200,"srcset":"https:\/\/i0.wp.com\/hskurd.org\/wp-content\/uploads\/2024\/11\/465655369_858427136452587_4768032065087841535_n.jpg?fit=1200%2C800&ssl=1&resize=350%2C200 1x, https:\/\/i0.wp.com\/hskurd.org\/wp-content\/uploads\/2024\/11\/465655369_858427136452587_4768032065087841535_n.jpg?fit=1200%2C800&ssl=1&resize=525%2C300 1.5x, https:\/\/i0.wp.com\/hskurd.org\/wp-content\/uploads\/2024\/11\/465655369_858427136452587_4768032065087841535_n.jpg?fit=1200%2C800&ssl=1&resize=700%2C400 2x, https:\/\/i0.wp.com\/hskurd.org\/wp-content\/uploads\/2024\/11\/465655369_858427136452587_4768032065087841535_n.jpg?fit=1200%2C800&ssl=1&resize=1050%2C600 3x"},"classes":[]}],"jetpack_sharing_enabled":true,"_links":{"self":[{"href":"https:\/\/hskurd.org\/index.php?rest_route=\/wp\/v2\/posts\/11582","targetHints":{"allow":["GET"]}}],"collection":[{"href":"https:\/\/hskurd.org\/index.php?rest_route=\/wp\/v2\/posts"}],"about":[{"href":"https:\/\/hskurd.org\/index.php?rest_route=\/wp\/v2\/types\/post"}],"author":[{"embeddable":true,"href":"https:\/\/hskurd.org\/index.php?rest_route=\/wp\/v2\/users\/8"}],"replies":[{"embeddable":true,"href":"https:\/\/hskurd.org\/index.php?rest_route=%2Fwp%2Fv2%2Fcomments&post=11582"}],"version-history":[{"count":2,"href":"https:\/\/hskurd.org\/index.php?rest_route=\/wp\/v2\/posts\/11582\/revisions"}],"predecessor-version":[{"id":11584,"href":"https:\/\/hskurd.org\/index.php?rest_route=\/wp\/v2\/posts\/11582\/revisions\/11584"}],"wp:featuredmedia":[{"embeddable":true,"href":"https:\/\/hskurd.org\/index.php?rest_route=\/wp\/v2\/media\/11570"}],"wp:attachment":[{"href":"https:\/\/hskurd.org\/index.php?rest_route=%2Fwp%2Fv2%2Fmedia&parent=11582"}],"wp:term":[{"taxonomy":"category","embeddable":true,"href":"https:\/\/hskurd.org\/index.php?rest_route=%2Fwp%2Fv2%2Fcategories&post=11582"},{"taxonomy":"post_tag","embeddable":true,"href":"https:\/\/hskurd.org\/index.php?rest_route=%2Fwp%2Fv2%2Ftags&post=11582"}],"curies":[{"name":"wp","href":"https:\/\/api.w.org\/{rel}","templated":true}]}}