{"id":11546,"date":"2025-08-20T11:59:19","date_gmt":"2025-08-20T08:59:19","guid":{"rendered":"https:\/\/hskurd.org\/?p=11546"},"modified":"2025-08-20T11:59:19","modified_gmt":"2025-08-20T08:59:19","slug":"cekirina-sebekeyen-kanalizasyon-u-ave-li-kampa-newroz","status":"publish","type":"post","link":"https:\/\/hskurd.org\/?p=11546&lang=ku","title":{"rendered":"\u00c7\u00eakirina \u015febekey\u00ean kanal\u00eezasyon \u00fb av\u00ea li kampa Newroz"},"content":{"rendered":"<p><span class=\"embed-youtube\" style=\"text-align:center; display: block;\"><iframe loading=\"lazy\" class=\"youtube-player\" width=\"1500\" height=\"844\" src=\"https:\/\/www.youtube.com\/embed\/vb6unAN026U?version=3&#038;rel=1&#038;showsearch=0&#038;showinfo=1&#038;iv_load_policy=1&#038;fs=1&#038;hl=ar&#038;autohide=2&#038;wmode=transparent\" allowfullscreen=\"true\" style=\"border:0;\" sandbox=\"allow-scripts allow-same-origin allow-popups allow-presentation allow-popups-to-escape-sandbox\"><\/iframe><\/span><\/p>\n<div class=\"xdj266r x14z9mp xat24cr x1lziwak x1vvkbs x126k92a\">\n<div dir=\"auto\">B\u0131 armanca pi\u015ftgiriya penaberan, Heyva Sor a Kurd\u00ee bi hevkariya Volkshilfe, di nav projeya Improved Living and Health de, r\u00eazek ji xizmet\u00ean jiyan\u00ee \u00fb tendurist\u00ee li kampa Newroz p\u00eak an\u00ee.&#8221;<\/div>\n<\/div>\n<div class=\"x14z9mp xat24cr x1lziwak x1vvkbs xtlvy1s x126k92a\">\n<div dir=\"auto\">Di nava v\u00ea projey\u00ea de ser\u015fok \u00fb tes\u00ees\u00ean paqijiy\u00ea, \u00fb tor\u00ean kanal\u00eezasyon \u00fb av\u00ea hate avakirin, JI bo paqijkirin\u00ea, parastina r\u00fbmet \u00fb parastina rew\u015fa tenduristiy\u00ea di \u015fert\u00ean dijwar de.<\/div>\n<\/div>\n<div class=\"x14z9mp xat24cr x1lziwak x1vvkbs xtlvy1s x126k92a\">\n<div dir=\"auto\">Her wiha, kl\u00een\u00eeka bij\u00ee\u015fk\u00ee ya kamp\u00ea ji bo z\u00eadekirina l\u00ean\u00ear\u00eena tenduristiy\u00ea hate berfirehkirin.<\/div>\n<div dir=\"auto\">Hewcey\u00ean malbat\u00ean ko\u00e7ber j\u00ee hate ber\u00e7avkirin. Di v\u00ea \u00e7ar\u00e7ovey\u00ea de, sepet\u00ean metbex\u00ea hatin belavkirin li ser malbat\u00ean ko\u00e7ber \u00ean ji Heleb \u00fb \u015eehbay\u00ea, ku di stargeh\u00ean Qam\u00ee\u015flo, D\u00earik, Hesek\u00ea, Reqa \u00fb Tebqay\u00ea de dij\u00een.<\/div>\n<\/div>\n<div class=\"x14z9mp xat24cr x1lziwak x1vvkbs xtlvy1s x126k92a\">\n<div dir=\"auto\">Ji bo ewle kirina ava paqij, depoy\u00ean av\u00ea hatin amadekirin \u2013 wek be\u015fek bingeh\u00een a bersiv\u00ea mirov\u00ee ya yekgirt\u00ee.<\/div>\n<\/div>\n","protected":false},"excerpt":{"rendered":"<p>B\u0131 armanca pi\u015ftgiriya penaberan, Heyva Sor a Kurd\u00ee bi hevkariya Volkshilfe, di nav projeya Improved Living and Health de, r\u00eazek ji xizmet\u00ean jiyan\u00ee \u00fb tendurist\u00ee li kampa Newroz p\u00eak an\u00ee.&#8221; Di nava v\u00ea projey\u00ea de ser\u015fok \u00fb tes\u00ees\u00ean paqijiy\u00ea, \u00fb tor\u00ean kanal\u00eezasyon \u00fb av\u00ea hate avakirin, JI bo paqijkirin\u00ea, parastina r\u00fbmet \u00fb parastina rew\u015fa tenduristiy\u00ea [&hellip;]<\/p>\n","protected":false},"author":8,"featured_media":11537,"comment_status":"open","ping_status":"open","sticky":false,"template":"","format":"standard","meta":{"give_campaign_id":0,"ngg_post_thumbnail":0,"jetpack_post_was_ever_published":false,"_jetpack_newsletter_access":"","_jetpack_dont_email_post_to_subs":false,"_jetpack_newsletter_tier_id":0,"_jetpack_memberships_contains_paywalled_content":false,"_jetpack_memberships_contains_paid_content":false,"footnotes":"","jetpack_publicize_message":"","jetpack_publicize_feature_enabled":true,"jetpack_social_post_already_shared":true,"jetpack_social_options":{"image_generator_settings":{"template":"highway","default_image_id":0,"font":"","enabled":false},"version":2},"_links_to":"","_links_to_target":""},"categories":[855,862,840,206,846],"tags":[],"class_list":["post-11546","post","type-post","status-publish","format-standard","has-post-thumbnail","hentry","category-bese-wash","category-gesepedan","category-parastin","category-rapor","category-tenduristi"],"jetpack_publicize_connections":[],"jetpack_featured_media_url":"https:\/\/i0.wp.com\/hskurd.org\/wp-content\/uploads\/2025\/08\/IMG_4495-scaled.jpg?fit=2560%2C1983&ssl=1","jetpack-related-posts":[{"id":11619,"url":"https:\/\/hskurd.org\/?p=11619&lang=ku","url_meta":{"origin":11546,"position":0},"title":"Ji bo dab\u00eenkirina p\u00eadiviy\u00ean ni\u015ftecih\u00ean bajar\u00ea Qam\u00ee\u015flo du b\u00eer hatin kolandin","author":"user55","date":"28 \u0623\u063a\u0633\u0637\u0633\u060c 2025","format":false,"excerpt":"https:\/\/youtube.com\/shorts\/nVoRlm1vP8k?si=bxOTelchfrGtJyNY Ji bo bersivday\u00eena p\u00eadiviy\u00ean gel\u00ea her\u00eam\u00ea \u00fb bi hevkariy\u00ea ya R\u00eaveberiya Av\u00ea \u00fb \u015earedariya Qami\u015flo, Heyva Sor a Kurd bi pi\u015ftgiriya \u00c0rea Metropolitana de Barcelona (AMB), projeya \"Bersiva Awarte ya av\u00ea\" p\u00eak an\u00ee. Di \u00e7ar\u00e7oveya v\u00ea projey\u00ea de, du b\u00eer li tax\u00ean Alaya \u00fb Hilaliya hatin kolandin \u00fb bi\u2026","rel":"","context":"\u0641\u064a &quot;Al\u00eekar\u00ee&quot;","block_context":{"text":"Al\u00eekar\u00ee","link":"https:\/\/hskurd.org\/?cat=2169&lang=ku"},"img":{"alt_text":"","src":"https:\/\/i0.wp.com\/hskurd.org\/wp-content\/uploads\/2025\/08\/%D8%A7%D9%8A%D8%A7%D8%A4.jpg?fit=1080%2C720&ssl=1&resize=350%2C200","width":350,"height":200,"srcset":"https:\/\/i0.wp.com\/hskurd.org\/wp-content\/uploads\/2025\/08\/%D8%A7%D9%8A%D8%A7%D8%A4.jpg?fit=1080%2C720&ssl=1&resize=350%2C200 1x, https:\/\/i0.wp.com\/hskurd.org\/wp-content\/uploads\/2025\/08\/%D8%A7%D9%8A%D8%A7%D8%A4.jpg?fit=1080%2C720&ssl=1&resize=525%2C300 1.5x, https:\/\/i0.wp.com\/hskurd.org\/wp-content\/uploads\/2025\/08\/%D8%A7%D9%8A%D8%A7%D8%A4.jpg?fit=1080%2C720&ssl=1&resize=700%2C400 2x, https:\/\/i0.wp.com\/hskurd.org\/wp-content\/uploads\/2025\/08\/%D8%A7%D9%8A%D8%A7%D8%A4.jpg?fit=1080%2C720&ssl=1&resize=1050%2C600 3x"},"classes":[]},{"id":12399,"url":"https:\/\/hskurd.org\/?p=12399&lang=ku","url_meta":{"origin":11546,"position":1},"title":"Bi pi\u015ftgiriya bij\u00ee\u015fk\u00ean Kurd \u00ean li Almanya, li kampa El Tela\u00ee derman\u00ean bela\u015f berdewam dikin.","author":"user55","date":"26 \u0645\u0627\u0631\u0633\u060c 2026","format":false,"excerpt":"Ji meha \u015eubat \u00fb Adar 2026\u2019an ve, t\u00eem\u00ean me y\u00ean Heyva Sor a Kurd li kampa Talayi\u2019\u00ea berdewam in di p\u00ea\u015fk\u00ea\u015fkirina derman\u00ean bela\u015f de, ji bo malbat\u00ean ko\u00e7ber \u00fb kes\u00ean hewcedar. Ev al\u00eekar\u00ee bi pi\u015ftgir\u00eeya Yek\u00eetiya Doktor\u00ean Kurd li Almanyay\u00ea t\u00ea p\u00eakan\u00een, ku di van \u015fert\u00ean dijwar de rolek gir\u00eeng\u2026","rel":"","context":"\u0641\u064a &quot;Awarte&quot;","block_context":{"text":"Awarte","link":"https:\/\/hskurd.org\/?cat=848&lang=ku"},"img":{"alt_text":"","src":"https:\/\/i0.wp.com\/hskurd.org\/wp-content\/uploads\/2026\/03\/656932321_1233581665603797_2890264084198238375_n.jpg?fit=1200%2C540&ssl=1&resize=350%2C200","width":350,"height":200,"srcset":"https:\/\/i0.wp.com\/hskurd.org\/wp-content\/uploads\/2026\/03\/656932321_1233581665603797_2890264084198238375_n.jpg?fit=1200%2C540&ssl=1&resize=350%2C200 1x, https:\/\/i0.wp.com\/hskurd.org\/wp-content\/uploads\/2026\/03\/656932321_1233581665603797_2890264084198238375_n.jpg?fit=1200%2C540&ssl=1&resize=525%2C300 1.5x, https:\/\/i0.wp.com\/hskurd.org\/wp-content\/uploads\/2026\/03\/656932321_1233581665603797_2890264084198238375_n.jpg?fit=1200%2C540&ssl=1&resize=700%2C400 2x, https:\/\/i0.wp.com\/hskurd.org\/wp-content\/uploads\/2026\/03\/656932321_1233581665603797_2890264084198238375_n.jpg?fit=1200%2C540&ssl=1&resize=1050%2C600 3x"},"classes":[]},{"id":11609,"url":"https:\/\/hskurd.org\/?p=11609&lang=ku","url_meta":{"origin":11546,"position":2},"title":"parastina maf \u00fb ewlehiya zarokan Li Kampa Newroz","author":"user55","date":"24 \u0623\u063a\u0633\u0637\u0633\u060c 2025","format":false,"excerpt":"Li Kampa Newroz, Of\u00eesa Parastin\u00ea ya Heyva Sor a Kurd, bi be\u015fdariya 25 kesan ji saziy\u00ean xebat\u00ea y\u00ean li kamp\u00ea, perwerdeyek hi\u015fyariy\u00ea li ser teherru\u015f \u00fb tac\u00eez di navbera zarokan de li darxist. Armanca perwerd\u00ea ew b\u00fb ku bi r\u00eaya zan\u00eendar\u00ee, \u015fopandin \u00fb hi\u015fyarkirin\u00ea, be\u015fdar\u00ean xebat\u00ea al\u00eekar bibin li parastina\u2026","rel":"","context":"\u0641\u064a &quot;News&quot;","block_context":{"text":"News","link":"https:\/\/hskurd.org\/?cat=2171&lang=ku"},"img":{"alt_text":"","src":"https:\/\/i0.wp.com\/hskurd.org\/wp-content\/uploads\/2025\/08\/WhatsApp-Image-2025-08-24-at-1.18.58-PM-1.jpeg?fit=1080%2C720&ssl=1&resize=350%2C200","width":350,"height":200,"srcset":"https:\/\/i0.wp.com\/hskurd.org\/wp-content\/uploads\/2025\/08\/WhatsApp-Image-2025-08-24-at-1.18.58-PM-1.jpeg?fit=1080%2C720&ssl=1&resize=350%2C200 1x, https:\/\/i0.wp.com\/hskurd.org\/wp-content\/uploads\/2025\/08\/WhatsApp-Image-2025-08-24-at-1.18.58-PM-1.jpeg?fit=1080%2C720&ssl=1&resize=525%2C300 1.5x, https:\/\/i0.wp.com\/hskurd.org\/wp-content\/uploads\/2025\/08\/WhatsApp-Image-2025-08-24-at-1.18.58-PM-1.jpeg?fit=1080%2C720&ssl=1&resize=700%2C400 2x, https:\/\/i0.wp.com\/hskurd.org\/wp-content\/uploads\/2025\/08\/WhatsApp-Image-2025-08-24-at-1.18.58-PM-1.jpeg?fit=1080%2C720&ssl=1&resize=1050%2C600 3x"},"classes":[]},{"id":11208,"url":"https:\/\/hskurd.org\/?p=11208&lang=ku","url_meta":{"origin":11546,"position":3},"title":"Perwerdeyek li ser Ba\u015fkirina Kal\u00eeteya Xizmet\u00ean \u015eopandina Av\u00ea","author":"user55","date":"29 \u0623\u0628\u0631\u064a\u0644\u060c 2025","format":false,"excerpt":"Di berdewamiya bersivday\u00eena Heyva Sor a Kurd de ji bo bergirtina nexwe\u015fiya koleray\u00ea ku Desteya Tenduristiy\u00ea ya R\u00eaveberiya Xweser a Bakur \u00fb Rojhilat\u00ea S\u00fbriy\u00ea di hav\u00eena 2022 'an de belavbuna w\u00ea li gelek deveran ragihand. Xebat\u00ean bersivday\u00een\u00ea y\u00ean her\u00ee berbi\u00e7av ku t\u00eema WASH li Heyva Sor a Kurd \u00fb bi\u2026","rel":"","context":"\u0641\u064a &quot;Be\u015f\u00ea WASH&quot;","block_context":{"text":"Be\u015f\u00ea WASH","link":"https:\/\/hskurd.org\/?cat=855&lang=ku"},"img":{"alt_text":"","src":"https:\/\/i0.wp.com\/hskurd.org\/wp-content\/uploads\/2025\/04\/000198-scaled.jpg?fit=1200%2C800&ssl=1&resize=350%2C200","width":350,"height":200,"srcset":"https:\/\/i0.wp.com\/hskurd.org\/wp-content\/uploads\/2025\/04\/000198-scaled.jpg?fit=1200%2C800&ssl=1&resize=350%2C200 1x, https:\/\/i0.wp.com\/hskurd.org\/wp-content\/uploads\/2025\/04\/000198-scaled.jpg?fit=1200%2C800&ssl=1&resize=525%2C300 1.5x, https:\/\/i0.wp.com\/hskurd.org\/wp-content\/uploads\/2025\/04\/000198-scaled.jpg?fit=1200%2C800&ssl=1&resize=700%2C400 2x, https:\/\/i0.wp.com\/hskurd.org\/wp-content\/uploads\/2025\/04\/000198-scaled.jpg?fit=1200%2C800&ssl=1&resize=1050%2C600 3x"},"classes":[]},{"id":5602,"url":"https:\/\/hskurd.org\/?p=5602&lang=ku","url_meta":{"origin":11546,"position":4},"title":"Hejmareke mezin ji jidayib\u00fbnan li nexwe\u015fxaneya HSK li Reqay\u00ea","author":"Sozdar","date":"4 \u0623\u063a\u0633\u0637\u0633\u060c 2021","format":false,"excerpt":"https:\/\/youtu.be\/uZ1gDKXkfHM \u00a0 Di d\u00eeroka 1-10-2018'an de be\u015fek ji Nexwe\u015fxaneya Ni\u015ftiman\u00ee ya Reqay\u00ea hate n\u00fbkirin \u00fb ji bo p\u00ea\u015fk\u00ea\u015fkirina \u00a0xizmet\u00ea di war\u00ea jin, jidayikb\u00fbn \u00fb tenduristiya zarokan hate vekirin, ku girngtr\u00een di Be\u015f\u00ean (jidayikb\u00fbna Xwezay\u00ee \u00fb Qeyser\u00ee, be\u015f\u00ea day\u00eengeh\u00ean bebekan, be\u015f\u00ea radestkirina tenduristiy\u00ea ya sereke di nava kl\u00een\u00eek\u00ean hundir\u00een, zarokan \u00a0\u00fb\u2026","rel":"","context":"\u0641\u064a &quot;Tendurist\u00ee&quot;","block_context":{"text":"Tendurist\u00ee","link":"https:\/\/hskurd.org\/?cat=846&lang=ku"},"img":{"alt_text":"","src":"https:\/\/i0.wp.com\/hskurd.org\/wp-content\/uploads\/2021\/08\/%D8%B1%D9%8A%D8%B1-3.webp?fit=1024%2C683&ssl=1&resize=350%2C200","width":350,"height":200,"srcset":"https:\/\/i0.wp.com\/hskurd.org\/wp-content\/uploads\/2021\/08\/%D8%B1%D9%8A%D8%B1-3.webp?fit=1024%2C683&ssl=1&resize=350%2C200 1x, https:\/\/i0.wp.com\/hskurd.org\/wp-content\/uploads\/2021\/08\/%D8%B1%D9%8A%D8%B1-3.webp?fit=1024%2C683&ssl=1&resize=525%2C300 1.5x, https:\/\/i0.wp.com\/hskurd.org\/wp-content\/uploads\/2021\/08\/%D8%B1%D9%8A%D8%B1-3.webp?fit=1024%2C683&ssl=1&resize=700%2C400 2x"},"classes":[]},{"id":11743,"url":"https:\/\/hskurd.org\/?p=11743&lang=ku","url_meta":{"origin":11546,"position":5},"title":"Gava Z\u00fb&#8230; Jiyaneke N\u00fb","author":"user55","date":"19 \u0623\u0643\u062a\u0648\u0628\u0631\u060c 2025","format":false,"excerpt":"https:\/\/youtu.be\/oyuu_1jUGAU?si=b5qNOupiJn7ekM5T Bi slogana \"Gava Z\u00fb... Jiyaneke N\u00fb\", ofisa Jin a Heyva Sor a Kurd kampanyaya xwe ya Meha Pembe ji bo hi\u015fyarkirina li ser tesp\u00eetkirina z\u00fb ya pence\u015f\u00eara p\u00eas\u00eer\u00ea didom\u00eene. Di v\u00ea \u00e7ar\u00e7ovey\u00ea de, \u00eero li Navenda \u00c7and\u00ee ya Mihemed \u015e\u00eaxo li Qami\u015flo ji bo jinan sim\u00eenerek hi\u015fyarkirin\u00ea hate lidarxistin,\u2026","rel":"","context":"\u0641\u064a &quot;Perwerdehiya tendurist\u00ee&quot;","block_context":{"text":"Perwerdehiya tendurist\u00ee","link":"https:\/\/hskurd.org\/?cat=844&lang=ku"},"img":{"alt_text":"","src":"https:\/\/i0.wp.com\/img.youtube.com\/vi\/oyuu_1jUGAU\/0.jpg?resize=350%2C200","width":350,"height":200},"classes":[]}],"jetpack_sharing_enabled":true,"_links":{"self":[{"href":"https:\/\/hskurd.org\/index.php?rest_route=\/wp\/v2\/posts\/11546","targetHints":{"allow":["GET"]}}],"collection":[{"href":"https:\/\/hskurd.org\/index.php?rest_route=\/wp\/v2\/posts"}],"about":[{"href":"https:\/\/hskurd.org\/index.php?rest_route=\/wp\/v2\/types\/post"}],"author":[{"embeddable":true,"href":"https:\/\/hskurd.org\/index.php?rest_route=\/wp\/v2\/users\/8"}],"replies":[{"embeddable":true,"href":"https:\/\/hskurd.org\/index.php?rest_route=%2Fwp%2Fv2%2Fcomments&post=11546"}],"version-history":[{"count":2,"href":"https:\/\/hskurd.org\/index.php?rest_route=\/wp\/v2\/posts\/11546\/revisions"}],"predecessor-version":[{"id":11548,"href":"https:\/\/hskurd.org\/index.php?rest_route=\/wp\/v2\/posts\/11546\/revisions\/11548"}],"wp:featuredmedia":[{"embeddable":true,"href":"https:\/\/hskurd.org\/index.php?rest_route=\/wp\/v2\/media\/11537"}],"wp:attachment":[{"href":"https:\/\/hskurd.org\/index.php?rest_route=%2Fwp%2Fv2%2Fmedia&parent=11546"}],"wp:term":[{"taxonomy":"category","embeddable":true,"href":"https:\/\/hskurd.org\/index.php?rest_route=%2Fwp%2Fv2%2Fcategories&post=11546"},{"taxonomy":"post_tag","embeddable":true,"href":"https:\/\/hskurd.org\/index.php?rest_route=%2Fwp%2Fv2%2Ftags&post=11546"}],"curies":[{"name":"wp","href":"https:\/\/api.w.org\/{rel}","templated":true}]}}