{"id":11528,"date":"2025-08-18T12:59:59","date_gmt":"2025-08-18T09:59:59","guid":{"rendered":"https:\/\/hskurd.org\/?p=11528"},"modified":"2025-08-18T12:59:59","modified_gmt":"2025-08-18T09:59:59","slug":"belavkirina-754-seliken-paqijiye-ji-bokocberan-li-raqaye","status":"publish","type":"post","link":"https:\/\/hskurd.org\/?p=11528&lang=ku","title":{"rendered":"Belavkirina 754 Selik\u00ean Paqijiy\u00ea j\u0131 boKo\u00e7beran li Raqay\u00ea"},"content":{"rendered":"<div class='avia-iframe-wrap'><iframe loading=\"lazy\" title=\"\u062a\u0648\u0632\u064a\u0639 \u0633\u0644\u0627\u062a \u0627\u0644\u0646\u0638\u0627\u0641\u0629 \u0627\u0644\u0635\u062d\u064a\u0629 \u0641\u064a \u0627\u0644\u0631\u0642\u0629\" width=\"563\" height=\"1000\" src=\"https:\/\/www.youtube.com\/embed\/aKJ2VSXqcS0?feature=oembed\" frameborder=\"0\" allow=\"accelerometer; autoplay; clipboard-write; encrypted-media; gyroscope; picture-in-picture; web-share\" referrerpolicy=\"strict-origin-when-cross-origin\" allowfullscreen><\/iframe><\/div>\n<p>Belavkirina 754 Selik\u00ea Paqijiy\u00ea Li Stargeh\u00ean Ko\u00e7beran li Raqay\u00ea<\/p>\n<p>Di \u00e7ar\u00e7oveya projeya bersivday\u00eena xwec\u00ee de, 754 selik\u00ea paqijiy\u00ea bo pi\u015ftgiriya ko\u00e7ber\u00ean ji her\u00eam\u00ean \u015fehba \u00fb Heleb\u00ea y\u00ean li stargeh\u00ean ko\u00e7beran li bajar\u00ea Raqay\u00ea hate belavkirin.<\/p>\n<p>Di van selikan de p\u00eadiviy\u00ean bingeh\u00een \u00ean paqijiy\u00ea hene, da ku bi awayek\u00ee rast parastina tenduristiy\u00ea were pi\u015ftgir\u00ee kirin.<\/p>\n","protected":false},"excerpt":{"rendered":"<p>Belavkirina 754 Selik\u00ea Paqijiy\u00ea Li Stargeh\u00ean Ko\u00e7beran li Raqay\u00ea Di \u00e7ar\u00e7oveya projeya bersivday\u00eena xwec\u00ee de, 754 selik\u00ea paqijiy\u00ea bo pi\u015ftgiriya ko\u00e7ber\u00ean ji her\u00eam\u00ean \u015fehba \u00fb Heleb\u00ea y\u00ean li stargeh\u00ean ko\u00e7beran li bajar\u00ea Raqay\u00ea hate belavkirin. Di van selikan de p\u00eadiviy\u00ean bingeh\u00een \u00ean paqijiy\u00ea hene, da ku bi awayek\u00ee rast parastina tenduristiy\u00ea were pi\u015ftgir\u00ee kirin.<\/p>\n","protected":false},"author":8,"featured_media":11517,"comment_status":"open","ping_status":"open","sticky":false,"template":"","format":"standard","meta":{"give_campaign_id":0,"ngg_post_thumbnail":0,"jetpack_post_was_ever_published":false,"_jetpack_newsletter_access":"","_jetpack_dont_email_post_to_subs":false,"_jetpack_newsletter_tier_id":0,"_jetpack_memberships_contains_paywalled_content":false,"_jetpack_memberships_contains_paid_content":false,"footnotes":"","jetpack_publicize_message":"","jetpack_publicize_feature_enabled":true,"jetpack_social_post_already_shared":true,"jetpack_social_options":{"image_generator_settings":{"template":"highway","default_image_id":0,"font":"","enabled":false},"version":2},"_links_to":"","_links_to_target":""},"categories":[85],"tags":[],"class_list":["post-11528","post","type-post","status-publish","format-standard","has-post-thumbnail","hentry","category-be-kategoriyan"],"jetpack_publicize_connections":[],"jetpack_featured_media_url":"https:\/\/i0.wp.com\/hskurd.org\/wp-content\/uploads\/2025\/08\/IMG_7700-scaled.jpg?fit=2560%2C1437&ssl=1","jetpack-related-posts":[{"id":11157,"url":"https:\/\/hskurd.org\/?p=11157&lang=ku","url_meta":{"origin":11528,"position":0},"title":"belavkirina selik\u00ean paq\u00eejiy\u00ea \u00fb \u015f\u00eer\u00ea zarokan li ser penaberan","author":"user55","date":"21 \u0623\u0628\u0631\u064a\u0644\u060c 2025","format":false,"excerpt":"Di \u00e7ar\u00e7oveya pilansaziya awarte de ku R\u00eaxistina Heyva Sor a Kurd ji bo pi\u015ftgiriya penaber\u00ean gundewar\u00ean Heleb, Efr\u00een \u00fb \u015eehbay\u00ea ragihand \u00fb bi pi\u015ftgiriya r\u00eaxistina \" waldensian church \" selik\u00ean paqijiy\u00ea \u00fb \u015f\u00eer\u00ea zarokan ji temen\u00ea mehek\u00ea heta salek\u00ea ji bo penaber\u00ean di nava stargeh\u00ean Reqa, Tebqa, Hesek\u00ea \u00fb Qami\u015flo\u2026","rel":"","context":"\u0641\u064a &quot;Al\u00eekar\u00ee&quot;","block_context":{"text":"Al\u00eekar\u00ee","link":"https:\/\/hskurd.org\/?cat=2169&lang=ku"},"img":{"alt_text":"","src":"https:\/\/i0.wp.com\/hskurd.org\/wp-content\/uploads\/2025\/04\/8dc13633-5c51-483c-aaec-73a3542e3a1b.jpg?fit=1200%2C800&ssl=1&resize=350%2C200","width":350,"height":200,"srcset":"https:\/\/i0.wp.com\/hskurd.org\/wp-content\/uploads\/2025\/04\/8dc13633-5c51-483c-aaec-73a3542e3a1b.jpg?fit=1200%2C800&ssl=1&resize=350%2C200 1x, https:\/\/i0.wp.com\/hskurd.org\/wp-content\/uploads\/2025\/04\/8dc13633-5c51-483c-aaec-73a3542e3a1b.jpg?fit=1200%2C800&ssl=1&resize=525%2C300 1.5x, https:\/\/i0.wp.com\/hskurd.org\/wp-content\/uploads\/2025\/04\/8dc13633-5c51-483c-aaec-73a3542e3a1b.jpg?fit=1200%2C800&ssl=1&resize=700%2C400 2x, https:\/\/i0.wp.com\/hskurd.org\/wp-content\/uploads\/2025\/04\/8dc13633-5c51-483c-aaec-73a3542e3a1b.jpg?fit=1200%2C800&ssl=1&resize=1050%2C600 3x"},"classes":[]},{"id":12753,"url":"https:\/\/hskurd.org\/?p=12753&lang=ku","url_meta":{"origin":11528,"position":1},"title":"P\u00ea\u015fvebirina paqijiy\u00ea li stargehan: Heyva Sor a Kurd pi\u015ftgiriya xwe ji bo kes\u00ean ko\u00e7ber berdewam dike.","author":"user55","date":"27 \u0623\u0628\u0631\u064a\u0644\u060c 2026","format":false,"excerpt":"https:\/\/youtube.com\/shorts\/GkDMgDWlYKA?si=ZBzuDYG_6sWyt0f8 Bi armanca avakirina haw\u00eerdor\u00eak tendurist \u00fb ewle di nav stargeh\u00ean demk\u00ee de, t\u00eema WASH ya Heyva Sor a Kurd bi hevkariya Mecl\u00eesa Ko\u00e7ber\u00ean Efr\u00een\u00ea, 8 stargeh\u00ean bi am\u00fbr \u00fb malzemey\u00ean paqijiy\u00ea \u00fb \u00e7op\u00ea p\u00ea\u015fk\u00ea\u015f kir.","rel":"","context":"\u0641\u064a &quot;Al\u00eekar\u00ee&quot;","block_context":{"text":"Al\u00eekar\u00ee","link":"https:\/\/hskurd.org\/?cat=2169&lang=ku"},"img":{"alt_text":"","src":"https:\/\/i0.wp.com\/img.youtube.com\/vi\/\/0.jpg?resize=350%2C200","width":350,"height":200},"classes":[]},{"id":11509,"url":"https:\/\/hskurd.org\/?p=11509&lang=ku","url_meta":{"origin":11528,"position":2},"title":"Belavkirina 700 pak\u00eat\u00ean paqijiy\u00ea li bajar\u00ea Tebqay\u00ea","author":"user55","date":"18 \u0623\u063a\u0633\u0637\u0633\u060c 2025","format":false,"excerpt":"https:\/\/youtube.com\/shorts\/P8JiKoDYRi4?si=2FWNjaHJx4cBQ52E Di \u00e7ar\u00e7oveya projeya bersivday\u00eena awarte de ji bo pi\u015ftgiriya penaber\u00ean ji her\u00eam\u00ean Heleb \u00fb \u015eehbay\u00ea \u00fb bi pi\u015ftgiriya Foundation de France \u00fb bi hevkariya r\u00eaxistina UPP'\u00ea li bajar\u00ea Tepqay\u00ea 700 k\u00eetey\u00ean paqijiy\u00ea y\u00ean malbatan hatin belavkirin Her wiha z\u00eadetir\u00ee 4 hezar k\u00eet li malbat\u00ean ko\u00e7ber \u00ean li navend\u00ean stargeh\u2026","rel":"","context":"\u0641\u064a &quot;News&quot;","block_context":{"text":"News","link":"https:\/\/hskurd.org\/?cat=2171&lang=ku"},"img":{"alt_text":"","src":"https:\/\/i0.wp.com\/hskurd.org\/wp-content\/uploads\/2025\/08\/IMG_7613-scaled.jpg?fit=1200%2C674&ssl=1&resize=350%2C200","width":350,"height":200,"srcset":"https:\/\/i0.wp.com\/hskurd.org\/wp-content\/uploads\/2025\/08\/IMG_7613-scaled.jpg?fit=1200%2C674&ssl=1&resize=350%2C200 1x, https:\/\/i0.wp.com\/hskurd.org\/wp-content\/uploads\/2025\/08\/IMG_7613-scaled.jpg?fit=1200%2C674&ssl=1&resize=525%2C300 1.5x, https:\/\/i0.wp.com\/hskurd.org\/wp-content\/uploads\/2025\/08\/IMG_7613-scaled.jpg?fit=1200%2C674&ssl=1&resize=700%2C400 2x, https:\/\/i0.wp.com\/hskurd.org\/wp-content\/uploads\/2025\/08\/IMG_7613-scaled.jpg?fit=1200%2C674&ssl=1&resize=1050%2C600 3x"},"classes":[]},{"id":10282,"url":"https:\/\/hskurd.org\/?p=10282&lang=ku","url_meta":{"origin":11528,"position":3},"title":"belavkirina pak\u00eat\u00ean paqijiy\u00ea berdewam dike","author":"neruda","date":"16 \u062f\u064a\u0633\u0645\u0628\u0631\u060c 2024","format":false,"excerpt":"P\u00eakan\u00eena \u00e7alakiy\u00ean belavkirina pak\u00eat\u00ean paqijiy\u00ea li ser ko\u00e7ber\u00ean ji her\u00eam\u00ean \u015eehbay\u00ea li wargehan , berdewam dike ku (742) pak\u00eat li bajar\u00ea Tepqay\u00ea ,(100) pak\u00eat li bajar\u00ea Hesek\u00ea \u00fb (50) pak\u00eat li bajar\u00ea Am\u00fbd\u00ea ,hatin belav kirin .","rel":"","context":"\u0641\u064a &quot;Be\u015f\u00ea WASH&quot;","block_context":{"text":"Be\u015f\u00ea WASH","link":"https:\/\/hskurd.org\/?cat=855&lang=ku"},"img":{"alt_text":"","src":"https:\/\/i0.wp.com\/hskurd.org\/wp-content\/uploads\/2024\/12\/99d2c8e8-e86c-47f0-ae8c-43e18ebe6faa.jpeg?fit=1200%2C800&ssl=1&resize=350%2C200","width":350,"height":200,"srcset":"https:\/\/i0.wp.com\/hskurd.org\/wp-content\/uploads\/2024\/12\/99d2c8e8-e86c-47f0-ae8c-43e18ebe6faa.jpeg?fit=1200%2C800&ssl=1&resize=350%2C200 1x, https:\/\/i0.wp.com\/hskurd.org\/wp-content\/uploads\/2024\/12\/99d2c8e8-e86c-47f0-ae8c-43e18ebe6faa.jpeg?fit=1200%2C800&ssl=1&resize=525%2C300 1.5x, https:\/\/i0.wp.com\/hskurd.org\/wp-content\/uploads\/2024\/12\/99d2c8e8-e86c-47f0-ae8c-43e18ebe6faa.jpeg?fit=1200%2C800&ssl=1&resize=700%2C400 2x, https:\/\/i0.wp.com\/hskurd.org\/wp-content\/uploads\/2024\/12\/99d2c8e8-e86c-47f0-ae8c-43e18ebe6faa.jpeg?fit=1200%2C800&ssl=1&resize=1050%2C600 3x"},"classes":[]},{"id":12031,"url":"https:\/\/hskurd.org\/?p=12031&lang=ku","url_meta":{"origin":11528,"position":4},"title":"Bersiveke mirov\u00ee ya hevbe\u015f ji bo dab\u00eenkirina p\u00eadiviy\u00ean ko\u00e7beran li Nexwe\u015fxaneya El-\u015eeab","author":"user55","date":"3 \u0645\u0627\u0631\u0633\u060c 2026","format":false,"excerpt":"Bi armanca pi\u015ftgiriya biray\u00ean ko\u00e7ber \u00fb p\u00ea\u015fk\u00ea\u015fkirina l\u00ean\u00ear\u00eena p\u00eaw\u00eest ji bo wan, dezgeha nehr\u00ee bi t\u00eem\u00ean Heyva Sor a Kurd \u00eero selik\u00ean paqijiy\u00ea \u00fb l\u00ean\u00ear\u00eena kesane amade kirin \u00fb barkirin da ku bigih\u00eenin nexwe\u015f\u00ean di Nexwe\u015fxaneya Gel (Nexwe\u015fxaneya Ni\u015ftiman\u00ee) de. Ev gav ji bo dab\u00eenkirina p\u00eadiviy\u00ean wan \u00ean rojane \u00fb\u2026","rel":"","context":"\u0641\u064a &quot;Al\u00eekar\u00ee&quot;","block_context":{"text":"Al\u00eekar\u00ee","link":"https:\/\/hskurd.org\/?cat=2169&lang=ku"},"img":{"alt_text":"","src":"https:\/\/i0.wp.com\/hskurd.org\/wp-content\/uploads\/2026\/03\/625384426_1194660836162547_3083163998394154584_n.jpg?fit=1200%2C800&ssl=1&resize=350%2C200","width":350,"height":200,"srcset":"https:\/\/i0.wp.com\/hskurd.org\/wp-content\/uploads\/2026\/03\/625384426_1194660836162547_3083163998394154584_n.jpg?fit=1200%2C800&ssl=1&resize=350%2C200 1x, https:\/\/i0.wp.com\/hskurd.org\/wp-content\/uploads\/2026\/03\/625384426_1194660836162547_3083163998394154584_n.jpg?fit=1200%2C800&ssl=1&resize=525%2C300 1.5x, https:\/\/i0.wp.com\/hskurd.org\/wp-content\/uploads\/2026\/03\/625384426_1194660836162547_3083163998394154584_n.jpg?fit=1200%2C800&ssl=1&resize=700%2C400 2x, https:\/\/i0.wp.com\/hskurd.org\/wp-content\/uploads\/2026\/03\/625384426_1194660836162547_3083163998394154584_n.jpg?fit=1200%2C800&ssl=1&resize=1050%2C600 3x"},"classes":[]},{"id":10255,"url":"https:\/\/hskurd.org\/?p=10255&lang=ku","url_meta":{"origin":11528,"position":5},"title":"Belavkirina pak\u00eat\u00ean paqijiy\u00ea li penaberan dewam dike","author":"neruda","date":"14 \u062f\u064a\u0633\u0645\u0628\u0631\u060c 2024","format":false,"excerpt":"T\u00eem\u00ea Heyva Sor a Kurd \u00e7alakiya belavkirina pak\u00eat\u00ean paqijiy\u00ea ji bo penaber\u00ea \u015eehba \u00fb Til Rifet\u00ea li wargehan berdewam dikin ku 200 pak\u00eat Roja \u00cen\u00ea li bajar\u00ea qami\u015flo hatin belav kirin .","rel":"","context":"\u0641\u064a &quot;Be\u015f\u00ea WASH&quot;","block_context":{"text":"Be\u015f\u00ea WASH","link":"https:\/\/hskurd.org\/?cat=855&lang=ku"},"img":{"alt_text":"","src":"https:\/\/i0.wp.com\/hskurd.org\/wp-content\/uploads\/2024\/12\/DSC_0191-scaled.jpg?fit=1200%2C800&ssl=1&resize=350%2C200","width":350,"height":200,"srcset":"https:\/\/i0.wp.com\/hskurd.org\/wp-content\/uploads\/2024\/12\/DSC_0191-scaled.jpg?fit=1200%2C800&ssl=1&resize=350%2C200 1x, https:\/\/i0.wp.com\/hskurd.org\/wp-content\/uploads\/2024\/12\/DSC_0191-scaled.jpg?fit=1200%2C800&ssl=1&resize=525%2C300 1.5x, https:\/\/i0.wp.com\/hskurd.org\/wp-content\/uploads\/2024\/12\/DSC_0191-scaled.jpg?fit=1200%2C800&ssl=1&resize=700%2C400 2x, https:\/\/i0.wp.com\/hskurd.org\/wp-content\/uploads\/2024\/12\/DSC_0191-scaled.jpg?fit=1200%2C800&ssl=1&resize=1050%2C600 3x"},"classes":[]}],"jetpack_sharing_enabled":true,"_links":{"self":[{"href":"https:\/\/hskurd.org\/index.php?rest_route=\/wp\/v2\/posts\/11528","targetHints":{"allow":["GET"]}}],"collection":[{"href":"https:\/\/hskurd.org\/index.php?rest_route=\/wp\/v2\/posts"}],"about":[{"href":"https:\/\/hskurd.org\/index.php?rest_route=\/wp\/v2\/types\/post"}],"author":[{"embeddable":true,"href":"https:\/\/hskurd.org\/index.php?rest_route=\/wp\/v2\/users\/8"}],"replies":[{"embeddable":true,"href":"https:\/\/hskurd.org\/index.php?rest_route=%2Fwp%2Fv2%2Fcomments&post=11528"}],"version-history":[{"count":2,"href":"https:\/\/hskurd.org\/index.php?rest_route=\/wp\/v2\/posts\/11528\/revisions"}],"predecessor-version":[{"id":11530,"href":"https:\/\/hskurd.org\/index.php?rest_route=\/wp\/v2\/posts\/11528\/revisions\/11530"}],"wp:featuredmedia":[{"embeddable":true,"href":"https:\/\/hskurd.org\/index.php?rest_route=\/wp\/v2\/media\/11517"}],"wp:attachment":[{"href":"https:\/\/hskurd.org\/index.php?rest_route=%2Fwp%2Fv2%2Fmedia&parent=11528"}],"wp:term":[{"taxonomy":"category","embeddable":true,"href":"https:\/\/hskurd.org\/index.php?rest_route=%2Fwp%2Fv2%2Fcategories&post=11528"},{"taxonomy":"post_tag","embeddable":true,"href":"https:\/\/hskurd.org\/index.php?rest_route=%2Fwp%2Fv2%2Ftags&post=11528"}],"curies":[{"name":"wp","href":"https:\/\/api.w.org\/{rel}","templated":true}]}}