{"id":11509,"date":"2025-08-18T12:35:37","date_gmt":"2025-08-18T09:35:37","guid":{"rendered":"https:\/\/hskurd.org\/?p=11509"},"modified":"2025-08-18T12:35:37","modified_gmt":"2025-08-18T09:35:37","slug":"belavkirina-700-paketen-paqijiye-li-bajare-tebqaye","status":"publish","type":"post","link":"https:\/\/hskurd.org\/?p=11509&lang=ku","title":{"rendered":"Belavkirina 700 pak\u00eat\u00ean paqijiy\u00ea li bajar\u00ea Tebqay\u00ea"},"content":{"rendered":"<div class='avia-iframe-wrap'><iframe loading=\"lazy\" title=\"\u062a\u0648\u0632\u064a\u0639 \u0633\u0644\u0627\u062a \u0627\u0644\u0646\u0638\u0627\u0641\u0629  \u0627\u0644\u0635\u062d\u064a\u0629 \u0627\u0644\u0637\u0628\u0642\u0629\" width=\"563\" height=\"1000\" src=\"https:\/\/www.youtube.com\/embed\/P8JiKoDYRi4?feature=oembed\" frameborder=\"0\" allow=\"accelerometer; autoplay; clipboard-write; encrypted-media; gyroscope; picture-in-picture; web-share\" referrerpolicy=\"strict-origin-when-cross-origin\" allowfullscreen><\/iframe><\/div>\n<p>Di \u00e7ar\u00e7oveya projeya bersivday\u00eena awarte de ji bo pi\u015ftgiriya penaber\u00ean ji her\u00eam\u00ean Heleb \u00fb \u015eehbay\u00ea \u00fb bi pi\u015ftgiriya Foundation de France \u00fb bi hevkariya r\u00eaxistina UPP&#8217;\u00ea li bajar\u00ea Tepqay\u00ea 700 k\u00eetey\u00ean paqijiy\u00ea y\u00ean malbatan hatin belavkirin Her wiha z\u00eadetir\u00ee 4 hezar k\u00eet li malbat\u00ean ko\u00e7ber \u00ean li navend\u00ean stargeh \u00fb kom\u00een\u00ean Reqa, Qami\u015flo, Hesek\u00ea, Am\u00fbde, D\u00earik \u00fb Qami\u015flo b\u00ean w\u00ea b\u00ean belavkirin.<\/p>\n","protected":false},"excerpt":{"rendered":"<p>Di \u00e7ar\u00e7oveya projeya bersivday\u00eena awarte de ji bo pi\u015ftgiriya penaber\u00ean ji her\u00eam\u00ean Heleb \u00fb \u015eehbay\u00ea \u00fb bi pi\u015ftgiriya Foundation de France \u00fb bi hevkariya r\u00eaxistina UPP&#8217;\u00ea li bajar\u00ea Tepqay\u00ea 700 k\u00eetey\u00ean paqijiy\u00ea y\u00ean malbatan hatin belavkirin Her wiha z\u00eadetir\u00ee 4 hezar k\u00eet li malbat\u00ean ko\u00e7ber \u00ean li navend\u00ean stargeh \u00fb kom\u00een\u00ean Reqa, Qami\u015flo, Hesek\u00ea, Am\u00fbde, [&hellip;]<\/p>\n","protected":false},"author":8,"featured_media":11500,"comment_status":"open","ping_status":"open","sticky":false,"template":"","format":"standard","meta":{"give_campaign_id":0,"ngg_post_thumbnail":0,"jetpack_post_was_ever_published":false,"_jetpack_newsletter_access":"","_jetpack_dont_email_post_to_subs":false,"_jetpack_newsletter_tier_id":0,"_jetpack_memberships_contains_paywalled_content":false,"_jetpack_memberships_contains_paid_content":false,"footnotes":"","jetpack_publicize_message":"","jetpack_publicize_feature_enabled":true,"jetpack_social_post_already_shared":true,"jetpack_social_options":{"image_generator_settings":{"template":"highway","default_image_id":0,"font":"","enabled":false},"version":2},"_links_to":"","_links_to_target":""},"categories":[2171,846],"tags":[],"class_list":["post-11509","post","type-post","status-publish","format-standard","has-post-thumbnail","hentry","category-news-ku","category-tenduristi"],"jetpack_publicize_connections":[],"jetpack_featured_media_url":"https:\/\/i0.wp.com\/hskurd.org\/wp-content\/uploads\/2025\/08\/IMG_7613-scaled.jpg?fit=2560%2C1437&ssl=1","jetpack-related-posts":[{"id":11528,"url":"https:\/\/hskurd.org\/?p=11528&lang=ku","url_meta":{"origin":11509,"position":0},"title":"Belavkirina 754 Selik\u00ean Paqijiy\u00ea j\u0131 boKo\u00e7beran li Raqay\u00ea","author":"user55","date":"18 \u0623\u063a\u0633\u0637\u0633\u060c 2025","format":false,"excerpt":"https:\/\/youtube.com\/shorts\/aKJ2VSXqcS0?si=3rgM2vyZ4WKF3-uW Belavkirina 754 Selik\u00ea Paqijiy\u00ea Li Stargeh\u00ean Ko\u00e7beran li Raqay\u00ea Di \u00e7ar\u00e7oveya projeya bersivday\u00eena xwec\u00ee de, 754 selik\u00ea paqijiy\u00ea bo pi\u015ftgiriya ko\u00e7ber\u00ean ji her\u00eam\u00ean \u015fehba \u00fb Heleb\u00ea y\u00ean li stargeh\u00ean ko\u00e7beran li bajar\u00ea Raqay\u00ea hate belavkirin. Di van selikan de p\u00eadiviy\u00ean bingeh\u00een \u00ean paqijiy\u00ea hene, da ku bi awayek\u00ee rast\u2026","rel":"","context":"\u0641\u064a &quot;b\u00ea kategoriyan&quot;","block_context":{"text":"b\u00ea kategoriyan","link":"https:\/\/hskurd.org\/?cat=85&lang=ku"},"img":{"alt_text":"","src":"https:\/\/i0.wp.com\/hskurd.org\/wp-content\/uploads\/2025\/08\/IMG_7700-scaled.jpg?fit=1200%2C674&ssl=1&resize=350%2C200","width":350,"height":200,"srcset":"https:\/\/i0.wp.com\/hskurd.org\/wp-content\/uploads\/2025\/08\/IMG_7700-scaled.jpg?fit=1200%2C674&ssl=1&resize=350%2C200 1x, https:\/\/i0.wp.com\/hskurd.org\/wp-content\/uploads\/2025\/08\/IMG_7700-scaled.jpg?fit=1200%2C674&ssl=1&resize=525%2C300 1.5x, https:\/\/i0.wp.com\/hskurd.org\/wp-content\/uploads\/2025\/08\/IMG_7700-scaled.jpg?fit=1200%2C674&ssl=1&resize=700%2C400 2x, https:\/\/i0.wp.com\/hskurd.org\/wp-content\/uploads\/2025\/08\/IMG_7700-scaled.jpg?fit=1200%2C674&ssl=1&resize=1050%2C600 3x"},"classes":[]},{"id":8660,"url":"https:\/\/hskurd.org\/?p=8660&lang=ku","url_meta":{"origin":11509,"position":1},"title":"&#8221; Em ji bo nexwe\u015f\u00ean pence\u015f\u00ear\u00ea \u00fb telas\u00eemiyay\u00ea bibin al\u00eekar &#8220;","author":"neruda","date":"19 \u0633\u0628\u062a\u0645\u0628\u0631\u060c 2024","format":false,"excerpt":"https:\/\/www.youtube.com\/watch?v=NgMvX8IsKx0 \u00a0 https:\/\/www.youtube.com\/watch?v=NgMvX8IsKx0 Bi armanca peydakirina p\u00eadiviy\u00ean bij\u00ee\u015fk\u00ee y\u00ean z\u00eadebuy\u00ee \u00fb bi taybet ji bo nexwe\u015f\u00ean pence\u015f\u00ear\u00ea \u00fb zarok\u00ean telas\u00eemiyay\u00ea li Bakur \u00fb Rojhilat\u00ea S\u00fbriy\u00ea, R\u00eaxistina Heyva Sor a Kurd desp\u00eakirina r\u00eabazeke pi\u015ftgiriya civak\u00ee ji bo nexwe\u015fxaneya Onkoloj\u00ee, Telas\u00eemiyay\u00ea \u00fb \u015fewat\u00ea a li bajar\u00ea Qami\u015flo radigh\u00eene. Pi\u015ftgiriya civak\u00ee, ku sindoq\u00ean\u2026","rel":"","context":"\u0641\u064a &quot;Perwerdehiya tendurist\u00ee&quot;","block_context":{"text":"Perwerdehiya tendurist\u00ee","link":"https:\/\/hskurd.org\/?cat=844&lang=ku"},"img":{"alt_text":"","src":"https:\/\/i0.wp.com\/hskurd.org\/wp-content\/uploads\/2024\/09\/MVI_3438-copy.jpg?fit=1200%2C675&ssl=1&resize=350%2C200","width":350,"height":200,"srcset":"https:\/\/i0.wp.com\/hskurd.org\/wp-content\/uploads\/2024\/09\/MVI_3438-copy.jpg?fit=1200%2C675&ssl=1&resize=350%2C200 1x, https:\/\/i0.wp.com\/hskurd.org\/wp-content\/uploads\/2024\/09\/MVI_3438-copy.jpg?fit=1200%2C675&ssl=1&resize=525%2C300 1.5x, https:\/\/i0.wp.com\/hskurd.org\/wp-content\/uploads\/2024\/09\/MVI_3438-copy.jpg?fit=1200%2C675&ssl=1&resize=700%2C400 2x, https:\/\/i0.wp.com\/hskurd.org\/wp-content\/uploads\/2024\/09\/MVI_3438-copy.jpg?fit=1200%2C675&ssl=1&resize=1050%2C600 3x"},"classes":[]},{"id":12573,"url":"https:\/\/hskurd.org\/?p=12573&lang=ku","url_meta":{"origin":11509,"position":2},"title":"Belavkirina \u015f\u00eer \u00fb p\u00ea\u00e7ikan ji bo zarok\u00ean li stargeh\u00ean bajar\u00ea Qam\u00ee\u015floy\u00ea bi pi\u015ftgiriya mirov\u00ee ya berdewam","author":"user55","date":"14 \u0623\u0628\u0631\u064a\u0644\u060c 2026","format":false,"excerpt":"Di \u00e7ar\u00e7oveya bersivdana mirovah\u00ee ya domdar de, \u00eero \u015f\u00eer \u00fb pampers ji bo zarok\u00ean malbat\u00ean ko\u00e7ber \u00ean li navenda bicihkirin\u00ea li Qami\u015floy\u00ea hatin belavkirin, bi pi\u015ftgiriya Heyva Sor a Kurdistan\u00ea. Ev gav ji bo bersivdana hewcedariy\u00ean bingeh\u00een \u00ean zarokan \u00fb k\u00eamkirina zehmetiya malbat\u00ean ko\u00e7ber t\u00ea av\u00eatin, di \u00e7ar\u00e7oveya hewildan\u00ean me\u2026","rel":"","context":"\u0641\u064a &quot;Al\u00eekar\u00ee&quot;","block_context":{"text":"Al\u00eekar\u00ee","link":"https:\/\/hskurd.org\/?cat=2169&lang=ku"},"img":{"alt_text":"","src":"https:\/\/i0.wp.com\/hskurd.org\/wp-content\/uploads\/2026\/04\/IMG_8742-scaled.jpg?fit=1200%2C901&ssl=1&resize=350%2C200","width":350,"height":200,"srcset":"https:\/\/i0.wp.com\/hskurd.org\/wp-content\/uploads\/2026\/04\/IMG_8742-scaled.jpg?fit=1200%2C901&ssl=1&resize=350%2C200 1x, https:\/\/i0.wp.com\/hskurd.org\/wp-content\/uploads\/2026\/04\/IMG_8742-scaled.jpg?fit=1200%2C901&ssl=1&resize=525%2C300 1.5x, https:\/\/i0.wp.com\/hskurd.org\/wp-content\/uploads\/2026\/04\/IMG_8742-scaled.jpg?fit=1200%2C901&ssl=1&resize=700%2C400 2x, https:\/\/i0.wp.com\/hskurd.org\/wp-content\/uploads\/2026\/04\/IMG_8742-scaled.jpg?fit=1200%2C901&ssl=1&resize=1050%2C600 3x"},"classes":[]},{"id":11564,"url":"https:\/\/hskurd.org\/?p=11564&lang=ku","url_meta":{"origin":11509,"position":3},"title":"pi\u015ftgiriya ko\u00e7ber\u00ean \u015eehba \u00fb Heleb\u00ea didom\u00eene","author":"user55","date":"21 \u0623\u063a\u0633\u0637\u0633\u060c 2025","format":false,"excerpt":"https:\/\/youtube.com\/shorts\/0Oxv3IbiLpM?si=p-M05TOac5VzZw_2 Heyva Sor a Kurd pi\u015ftgiriya xwe ji bo ko\u00e7ber\u00ean ji \u015eehba \u00fb Heleb\u00ea didom\u00eene. Di \u00e7ar\u00e7oveya Projeya Bersiva Awarte ya Pi\u015ftgiriya Ko\u00e7beran de, 765 kit\u00ean paqijiy\u00ea li Qami\u015flo, Girg\u00ea Leg\u00ea \u00fb D\u00earik\u00ea hatin belavkirin. Ev selik ti\u015ft\u00ean bingeh\u00een ku paqijiya kesane \u00fb gi\u015ft\u00ee bipar\u00eazin dihew\u00eene ji bo tendurist\u00ee \u00fb\u2026","rel":"","context":"\u0641\u064a &quot;Ge\u015fep\u00eadan&quot;","block_context":{"text":"Ge\u015fep\u00eadan","link":"https:\/\/hskurd.org\/?cat=862&lang=ku"},"img":{"alt_text":"","src":"https:\/\/i0.wp.com\/hskurd.org\/wp-content\/uploads\/2025\/08\/IMG_2831-scaled.jpg?fit=1200%2C800&ssl=1&resize=350%2C200","width":350,"height":200,"srcset":"https:\/\/i0.wp.com\/hskurd.org\/wp-content\/uploads\/2025\/08\/IMG_2831-scaled.jpg?fit=1200%2C800&ssl=1&resize=350%2C200 1x, https:\/\/i0.wp.com\/hskurd.org\/wp-content\/uploads\/2025\/08\/IMG_2831-scaled.jpg?fit=1200%2C800&ssl=1&resize=525%2C300 1.5x, https:\/\/i0.wp.com\/hskurd.org\/wp-content\/uploads\/2025\/08\/IMG_2831-scaled.jpg?fit=1200%2C800&ssl=1&resize=700%2C400 2x, https:\/\/i0.wp.com\/hskurd.org\/wp-content\/uploads\/2025\/08\/IMG_2831-scaled.jpg?fit=1200%2C800&ssl=1&resize=1050%2C600 3x"},"classes":[]},{"id":11157,"url":"https:\/\/hskurd.org\/?p=11157&lang=ku","url_meta":{"origin":11509,"position":4},"title":"belavkirina selik\u00ean paq\u00eejiy\u00ea \u00fb \u015f\u00eer\u00ea zarokan li ser penaberan","author":"user55","date":"21 \u0623\u0628\u0631\u064a\u0644\u060c 2025","format":false,"excerpt":"Di \u00e7ar\u00e7oveya pilansaziya awarte de ku R\u00eaxistina Heyva Sor a Kurd ji bo pi\u015ftgiriya penaber\u00ean gundewar\u00ean Heleb, Efr\u00een \u00fb \u015eehbay\u00ea ragihand \u00fb bi pi\u015ftgiriya r\u00eaxistina \" waldensian church \" selik\u00ean paqijiy\u00ea \u00fb \u015f\u00eer\u00ea zarokan ji temen\u00ea mehek\u00ea heta salek\u00ea ji bo penaber\u00ean di nava stargeh\u00ean Reqa, Tebqa, Hesek\u00ea \u00fb Qami\u015flo\u2026","rel":"","context":"\u0641\u064a &quot;Al\u00eekar\u00ee&quot;","block_context":{"text":"Al\u00eekar\u00ee","link":"https:\/\/hskurd.org\/?cat=2169&lang=ku"},"img":{"alt_text":"","src":"https:\/\/i0.wp.com\/hskurd.org\/wp-content\/uploads\/2025\/04\/8dc13633-5c51-483c-aaec-73a3542e3a1b.jpg?fit=1200%2C800&ssl=1&resize=350%2C200","width":350,"height":200,"srcset":"https:\/\/i0.wp.com\/hskurd.org\/wp-content\/uploads\/2025\/04\/8dc13633-5c51-483c-aaec-73a3542e3a1b.jpg?fit=1200%2C800&ssl=1&resize=350%2C200 1x, https:\/\/i0.wp.com\/hskurd.org\/wp-content\/uploads\/2025\/04\/8dc13633-5c51-483c-aaec-73a3542e3a1b.jpg?fit=1200%2C800&ssl=1&resize=525%2C300 1.5x, https:\/\/i0.wp.com\/hskurd.org\/wp-content\/uploads\/2025\/04\/8dc13633-5c51-483c-aaec-73a3542e3a1b.jpg?fit=1200%2C800&ssl=1&resize=700%2C400 2x, https:\/\/i0.wp.com\/hskurd.org\/wp-content\/uploads\/2025\/04\/8dc13633-5c51-483c-aaec-73a3542e3a1b.jpg?fit=1200%2C800&ssl=1&resize=1050%2C600 3x"},"classes":[]},{"id":12110,"url":"https:\/\/hskurd.org\/?p=12110&lang=ku","url_meta":{"origin":11509,"position":5},"title":"152 par\u00ean xwarin\u00ea li stargeh\u00ean ko\u00e7beran \u00ean li bajar\u00ea Qam\u00ee\u015fl\u00ee hatin belavkirin.","author":"user55","date":"5 \u0645\u0627\u0631\u0633\u060c 2026","format":false,"excerpt":"Wek\u00ee be\u015fek ji bersiv \u00fb pi\u015ftgiriya mirov\u00ee ji bo malbat\u00ean ko\u00e7ber \u00fb bi hevr\u00eaziya Heyva Sor a Kurd, \u015e\u00eerketa \"Zahrat El \u015eam\" xwarin li stargeh\u00ean ko\u00e7beran li bajar\u00ea Qam\u00ee\u015flo belav kir.","rel":"","context":"\u0641\u064a &quot;b\u00ea kategoriyan&quot;","block_context":{"text":"b\u00ea kategoriyan","link":"https:\/\/hskurd.org\/?cat=85&lang=ku"},"img":{"alt_text":"","src":"https:\/\/i0.wp.com\/hskurd.org\/wp-content\/uploads\/2026\/03\/625996332_1193875266241104_6503902688058582532_n.jpg?fit=1200%2C800&ssl=1&resize=350%2C200","width":350,"height":200,"srcset":"https:\/\/i0.wp.com\/hskurd.org\/wp-content\/uploads\/2026\/03\/625996332_1193875266241104_6503902688058582532_n.jpg?fit=1200%2C800&ssl=1&resize=350%2C200 1x, https:\/\/i0.wp.com\/hskurd.org\/wp-content\/uploads\/2026\/03\/625996332_1193875266241104_6503902688058582532_n.jpg?fit=1200%2C800&ssl=1&resize=525%2C300 1.5x, https:\/\/i0.wp.com\/hskurd.org\/wp-content\/uploads\/2026\/03\/625996332_1193875266241104_6503902688058582532_n.jpg?fit=1200%2C800&ssl=1&resize=700%2C400 2x, https:\/\/i0.wp.com\/hskurd.org\/wp-content\/uploads\/2026\/03\/625996332_1193875266241104_6503902688058582532_n.jpg?fit=1200%2C800&ssl=1&resize=1050%2C600 3x"},"classes":[]}],"jetpack_sharing_enabled":true,"_links":{"self":[{"href":"https:\/\/hskurd.org\/index.php?rest_route=\/wp\/v2\/posts\/11509","targetHints":{"allow":["GET"]}}],"collection":[{"href":"https:\/\/hskurd.org\/index.php?rest_route=\/wp\/v2\/posts"}],"about":[{"href":"https:\/\/hskurd.org\/index.php?rest_route=\/wp\/v2\/types\/post"}],"author":[{"embeddable":true,"href":"https:\/\/hskurd.org\/index.php?rest_route=\/wp\/v2\/users\/8"}],"replies":[{"embeddable":true,"href":"https:\/\/hskurd.org\/index.php?rest_route=%2Fwp%2Fv2%2Fcomments&post=11509"}],"version-history":[{"count":1,"href":"https:\/\/hskurd.org\/index.php?rest_route=\/wp\/v2\/posts\/11509\/revisions"}],"predecessor-version":[{"id":11510,"href":"https:\/\/hskurd.org\/index.php?rest_route=\/wp\/v2\/posts\/11509\/revisions\/11510"}],"wp:featuredmedia":[{"embeddable":true,"href":"https:\/\/hskurd.org\/index.php?rest_route=\/wp\/v2\/media\/11500"}],"wp:attachment":[{"href":"https:\/\/hskurd.org\/index.php?rest_route=%2Fwp%2Fv2%2Fmedia&parent=11509"}],"wp:term":[{"taxonomy":"category","embeddable":true,"href":"https:\/\/hskurd.org\/index.php?rest_route=%2Fwp%2Fv2%2Fcategories&post=11509"},{"taxonomy":"post_tag","embeddable":true,"href":"https:\/\/hskurd.org\/index.php?rest_route=%2Fwp%2Fv2%2Ftags&post=11509"}],"curies":[{"name":"wp","href":"https:\/\/api.w.org\/{rel}","templated":true}]}}