{"id":11493,"date":"2025-08-18T12:10:01","date_gmt":"2025-08-18T09:10:01","guid":{"rendered":"https:\/\/hskurd.org\/?p=11493"},"modified":"2025-08-18T12:10:01","modified_gmt":"2025-08-18T09:10:01","slug":"ji-ber-bilindbuna-germahiye-160-fanen-elektrike-hatin-belavkirin","status":"publish","type":"post","link":"https:\/\/hskurd.org\/?p=11493&lang=ku","title":{"rendered":"Ji ber bilindb\u00fbna germahiy\u00ea, 160 fan\u00ean elektr\u00eek\u00ea Hat\u0131n belavkirin."},"content":{"rendered":"<div class='avia-iframe-wrap'><iframe loading=\"lazy\" title=\"\u062a\u0648\u0632\u064a\u0639 \u0645\u0631\u0627\u0648\u062d \u0641\u064a \u0627\u0644\u0637\u0628\u0642\u0629\" width=\"563\" height=\"1000\" src=\"https:\/\/www.youtube.com\/embed\/dV9Qn99I8ws?feature=oembed\" frameborder=\"0\" allow=\"accelerometer; autoplay; clipboard-write; encrypted-media; gyroscope; picture-in-picture; web-share\" referrerpolicy=\"strict-origin-when-cross-origin\" allowfullscreen><\/iframe><\/div>\n<p>Di roja duyem\u00een de Heyva Sor a Kurd 160 perwaney\u00ean elektr\u00eek\u00ea y\u00ean bi p\u00eel\u00ean navxwey\u00ee belav kir, ji bo malbat\u00ean me y\u00ea ku ji Efr\u00een\u00ea ko\u00e7ber b\u00fbne \u00fb li bajar\u00ea Tebqay\u00ea dij\u00een.<\/p>\n<p>Ev \u00e7alakya me bi armanca k\u00eamkirina \u00ea\u015fa xelk\u00ea me y\u00ea ko\u00e7ber di nav germahiy\u00ean bilind de.<\/p>\n","protected":false},"excerpt":{"rendered":"<p>Di roja duyem\u00een de Heyva Sor a Kurd 160 perwaney\u00ean elektr\u00eek\u00ea y\u00ean bi p\u00eel\u00ean navxwey\u00ee belav kir, ji bo malbat\u00ean me y\u00ea ku ji Efr\u00een\u00ea ko\u00e7ber b\u00fbne \u00fb li bajar\u00ea Tebqay\u00ea dij\u00een. Ev \u00e7alakya me bi armanca k\u00eamkirina \u00ea\u015fa xelk\u00ea me y\u00ea ko\u00e7ber di nav germahiy\u00ean bilind de.<\/p>\n","protected":false},"author":8,"featured_media":11486,"comment_status":"open","ping_status":"open","sticky":false,"template":"","format":"standard","meta":{"give_campaign_id":0,"ngg_post_thumbnail":0,"jetpack_post_was_ever_published":false,"_jetpack_newsletter_access":"","_jetpack_dont_email_post_to_subs":false,"_jetpack_newsletter_tier_id":0,"_jetpack_memberships_contains_paywalled_content":false,"_jetpack_memberships_contains_paid_content":false,"footnotes":"","jetpack_publicize_message":"","jetpack_publicize_feature_enabled":true,"jetpack_social_post_already_shared":true,"jetpack_social_options":{"image_generator_settings":{"template":"highway","default_image_id":0,"font":"","enabled":false},"version":2},"_links_to":"","_links_to_target":""},"categories":[2171,846],"tags":[],"class_list":["post-11493","post","type-post","status-publish","format-standard","has-post-thumbnail","hentry","category-news-ku","category-tenduristi"],"jetpack_publicize_connections":[],"jetpack_featured_media_url":"https:\/\/i0.wp.com\/hskurd.org\/wp-content\/uploads\/2025\/08\/%D9%85%D8%B1%D8%A7%D9%88%D8%AD.jpg?fit=1080%2C1080&ssl=1","jetpack-related-posts":[{"id":11582,"url":"https:\/\/hskurd.org\/?p=11582&lang=ku","url_meta":{"origin":11493,"position":0},"title":"Gihandina al\u00eekariy\u00ean awarte ji bo Sw\u00eada","author":"user55","date":"24 \u0623\u063a\u0633\u0637\u0633\u060c 2025","format":false,"excerpt":"Ji desp\u00eaka kr\u00eeza ba\u015fur\u00ea Suriy\u00ea \u00fb Sw\u00eada de, me hewl da ku em bibin Al\u00eekar bi kes\u00ean ku ziyan d\u00eetin \u00fb ko\u00e7berb\u00fbn ji ber rew\u015fa \u015fer, bi taybet\u00ee li par\u00eazgeha Sw\u00eada y\u00ea. Ji ber tensiona hey\u00ee \u00fb hestiyariya rew\u015f\u00ea me ji desp\u00eak\u00ea de bi b\u00eadeng\u00ee kar kir ji bo ewlekariya\u2026","rel":"","context":"\u0641\u064a &quot;News&quot;","block_context":{"text":"News","link":"https:\/\/hskurd.org\/?cat=2171&lang=ku"},"img":{"alt_text":"","src":"https:\/\/i0.wp.com\/hskurd.org\/wp-content\/uploads\/2025\/08\/%D8%B3%D9%88%D9%8A%D8%AF%D8%A7.jpg?fit=900%2C1200&ssl=1&resize=350%2C200","width":350,"height":200,"srcset":"https:\/\/i0.wp.com\/hskurd.org\/wp-content\/uploads\/2025\/08\/%D8%B3%D9%88%D9%8A%D8%AF%D8%A7.jpg?fit=900%2C1200&ssl=1&resize=350%2C200 1x, https:\/\/i0.wp.com\/hskurd.org\/wp-content\/uploads\/2025\/08\/%D8%B3%D9%88%D9%8A%D8%AF%D8%A7.jpg?fit=900%2C1200&ssl=1&resize=525%2C300 1.5x, https:\/\/i0.wp.com\/hskurd.org\/wp-content\/uploads\/2025\/08\/%D8%B3%D9%88%D9%8A%D8%AF%D8%A7.jpg?fit=900%2C1200&ssl=1&resize=700%2C400 2x"},"classes":[]},{"id":6264,"url":"https:\/\/hskurd.org\/?p=6264&lang=ku","url_meta":{"origin":11493,"position":1},"title":"Ken\u00ea wan ji bo me berdewam\u00ee ye","author":"Sozdar","date":"3 \u064a\u0648\u0644\u064a\u0648\u060c 2022","format":false,"excerpt":"Nav: Fed\u00eela Xidir El-El\u00ee Temen: 7 sal Cih: Kampa Wa\u015fokan\u00ee Rew\u015fa w\u00ea a tendurst\u00ee : hewcedariya la\u015f\u00ee Sedema hewcedariy\u00ea: derketina gir\u00eakek\u00ea li ser derzika pi\u015fta w\u00ea \u00fb di dema emel\u00eekirina w\u00ea de tevgera herdu ling\u00ean xwe wunda kir. Nekar\u00eeb\u00fbna Fed\u00eela di tevger \u00fb p\u00eakvejiyana bi heval\u00ean xwe re, \u00ea\u015fa ko\u00e7beriy\u00ea\u2026","rel":"","context":"\u0641\u064a &quot;\u00c7\u00eerok&quot;","block_context":{"text":"\u00c7\u00eerok","link":"https:\/\/hskurd.org\/?cat=831&lang=ku"},"img":{"alt_text":"","src":"https:\/\/i0.wp.com\/hskurd.org\/wp-content\/uploads\/2022\/07\/02-1-scaled.jpg?fit=1200%2C800&ssl=1&resize=350%2C200","width":350,"height":200,"srcset":"https:\/\/i0.wp.com\/hskurd.org\/wp-content\/uploads\/2022\/07\/02-1-scaled.jpg?fit=1200%2C800&ssl=1&resize=350%2C200 1x, https:\/\/i0.wp.com\/hskurd.org\/wp-content\/uploads\/2022\/07\/02-1-scaled.jpg?fit=1200%2C800&ssl=1&resize=525%2C300 1.5x, https:\/\/i0.wp.com\/hskurd.org\/wp-content\/uploads\/2022\/07\/02-1-scaled.jpg?fit=1200%2C800&ssl=1&resize=700%2C400 2x, https:\/\/i0.wp.com\/hskurd.org\/wp-content\/uploads\/2022\/07\/02-1-scaled.jpg?fit=1200%2C800&ssl=1&resize=1050%2C600 3x"},"classes":[]},{"id":12208,"url":"https:\/\/hskurd.org\/?p=12208&lang=ku","url_meta":{"origin":11493,"position":2},"title":"Heyva Sor a Kurd belavkirina al\u00eekariy\u00ean xwarin\u00ea ji bo ko\u00e7ber\u00ean li tax\u00ean Hesek\u00ea berdewam dike.","author":"user55","date":"11 \u0645\u0627\u0631\u0633\u060c 2026","format":false,"excerpt":"Kampanyay\u00ean belavkirina al\u00eekariya mirov\u00ee ji bo pi\u015ftgiriya xelk\u00ea me y\u00ea ko\u00e7ber berdewam dikin. Di \u00e7ar\u00e7oveya van hewldanan de, t\u00eema Heyva Sor a Kurd selik\u00ean xwarin\u00ea li malbat\u00ean ji Ser\u00ea kaniy\u00ea \u00fb Efr\u00een ko\u00e7ber b\u00fbne li tax\u00ean Mu\u015feyrfa, el-Dahiya, el-Muft\u00ee \u00fb el-Salihiya li Hesek\u00ea belav kir. Bi van destp\u00ea\u015fxeriyan, em pabend\u2026","rel":"","context":"\u0641\u064a &quot;Al\u00eekar\u00ee&quot;","block_context":{"text":"Al\u00eekar\u00ee","link":"https:\/\/hskurd.org\/?cat=2169&lang=ku"},"img":{"alt_text":"","src":"https:\/\/i0.wp.com\/hskurd.org\/wp-content\/uploads\/2026\/03\/635667099_1204844291810868_6329629479239249029_n.jpg?fit=1200%2C540&ssl=1&resize=350%2C200","width":350,"height":200,"srcset":"https:\/\/i0.wp.com\/hskurd.org\/wp-content\/uploads\/2026\/03\/635667099_1204844291810868_6329629479239249029_n.jpg?fit=1200%2C540&ssl=1&resize=350%2C200 1x, https:\/\/i0.wp.com\/hskurd.org\/wp-content\/uploads\/2026\/03\/635667099_1204844291810868_6329629479239249029_n.jpg?fit=1200%2C540&ssl=1&resize=525%2C300 1.5x, https:\/\/i0.wp.com\/hskurd.org\/wp-content\/uploads\/2026\/03\/635667099_1204844291810868_6329629479239249029_n.jpg?fit=1200%2C540&ssl=1&resize=700%2C400 2x, https:\/\/i0.wp.com\/hskurd.org\/wp-content\/uploads\/2026\/03\/635667099_1204844291810868_6329629479239249029_n.jpg?fit=1200%2C540&ssl=1&resize=1050%2C600 3x"},"classes":[]},{"id":12527,"url":"https:\/\/hskurd.org\/?p=12527&lang=ku","url_meta":{"origin":11493,"position":3},"title":"Kampanyayeke mirov\u00ee li Qam\u00ee\u015flo bi pi\u015ftgiriya 2,800 malbat\u00ean ko\u00e7ber bi daw\u00ee b\u00fb \u00fb belavkirin li dever\u00ean din j\u00ee berdewam dike.","author":"user55","date":"13 \u0623\u0628\u0631\u064a\u0644\u060c 2026","format":false,"excerpt":"https:\/\/youtube.com\/shorts\/FaK9AS8uUk4?si=1rYjAktV3Cf4-tmL Bi daw\u00eeb\u00fbna kampanyaya me ya mirovah\u00ee li bajar\u00ea Qami\u015flo, em gih\u00ee\u015ftin 2800 malbat\u00ean ji gel\u00ea me y\u00ean ko\u00e7ber \u00ean Efr\u00een\u00ea, di nav 114 navend\u00ean wargeh\u00ea de li hundir\u00ea baj\u00ear. Di van roj\u00ean kampanyay\u00ea de, armanca me ew b\u00fb ku li k\u00ealeka her malbatek ku hewcedar e bin \u00fb bi\u2026","rel":"","context":"\u0641\u064a &quot;Al\u00eekar\u00ee&quot;","block_context":{"text":"Al\u00eekar\u00ee","link":"https:\/\/hskurd.org\/?cat=2169&lang=ku"},"img":{"alt_text":"","src":"https:\/\/i0.wp.com\/img.youtube.com\/vi\/\/0.jpg?resize=350%2C200","width":350,"height":200},"classes":[]},{"id":8390,"url":"https:\/\/hskurd.org\/?p=8390&lang=ku","url_meta":{"origin":11493,"position":4},"title":"Daxuyan\u00ee di der bar\u00ea hedefgirtina t\u00eem\u00ean me y\u00ean tenduristiy\u00ea de","author":"neruda","date":"1 \u064a\u0648\u0646\u064a\u0648\u060c 2024","format":false,"excerpt":"Iroj careke din her\u00eam\u00ean bakur \u00fb rojhilat\u00ea Suriy\u00ea li gelek cihan rast\u00ee \u00ear\u00ee\u015f\u00ean dron\u00ean dewleta tirk hatin, li gor w\u00ea, girop\u00ean me y\u00ean rew\u015f\u00ean awarte ketin tevger\u00ea ji bo dermankirin \u00fb veguhestina bir\u00eendar \u00fb \u015feh\u00eedan. Di dema ku gr\u00fbpek me ya tendurist\u00ee bi erk\u00ea xwe y\u00ea mirov\u00ee radib\u00fb li gund\u00ea\u2026","rel":"","context":"\u0641\u064a &quot;Awarte&quot;","block_context":{"text":"Awarte","link":"https:\/\/hskurd.org\/?cat=848&lang=ku"},"img":{"alt_text":"","src":"https:\/\/i0.wp.com\/hskurd.org\/wp-content\/uploads\/2024\/06\/444487447_760765556218746_3264267915091801621_n.jpg?fit=552%2C508&ssl=1&resize=350%2C200","width":350,"height":200,"srcset":"https:\/\/i0.wp.com\/hskurd.org\/wp-content\/uploads\/2024\/06\/444487447_760765556218746_3264267915091801621_n.jpg?fit=552%2C508&ssl=1&resize=350%2C200 1x, https:\/\/i0.wp.com\/hskurd.org\/wp-content\/uploads\/2024\/06\/444487447_760765556218746_3264267915091801621_n.jpg?fit=552%2C508&ssl=1&resize=525%2C300 1.5x"},"classes":[]},{"id":5885,"url":"https:\/\/hskurd.org\/?p=5885&lang=ku","url_meta":{"origin":11493,"position":5},"title":"\u015eeh\u00eed Basim Muhemed &#8221; \u015eeh\u00eed\u00ea Mirovatiy\u00ea &#8220;","author":"Sozdar","date":"30 \u064a\u0646\u0627\u064a\u0631\u060c 2022","format":false,"excerpt":"Bi xemg\u00eeniyeke mezin me n\u00fb\u00e7eya \u015feh\u00eedb\u00fbna heval\u00ea xwe Basem Mihemed wergirt, ku di encama gulebaranek\u00ea de dema ku w\u00ee li navenda sereke ya Heyva Sor a Kurd li Kampa Hol\u00ea erk\u00ea xwe ye mirov\u00ee p\u00eak di an\u00ee. Tev\u00ee hem\u00fb hewldan\u00ean ku heval\u00ean me dan ta Basim jiyana xwe ji dest\u2026","rel":"","context":"\u0641\u064a &quot;Awarte&quot;","block_context":{"text":"Awarte","link":"https:\/\/hskurd.org\/?cat=848&lang=ku"},"img":{"alt_text":"","src":"https:\/\/i0.wp.com\/hskurd.org\/wp-content\/uploads\/2022\/01\/g.jpg?fit=800%2C1200&ssl=1&resize=350%2C200","width":350,"height":200,"srcset":"https:\/\/i0.wp.com\/hskurd.org\/wp-content\/uploads\/2022\/01\/g.jpg?fit=800%2C1200&ssl=1&resize=350%2C200 1x, https:\/\/i0.wp.com\/hskurd.org\/wp-content\/uploads\/2022\/01\/g.jpg?fit=800%2C1200&ssl=1&resize=525%2C300 1.5x, https:\/\/i0.wp.com\/hskurd.org\/wp-content\/uploads\/2022\/01\/g.jpg?fit=800%2C1200&ssl=1&resize=700%2C400 2x"},"classes":[]}],"jetpack_sharing_enabled":true,"_links":{"self":[{"href":"https:\/\/hskurd.org\/index.php?rest_route=\/wp\/v2\/posts\/11493","targetHints":{"allow":["GET"]}}],"collection":[{"href":"https:\/\/hskurd.org\/index.php?rest_route=\/wp\/v2\/posts"}],"about":[{"href":"https:\/\/hskurd.org\/index.php?rest_route=\/wp\/v2\/types\/post"}],"author":[{"embeddable":true,"href":"https:\/\/hskurd.org\/index.php?rest_route=\/wp\/v2\/users\/8"}],"replies":[{"embeddable":true,"href":"https:\/\/hskurd.org\/index.php?rest_route=%2Fwp%2Fv2%2Fcomments&post=11493"}],"version-history":[{"count":1,"href":"https:\/\/hskurd.org\/index.php?rest_route=\/wp\/v2\/posts\/11493\/revisions"}],"predecessor-version":[{"id":11494,"href":"https:\/\/hskurd.org\/index.php?rest_route=\/wp\/v2\/posts\/11493\/revisions\/11494"}],"wp:featuredmedia":[{"embeddable":true,"href":"https:\/\/hskurd.org\/index.php?rest_route=\/wp\/v2\/media\/11486"}],"wp:attachment":[{"href":"https:\/\/hskurd.org\/index.php?rest_route=%2Fwp%2Fv2%2Fmedia&parent=11493"}],"wp:term":[{"taxonomy":"category","embeddable":true,"href":"https:\/\/hskurd.org\/index.php?rest_route=%2Fwp%2Fv2%2Fcategories&post=11493"},{"taxonomy":"post_tag","embeddable":true,"href":"https:\/\/hskurd.org\/index.php?rest_route=%2Fwp%2Fv2%2Ftags&post=11493"}],"curies":[{"name":"wp","href":"https:\/\/api.w.org\/{rel}","templated":true}]}}