{"id":11480,"date":"2025-08-18T11:54:40","date_gmt":"2025-08-18T08:54:40","guid":{"rendered":"https:\/\/hskurd.org\/?p=11480"},"modified":"2025-08-18T11:54:40","modified_gmt":"2025-08-18T08:54:40","slug":"destek-ji-bo-bastirkirina-sert-u-mercen-jiyane-yen-kocberan","status":"publish","type":"post","link":"https:\/\/hskurd.org\/?p=11480&lang=ku","title":{"rendered":"Destek j\u0131 bo ba\u015ftirkirina \u015fert \u00fb merc\u00ean jiyan\u00ea y\u00ean ko\u00e7beran"},"content":{"rendered":"<div dir=\"auto\">Ji bo k\u00eamkirina germahiya hav\u00een\u00ea li ser malbat\u00ean me y\u00ean ku ji Efr\u00een\u00ea ko\u00e7ber bune \u00fb li Qam\u00ee\u015flo dij\u00een, Heyva Sor a Kurd 100 perwany\u00ean elektr\u00eek\u00ea y\u00ean bi bataryay\u00ean navxwey\u00ee li 100 malbatan belav kir.<\/div>\n<div dir=\"auto\">Ev \u00e7alak\u00ee be\u015fek ji hewldan\u00ean me y\u00ean berdewam e, ji bo ba\u015ftirkirina \u015fert \u00fb merc\u00ean jiyan\u00ea y\u00ean ko\u00e7beran.<\/div>\n","protected":false},"excerpt":{"rendered":"<p>Ji bo k\u00eamkirina germahiya hav\u00een\u00ea li ser malbat\u00ean me y\u00ean ku ji Efr\u00een\u00ea ko\u00e7ber bune \u00fb li Qam\u00ee\u015flo dij\u00een, Heyva Sor a Kurd 100 perwany\u00ean elektr\u00eek\u00ea y\u00ean bi bataryay\u00ean navxwey\u00ee li 100 malbatan belav kir. Ev \u00e7alak\u00ee be\u015fek ji hewldan\u00ean me y\u00ean berdewam e, ji bo ba\u015ftirkirina \u015fert \u00fb merc\u00ean jiyan\u00ea y\u00ean ko\u00e7beran.<\/p>\n","protected":false},"author":8,"featured_media":11473,"comment_status":"open","ping_status":"open","sticky":false,"template":"","format":"standard","meta":{"give_campaign_id":0,"ngg_post_thumbnail":0,"jetpack_post_was_ever_published":false,"_jetpack_newsletter_access":"","_jetpack_dont_email_post_to_subs":false,"_jetpack_newsletter_tier_id":0,"_jetpack_memberships_contains_paywalled_content":false,"_jetpack_memberships_contains_paid_content":false,"footnotes":"","jetpack_publicize_message":"","jetpack_publicize_feature_enabled":true,"jetpack_social_post_already_shared":true,"jetpack_social_options":{"image_generator_settings":{"template":"highway","default_image_id":0,"font":"","enabled":false},"version":2},"_links_to":"","_links_to_target":""},"categories":[2171],"tags":[],"class_list":["post-11480","post","type-post","status-publish","format-standard","has-post-thumbnail","hentry","category-news-ku"],"jetpack_publicize_connections":[],"jetpack_featured_media_url":"https:\/\/i0.wp.com\/hskurd.org\/wp-content\/uploads\/2025\/08\/IMG_7467-2-scaled.jpg?fit=2560%2C1437&ssl=1","jetpack-related-posts":[{"id":12734,"url":"https:\/\/hskurd.org\/?p=12734&lang=ku","url_meta":{"origin":11480,"position":0},"title":"Em \u00ea di her \u015fert \u00fb merc\u00ee de li k\u00ealeka gel\u00ea xwe bin.","author":"user55","date":"23 \u0623\u0628\u0631\u064a\u0644\u060c 2026","format":false,"excerpt":"Bi pi\u015ftgiriya Medico International T\u00eem\u00ean Heyva Sor a Kurd berdewam dikin di xebat\u00ean xwe y\u00ean mirovah\u00ee de, ku li gund\u00ean Koban\u00ea ronahiya roj\u00ea (LED) hat belavkirin, ji bo ba\u015ftirkirina \u015fert \u00fb merc\u00ean jiyan\u00ea \u00fb peydakirina ronahiyeke ewledar \u00fb domdar ji bo gel\u00ea me.","rel":"","context":"\u0641\u064a &quot;Al\u00eekar\u00ee&quot;","block_context":{"text":"Al\u00eekar\u00ee","link":"https:\/\/hskurd.org\/?cat=2169&lang=ku"},"img":{"alt_text":"","src":"https:\/\/i0.wp.com\/hskurd.org\/wp-content\/uploads\/2026\/04\/678233831_1255586223403341_6640205540770610317_n.jpg?fit=900%2C1200&ssl=1&resize=350%2C200","width":350,"height":200,"srcset":"https:\/\/i0.wp.com\/hskurd.org\/wp-content\/uploads\/2026\/04\/678233831_1255586223403341_6640205540770610317_n.jpg?fit=900%2C1200&ssl=1&resize=350%2C200 1x, https:\/\/i0.wp.com\/hskurd.org\/wp-content\/uploads\/2026\/04\/678233831_1255586223403341_6640205540770610317_n.jpg?fit=900%2C1200&ssl=1&resize=525%2C300 1.5x, https:\/\/i0.wp.com\/hskurd.org\/wp-content\/uploads\/2026\/04\/678233831_1255586223403341_6640205540770610317_n.jpg?fit=900%2C1200&ssl=1&resize=700%2C400 2x"},"classes":[]},{"id":12519,"url":"https:\/\/hskurd.org\/?p=12519&lang=ku","url_meta":{"origin":11480,"position":1},"title":"Heyva Sor a Kurd bi pi\u015ftgiriya Kurd\u00ean R\u00fbsyay\u00ea al\u00eekariyan li Kobaniy\u00ea belav dike.","author":"user55","date":"13 \u0623\u0628\u0631\u064a\u0644\u060c 2026","format":false,"excerpt":"https:\/\/youtu.be\/K4egRde-3oY?si=X5wtCpk1bwayoxwc Bi pi\u015ftgiriya Kurd\u00ean R\u00fbsyay\u00ea, Heyva Sor a Kurd s\u00eelan\u00ean xwarin\u00ea \u00fb pak\u00eeziy\u00ea li ser malbat\u00ean hewcedar li bajar\u00ea Koban\u00ea belav kir, di \u00e7ar\u00e7oveya xebat\u00ean me y\u00ean berdewam de ji bo k\u00eamkirina giraniy\u00ean jiyan\u00ea \u00fb ba\u015ftirkirina \u015fert \u00fb merc\u00ean jiyan\u00ea.","rel":"","context":"\u0641\u064a &quot;Al\u00eekar\u00ee&quot;","block_context":{"text":"Al\u00eekar\u00ee","link":"https:\/\/hskurd.org\/?cat=2169&lang=ku"},"img":{"alt_text":"","src":"https:\/\/i0.wp.com\/img.youtube.com\/vi\/K4egRde-3oY\/0.jpg?resize=350%2C200","width":350,"height":200},"classes":[]},{"id":12456,"url":"https:\/\/hskurd.org\/?p=12456&lang=ku","url_meta":{"origin":11480,"position":2},"title":"Bersiva me Berdewam e Tev\u00ee Zehmetiyan","author":"user55","date":"2 \u0623\u0628\u0631\u064a\u0644\u060c 2026","format":false,"excerpt":"Tev\u00ee \u015fert \u00fb merc\u00ean heway\u00ea y\u00ean dijwar, t\u00eem\u00ean me y\u00ean bij\u00ee\u015fk\u00ee \u00fb al\u00eekariy\u00ea li bajar\u00ean Hesek\u00ea, Qam\u00ee\u015flo \u00fb D\u00earik\u00ea ji bo bicihan\u00eena erk\u00ea xwe dixebitin. Em her de dixebitin \u00fb pi\u015ftgir\u00ee \u00fb al\u00eekariy\u00ea didin malbat\u00ean ku ji ber lehiy\u00ea \u00fb barana dijwar bandor b\u00fbne. Ewlehiya gel\u00ea me p\u00ea\u015f\u00eeniya me ya\u2026","rel":"","context":"\u0641\u064a &quot;Parastin&quot;","block_context":{"text":"Parastin","link":"https:\/\/hskurd.org\/?cat=840&lang=ku"},"img":{"alt_text":"","src":"https:\/\/i0.wp.com\/hskurd.org\/wp-content\/uploads\/2026\/04\/659724649_1238739908421306_2093451045913552709_n.jpg?fit=900%2C1200&ssl=1&resize=350%2C200","width":350,"height":200,"srcset":"https:\/\/i0.wp.com\/hskurd.org\/wp-content\/uploads\/2026\/04\/659724649_1238739908421306_2093451045913552709_n.jpg?fit=900%2C1200&ssl=1&resize=350%2C200 1x, https:\/\/i0.wp.com\/hskurd.org\/wp-content\/uploads\/2026\/04\/659724649_1238739908421306_2093451045913552709_n.jpg?fit=900%2C1200&ssl=1&resize=525%2C300 1.5x, https:\/\/i0.wp.com\/hskurd.org\/wp-content\/uploads\/2026\/04\/659724649_1238739908421306_2093451045913552709_n.jpg?fit=900%2C1200&ssl=1&resize=700%2C400 2x"},"classes":[]},{"id":5835,"url":"https:\/\/hskurd.org\/?p=5835&lang=ku","url_meta":{"origin":11480,"position":3},"title":"Navenda Minbic\u00ea m\u00eenakeke zind\u00ee ye di l\u00eaner\u00eena tenduristiy\u00ea ya seretay\u00ee de","author":"Sozdar","date":"29 \u062f\u064a\u0633\u0645\u0628\u0631\u060c 2021","format":false,"excerpt":"\u00a0 Xizmet\u00ean l\u00eaner\u00eena tendurist\u00ee ya seretay\u00ee li gor hewcedariy\u00ean kes, malbat \u00fb civakan ji bo \u00e7areserkirin \u00fb refahiya tendurist\u00ee di mil\u00ea la\u015f\u00ee, der\u00fbn\u00ee \u00fb civak\u00ee y\u00ean berfireh bi hev ve gir\u00eaday\u00ee ye, ku l\u00eaner\u00eena kesan bi gi\u015ft\u00ee \u00fb bi hem\u00fb hewcedariy\u00ean tenduristiy\u00ea di hem\u00fb jiyan\u00ea de, ne bi komek nexwe\u015fiy\u00ean\u2026","rel":"","context":"\u0641\u064a &quot;Ge\u015fep\u00eadan&quot;","block_context":{"text":"Ge\u015fep\u00eadan","link":"https:\/\/hskurd.org\/?cat=862&lang=ku"},"img":{"alt_text":"","src":"https:\/\/i0.wp.com\/hskurd.org\/wp-content\/uploads\/2021\/12\/952A1641-copy-2-scaled.jpg?fit=1200%2C800&ssl=1&resize=350%2C200","width":350,"height":200,"srcset":"https:\/\/i0.wp.com\/hskurd.org\/wp-content\/uploads\/2021\/12\/952A1641-copy-2-scaled.jpg?fit=1200%2C800&ssl=1&resize=350%2C200 1x, https:\/\/i0.wp.com\/hskurd.org\/wp-content\/uploads\/2021\/12\/952A1641-copy-2-scaled.jpg?fit=1200%2C800&ssl=1&resize=525%2C300 1.5x, https:\/\/i0.wp.com\/hskurd.org\/wp-content\/uploads\/2021\/12\/952A1641-copy-2-scaled.jpg?fit=1200%2C800&ssl=1&resize=700%2C400 2x, https:\/\/i0.wp.com\/hskurd.org\/wp-content\/uploads\/2021\/12\/952A1641-copy-2-scaled.jpg?fit=1200%2C800&ssl=1&resize=1050%2C600 3x"},"classes":[]},{"id":12439,"url":"https:\/\/hskurd.org\/?p=12439&lang=ku","url_meta":{"origin":11480,"position":4},"title":"Heyva Sor a Kurd pi\u015ftgiriya xwe ji bo kes\u00ean ko\u00e7ber bi p\u00eadiviy\u00ean bingeh\u00een \u00ean zarokan didom\u00eene.","author":"user55","date":"2 \u0623\u0628\u0631\u064a\u0644\u060c 2026","format":false,"excerpt":"Bi pi\u015ftgiriya Komeleya X\u00earxwaz a Kerk\u00fbk\u00ea, t\u00eem\u00ea Heyva Sor a Kurd a S\u00fbriy\u00ea li stargeh\u00ean li bajar\u00ea Qami\u015flo \u015f\u00eer\u00ea zarokan \u00fb pampers belav kirin, di \u00e7ar\u00e7oveya hewildan\u00ean me y\u00ean berdewam de ji bo pi\u015ftgir\u00eekirina malbat\u00ean ko\u00e7ber \u00fb dab\u00eenkirina hewcedariy\u00ean bingeh\u00een \u00ean zarokan. Em bi berpirsiyariya mirovah\u00ee berdewam dikin ku li\u2026","rel":"","context":"\u0641\u064a &quot;Al\u00eekar\u00ee&quot;","block_context":{"text":"Al\u00eekar\u00ee","link":"https:\/\/hskurd.org\/?cat=2169&lang=ku"},"img":{"alt_text":"","src":"https:\/\/i0.wp.com\/hskurd.org\/wp-content\/uploads\/2026\/04\/660855092_1237658568529440_2733739165113195573_n.jpg?fit=1200%2C800&ssl=1&resize=350%2C200","width":350,"height":200,"srcset":"https:\/\/i0.wp.com\/hskurd.org\/wp-content\/uploads\/2026\/04\/660855092_1237658568529440_2733739165113195573_n.jpg?fit=1200%2C800&ssl=1&resize=350%2C200 1x, https:\/\/i0.wp.com\/hskurd.org\/wp-content\/uploads\/2026\/04\/660855092_1237658568529440_2733739165113195573_n.jpg?fit=1200%2C800&ssl=1&resize=525%2C300 1.5x, https:\/\/i0.wp.com\/hskurd.org\/wp-content\/uploads\/2026\/04\/660855092_1237658568529440_2733739165113195573_n.jpg?fit=1200%2C800&ssl=1&resize=700%2C400 2x, https:\/\/i0.wp.com\/hskurd.org\/wp-content\/uploads\/2026\/04\/660855092_1237658568529440_2733739165113195573_n.jpg?fit=1200%2C800&ssl=1&resize=1050%2C600 3x"},"classes":[]},{"id":7096,"url":"https:\/\/hskurd.org\/?p=7096&lang=ku","url_meta":{"origin":11480,"position":5},"title":"&#8220;Bersiva h\u00eaviy\u00ea di day\u00eena we de ye&#8221;","author":"heyvasorakurd","date":"23 \u0645\u0627\u0631\u0633\u060c 2023","format":false,"excerpt":"Bersiva h\u00eaviy\u00ea di day\u00eena we de ye\" Fitre \u00fb zekata xwe bidin ji bo kes\u00ean p\u00eadiviya wan bi al\u00eekariy\u00ea heye Ji Bo Gel\u00ean Me \u00fb Hem\u00fb P\u00eakhatye Musilman li Bakur \u00fb Rojhilat\u00ea Sur\u00ee Erk\u00ea hem\u00fb bawermenda ye bi hatina rojiya remezan\u00ea ya p\u00eeroz re , hem\u00fb kes\u00ean ku p\u00eaw\u00eestiya wan\u2026","rel":"","context":"\u0641\u064a &quot;b\u00ea kategoriyan&quot;","block_context":{"text":"b\u00ea kategoriyan","link":"https:\/\/hskurd.org\/?cat=85&lang=ku"},"img":{"alt_text":"","src":"https:\/\/i0.wp.com\/hskurd.org\/wp-content\/uploads\/2023\/03\/%D9%81%D9%8A%D9%84%D9%83%D8%B3-%D8%B2%D9%83%D8%A7%D8%A9-%D8%A7%D9%84%D9%81%D8%B7%D8%B1-3-scaled.jpg?fit=1200%2C800&ssl=1&resize=350%2C200","width":350,"height":200,"srcset":"https:\/\/i0.wp.com\/hskurd.org\/wp-content\/uploads\/2023\/03\/%D9%81%D9%8A%D9%84%D9%83%D8%B3-%D8%B2%D9%83%D8%A7%D8%A9-%D8%A7%D9%84%D9%81%D8%B7%D8%B1-3-scaled.jpg?fit=1200%2C800&ssl=1&resize=350%2C200 1x, https:\/\/i0.wp.com\/hskurd.org\/wp-content\/uploads\/2023\/03\/%D9%81%D9%8A%D9%84%D9%83%D8%B3-%D8%B2%D9%83%D8%A7%D8%A9-%D8%A7%D9%84%D9%81%D8%B7%D8%B1-3-scaled.jpg?fit=1200%2C800&ssl=1&resize=525%2C300 1.5x, https:\/\/i0.wp.com\/hskurd.org\/wp-content\/uploads\/2023\/03\/%D9%81%D9%8A%D9%84%D9%83%D8%B3-%D8%B2%D9%83%D8%A7%D8%A9-%D8%A7%D9%84%D9%81%D8%B7%D8%B1-3-scaled.jpg?fit=1200%2C800&ssl=1&resize=700%2C400 2x, https:\/\/i0.wp.com\/hskurd.org\/wp-content\/uploads\/2023\/03\/%D9%81%D9%8A%D9%84%D9%83%D8%B3-%D8%B2%D9%83%D8%A7%D8%A9-%D8%A7%D9%84%D9%81%D8%B7%D8%B1-3-scaled.jpg?fit=1200%2C800&ssl=1&resize=1050%2C600 3x"},"classes":[]}],"jetpack_sharing_enabled":true,"_links":{"self":[{"href":"https:\/\/hskurd.org\/index.php?rest_route=\/wp\/v2\/posts\/11480","targetHints":{"allow":["GET"]}}],"collection":[{"href":"https:\/\/hskurd.org\/index.php?rest_route=\/wp\/v2\/posts"}],"about":[{"href":"https:\/\/hskurd.org\/index.php?rest_route=\/wp\/v2\/types\/post"}],"author":[{"embeddable":true,"href":"https:\/\/hskurd.org\/index.php?rest_route=\/wp\/v2\/users\/8"}],"replies":[{"embeddable":true,"href":"https:\/\/hskurd.org\/index.php?rest_route=%2Fwp%2Fv2%2Fcomments&post=11480"}],"version-history":[{"count":2,"href":"https:\/\/hskurd.org\/index.php?rest_route=\/wp\/v2\/posts\/11480\/revisions"}],"predecessor-version":[{"id":11482,"href":"https:\/\/hskurd.org\/index.php?rest_route=\/wp\/v2\/posts\/11480\/revisions\/11482"}],"wp:featuredmedia":[{"embeddable":true,"href":"https:\/\/hskurd.org\/index.php?rest_route=\/wp\/v2\/media\/11473"}],"wp:attachment":[{"href":"https:\/\/hskurd.org\/index.php?rest_route=%2Fwp%2Fv2%2Fmedia&parent=11480"}],"wp:term":[{"taxonomy":"category","embeddable":true,"href":"https:\/\/hskurd.org\/index.php?rest_route=%2Fwp%2Fv2%2Fcategories&post=11480"},{"taxonomy":"post_tag","embeddable":true,"href":"https:\/\/hskurd.org\/index.php?rest_route=%2Fwp%2Fv2%2Ftags&post=11480"}],"curies":[{"name":"wp","href":"https:\/\/api.w.org\/{rel}","templated":true}]}}