{"id":11453,"date":"2025-08-17T09:38:37","date_gmt":"2025-08-17T06:38:37","guid":{"rendered":"https:\/\/hskurd.org\/?p=11453"},"modified":"2025-08-17T09:38:37","modified_gmt":"2025-08-17T06:38:37","slug":"rewitiya-ber-bi-vejine-ve","status":"publish","type":"post","link":"https:\/\/hskurd.org\/?p=11453&lang=ku","title":{"rendered":"R\u00eaw\u00eetiya Ber Bi Vej\u00een\u00ea Ve"},"content":{"rendered":"<p><span class=\"embed-youtube\" style=\"text-align:center; display: block;\"><iframe loading=\"lazy\" class=\"youtube-player\" width=\"1500\" height=\"844\" src=\"https:\/\/www.youtube.com\/embed\/DbOX51rnYg4?version=3&#038;rel=1&#038;showsearch=0&#038;showinfo=1&#038;iv_load_policy=1&#038;fs=1&#038;hl=ar&#038;autohide=2&#038;wmode=transparent\" allowfullscreen=\"true\" style=\"border:0;\" sandbox=\"allow-scripts allow-same-origin allow-popups allow-presentation allow-popups-to-escape-sandbox\"><\/iframe><\/span><\/p>\n<div class=\"xdj266r x14z9mp xat24cr x1lziwak x1vvkbs x126k92a\">\n<div dir=\"auto\">Ibtisam Muhyedd\u00een Y\u00fbsif, jina 25 sal\u00ee, pi\u015ft\u00ee ku ji ber nexwe\u015fiya pence\u015f\u00ear\u00ea ling\u00ea w\u00ea y\u00ea rast\u00ea qutkirin, heft meh bi \u00ea\u015f \u00fb dijwar\u00eeyan derbas kir.<\/div>\n<\/div>\n<div class=\"x14z9mp xat24cr x1lziwak x1vvkbs xtlvy1s x126k92a\">\n<div dir=\"auto\">L\u00ea r\u00eaw\u00eetiya Ibtisam n\u00ee\u015fan da ku bi h\u00eav\u00ee, \u00eerade \u00fb al\u00eekariya rast, dikare jiyaneke n\u00fb destp\u00ea bike. Pi\u015ft\u00ee serdana navenda protez ya Heyva Sor a Kurd, Ibtisam pi\u015ftgiriya ps\u00eekoloj\u00eek \u00fb terapiya f\u00eez\u00eek\u00ee j\u00ee li k\u00ealek ling\u00ea protez wergirt.Van hewldan\u00ean yekgirt\u00ee al\u00eekariya Ibtisam kir ku meh\u00ean zor \u00fb bi \u00ea\u015f derbas bike.<\/div>\n<div dir=\"auto\">\u00cero, Ibtisam gav\u00ean bi bawer\u00ee ber bi jiyaneke n\u00fb ve diav\u00eaje, ku bi h\u00eaviyek n\u00fb bi lingek\u00ee protez ku b\u00fb sembola serkeftina w\u00ea li dij\u00ee nexwe\u015fiy\u00ea.<\/div>\n<\/div>\n","protected":false},"excerpt":{"rendered":"<p>Ibtisam Muhyedd\u00een Y\u00fbsif, jina 25 sal\u00ee, pi\u015ft\u00ee ku ji ber nexwe\u015fiya pence\u015f\u00ear\u00ea ling\u00ea w\u00ea y\u00ea rast\u00ea qutkirin, heft meh bi \u00ea\u015f \u00fb dijwar\u00eeyan derbas kir. L\u00ea r\u00eaw\u00eetiya Ibtisam n\u00ee\u015fan da ku bi h\u00eav\u00ee, \u00eerade \u00fb al\u00eekariya rast, dikare jiyaneke n\u00fb destp\u00ea bike. Pi\u015ft\u00ee serdana navenda protez ya Heyva Sor a Kurd, Ibtisam pi\u015ftgiriya ps\u00eekoloj\u00eek \u00fb [&hellip;]<\/p>\n","protected":false},"author":8,"featured_media":11446,"comment_status":"open","ping_status":"open","sticky":false,"template":"","format":"standard","meta":{"give_campaign_id":0,"ngg_post_thumbnail":0,"jetpack_post_was_ever_published":false,"_jetpack_newsletter_access":"","_jetpack_dont_email_post_to_subs":false,"_jetpack_newsletter_tier_id":0,"_jetpack_memberships_contains_paywalled_content":false,"_jetpack_memberships_contains_paid_content":false,"footnotes":"","jetpack_publicize_message":"","jetpack_publicize_feature_enabled":true,"jetpack_social_post_already_shared":true,"jetpack_social_options":{"image_generator_settings":{"template":"highway","default_image_id":0,"font":"","enabled":false},"version":2},"_links_to":"","_links_to_target":""},"categories":[831,840,1486,206,846],"tags":[],"class_list":["post-11453","post","type-post","status-publish","format-standard","has-post-thumbnail","hentry","category-cirok","category-parastin","category-pistgirya-pskologik","category-rapor","category-tenduristi"],"jetpack_publicize_connections":[],"jetpack_featured_media_url":"https:\/\/i0.wp.com\/hskurd.org\/wp-content\/uploads\/2025\/08\/IMG_6262-scaled.jpg?fit=2560%2C1583&ssl=1","jetpack-related-posts":[{"id":11321,"url":"https:\/\/hskurd.org\/?p=11321&lang=ku","url_meta":{"origin":11453,"position":0},"title":"Navenda prot\u00eaz, f\u00eez\u00eek\u00ee \u00fb pi\u015ftgiriya ps\u00eekoloj\u00eek, xizmet\u00ean xwe b\u00eapere p\u00ea\u015fk\u00ea\u015f\u00ee her kes\u00ee dike.","author":"user55","date":"16 \u064a\u0648\u0646\u064a\u0648\u060c 2025","format":false,"excerpt":"Her endamek prot\u00eaz destp\u00eaka qonaxeke n\u00fb ye, tevger \u00fb baweriy\u00ea dide xwediy\u00ea xwe. Her r\u00fbni\u015ftinek pi\u015ftgiriya der\u00fbn\u00ee ne ten\u00ea barbuh\u00earek e, l\u00ea kevireke bingeh\u00een di her veguher\u00eeneke er\u00ean\u00ee de ye \u00fb Bi tedawiya fiz\u00eek\u00ee \u00fb bi hewildan\u00ean pispor\u00ean dilsoz, em bi hev re r\u00eave, tevger \u00fb derbaskirina \u00ea\u015f\u00ea ji n\u00fb\u2026","rel":"","context":"\u0641\u064a &quot;Ge\u015fep\u00eadan&quot;","block_context":{"text":"Ge\u015fep\u00eadan","link":"https:\/\/hskurd.org\/?cat=862&lang=ku"},"img":{"alt_text":"","src":"https:\/\/i0.wp.com\/hskurd.org\/wp-content\/uploads\/2025\/06\/506955758_1012323007729665_3548175058015773898_n.jpg?fit=960%2C1200&ssl=1&resize=350%2C200","width":350,"height":200,"srcset":"https:\/\/i0.wp.com\/hskurd.org\/wp-content\/uploads\/2025\/06\/506955758_1012323007729665_3548175058015773898_n.jpg?fit=960%2C1200&ssl=1&resize=350%2C200 1x, https:\/\/i0.wp.com\/hskurd.org\/wp-content\/uploads\/2025\/06\/506955758_1012323007729665_3548175058015773898_n.jpg?fit=960%2C1200&ssl=1&resize=525%2C300 1.5x, https:\/\/i0.wp.com\/hskurd.org\/wp-content\/uploads\/2025\/06\/506955758_1012323007729665_3548175058015773898_n.jpg?fit=960%2C1200&ssl=1&resize=700%2C400 2x"},"classes":[]},{"id":7428,"url":"https:\/\/hskurd.org\/?p=7428&lang=ku","url_meta":{"origin":11453,"position":1},"title":"Baran\u00ea zarok ji bajar\u00ea Koban\u00ee pi\u015ft\u00ee ku navenda protez t\u0131\u015ft\u00ean w\u00ee y\u00ean ku ji ber teq\u00eena bermah\u0131yeke DAI\u015e\u00ea li pey xwe hi\u015ftib\u00fb, vegerandin ji n\u00fbve bi ken vedigere qada l\u00eestik\u00ea.","author":"heyvasorakurd","date":"1 \u0623\u063a\u0633\u0637\u0633\u060c 2023","format":false,"excerpt":"Baran\u00ea zarok b\u0131 ken\u00ea xwe vedigere qada l\u00eestik\u00ea Bermahiy\u00ean \u015fer gelek caran mexd\u00fbr\u00ean siv\u00eel l\u0131 d\u00fb xwe ve dih\u00ealin, bi piran\u00ee zarok, ku haya wan ji wan xeterey\u00ean tune ye. Yek ji qurbaniy\u00ean van may\u00eenan Baran Mazen Qar\u00ee y\u00ea 10 sal\u00ee ye. Di 18\u2019\u00ea Sibata 2023\u2019an de tev\u00ee malbata xwe\u2026","rel":"","context":"\u0641\u064a &quot;\u00c7\u00eerok&quot;","block_context":{"text":"\u00c7\u00eerok","link":"https:\/\/hskurd.org\/?cat=831&lang=ku"},"img":{"alt_text":"","src":"https:\/\/i0.wp.com\/hskurd.org\/wp-content\/uploads\/2023\/08\/952A8898-copy-scaled.webp?fit=1200%2C800&ssl=1&resize=350%2C200","width":350,"height":200,"srcset":"https:\/\/i0.wp.com\/hskurd.org\/wp-content\/uploads\/2023\/08\/952A8898-copy-scaled.webp?fit=1200%2C800&ssl=1&resize=350%2C200 1x, https:\/\/i0.wp.com\/hskurd.org\/wp-content\/uploads\/2023\/08\/952A8898-copy-scaled.webp?fit=1200%2C800&ssl=1&resize=525%2C300 1.5x, https:\/\/i0.wp.com\/hskurd.org\/wp-content\/uploads\/2023\/08\/952A8898-copy-scaled.webp?fit=1200%2C800&ssl=1&resize=700%2C400 2x, https:\/\/i0.wp.com\/hskurd.org\/wp-content\/uploads\/2023\/08\/952A8898-copy-scaled.webp?fit=1200%2C800&ssl=1&resize=1050%2C600 3x"},"classes":[]},{"id":6904,"url":"https:\/\/hskurd.org\/?p=6904&lang=ku","url_meta":{"origin":11453,"position":2},"title":"\u00c7\u00eerok\u00ean serkeftin\u00ea li navenda pirot\u00eaza","author":"heyvasorakurd","date":"12 \u064a\u0646\u0627\u064a\u0631\u060c 2023","format":false,"excerpt":"Pi\u015ft\u00ee 5 salan ji \u00ea\u015f ki\u015fandin\u00ea \"Qasim\" yek ji s\u00fbdmend\u00ean xizmet\u00ean Navenda Protez, Dermankirina F\u00eez\u00eek\u00ee \u00fb Pi\u015ftgiriya Der\u00fbn\u00ee ji bo desteka berfireh \u00fb n\u00fbavakirina kes\u00ean astengdar \u00fb bir\u00eendar\u00ean may\u00eende \u00fb malbat\u00ean wan, destp\u00eaka qonaxeke n\u00fb di jiyana xwe de ji me re tekez dike \u00fb kar\u00eena destekday\u00eena malbata xwe ji\u2026","rel":"","context":"\u0641\u064a &quot;\u00c7\u00eerok&quot;","block_context":{"text":"\u00c7\u00eerok","link":"https:\/\/hskurd.org\/?cat=831&lang=ku"},"img":{"alt_text":"","src":"https:\/\/i0.wp.com\/hskurd.org\/wp-content\/uploads\/2023\/01\/%D9%A2%D9%A0%D9%A2%D9%A2%D9%A1%D9%A2%D9%A1%D9%A3_%D9%A1%D9%A1%D9%A0%D9%A1%D9%A0%D9%A9-1-scaled.jpg?fit=1200%2C675&ssl=1&resize=350%2C200","width":350,"height":200,"srcset":"https:\/\/i0.wp.com\/hskurd.org\/wp-content\/uploads\/2023\/01\/%D9%A2%D9%A0%D9%A2%D9%A2%D9%A1%D9%A2%D9%A1%D9%A3_%D9%A1%D9%A1%D9%A0%D9%A1%D9%A0%D9%A9-1-scaled.jpg?fit=1200%2C675&ssl=1&resize=350%2C200 1x, https:\/\/i0.wp.com\/hskurd.org\/wp-content\/uploads\/2023\/01\/%D9%A2%D9%A0%D9%A2%D9%A2%D9%A1%D9%A2%D9%A1%D9%A3_%D9%A1%D9%A1%D9%A0%D9%A1%D9%A0%D9%A9-1-scaled.jpg?fit=1200%2C675&ssl=1&resize=525%2C300 1.5x, https:\/\/i0.wp.com\/hskurd.org\/wp-content\/uploads\/2023\/01\/%D9%A2%D9%A0%D9%A2%D9%A2%D9%A1%D9%A2%D9%A1%D9%A3_%D9%A1%D9%A1%D9%A0%D9%A1%D9%A0%D9%A9-1-scaled.jpg?fit=1200%2C675&ssl=1&resize=700%2C400 2x, https:\/\/i0.wp.com\/hskurd.org\/wp-content\/uploads\/2023\/01\/%D9%A2%D9%A0%D9%A2%D9%A2%D9%A1%D9%A2%D9%A1%D9%A3_%D9%A1%D9%A1%D9%A0%D9%A1%D9%A0%D9%A9-1-scaled.jpg?fit=1200%2C675&ssl=1&resize=1050%2C600 3x"},"classes":[]},{"id":7901,"url":"https:\/\/hskurd.org\/?p=7901&lang=ku","url_meta":{"origin":11453,"position":3},"title":"Heyva Sor a Kurd konferansa xwe ya s\u00eayem\u00een li darx\u0131st \u00fb hevserokatiyeke n\u00fb hilb\u0131jart","author":"neruda","date":"24 \u0646\u0648\u0641\u0645\u0628\u0631\u060c 2023","format":false,"excerpt":"\u00cero \u00cen\u00ea, R\u00eaxistina Heyva Sor a Kurd li bajar\u00ea Qami\u015flo s\u00eayem\u00een konferansa xwe bi d\u0131ru\u015fmeya \u201cBi h\u00eav\u00ee \u00fb hevkar\u00ee ji bo avakirina pa\u015ferojeke b\u0131 ron\u00ee \u201d l\u0131 darx\u0131st bi amadeb\u00fbna endam, kadroy\u00ean bij\u00ee\u015fk\u00ee \u00fb r\u00eaxistin\u00ean hevkar di xebat\u00ean mirov\u00ee de li. Tev\u00ee hejmarek ji berpirs\u00ean R\u00eaveberiya Xweser a Bakur \u00fb\u2026","rel":"","context":"\u0641\u064a &quot;Ge\u015fep\u00eadan&quot;","block_context":{"text":"Ge\u015fep\u00eadan","link":"https:\/\/hskurd.org\/?cat=862&lang=ku"},"img":{"alt_text":"","src":"https:\/\/i0.wp.com\/hskurd.org\/wp-content\/uploads\/2023\/11\/952A0191-copy-scaled.jpg?fit=1200%2C800&ssl=1&resize=350%2C200","width":350,"height":200,"srcset":"https:\/\/i0.wp.com\/hskurd.org\/wp-content\/uploads\/2023\/11\/952A0191-copy-scaled.jpg?fit=1200%2C800&ssl=1&resize=350%2C200 1x, https:\/\/i0.wp.com\/hskurd.org\/wp-content\/uploads\/2023\/11\/952A0191-copy-scaled.jpg?fit=1200%2C800&ssl=1&resize=525%2C300 1.5x, https:\/\/i0.wp.com\/hskurd.org\/wp-content\/uploads\/2023\/11\/952A0191-copy-scaled.jpg?fit=1200%2C800&ssl=1&resize=700%2C400 2x, https:\/\/i0.wp.com\/hskurd.org\/wp-content\/uploads\/2023\/11\/952A0191-copy-scaled.jpg?fit=1200%2C800&ssl=1&resize=1050%2C600 3x"},"classes":[]},{"id":8845,"url":"https:\/\/hskurd.org\/?p=8845&lang=ku","url_meta":{"origin":11453,"position":4},"title":"penaberiya ji Lubnan\u00ea ber bi her\u00eama \u015eehbay\u00ea ve, zordariyeke n\u00fb li zordariy\u00ean penaberiy\u00ea \u00fb ko\u00e7beriy\u00ea y\u00ean kevin z\u00eade dike","author":"neruda","date":"24 \u0623\u0643\u062a\u0648\u0628\u0631\u060c 2024","format":false,"excerpt":"Rew\u015fa penaberiya ji Lubnan\u00ea ber bi her\u00eama \u015eehbay\u00ea ve, zordariyeke n\u00fb li zordariy\u00ean penaberiy\u00ea \u00fb ko\u00e7beriy\u00ea y\u00ean kevin z\u00eade dike. Gelek kes ji wan b\u00fbne \u015fahid\u00ean heman senaryoy\u00ea ku ber\u00ea di encama dagirkeriya Tirkiy\u00ea de ne\u00e7ar man ji bajar\u00ea Efr\u00een\u00ea dekevin , ku pa\u015f\u00ea xwe di kamp\u00ean li bajar\u00ean wek\u00ee\u2026","rel":"","context":"\u0641\u064a &quot;\u00c7\u00eerok&quot;","block_context":{"text":"\u00c7\u00eerok","link":"https:\/\/hskurd.org\/?cat=831&lang=ku"},"img":{"alt_text":"","src":"https:\/\/i0.wp.com\/hskurd.org\/wp-content\/uploads\/2024\/10\/464067460_850832190545415_6507049548074775190_n.jpg?fit=1200%2C800&ssl=1&resize=350%2C200","width":350,"height":200,"srcset":"https:\/\/i0.wp.com\/hskurd.org\/wp-content\/uploads\/2024\/10\/464067460_850832190545415_6507049548074775190_n.jpg?fit=1200%2C800&ssl=1&resize=350%2C200 1x, https:\/\/i0.wp.com\/hskurd.org\/wp-content\/uploads\/2024\/10\/464067460_850832190545415_6507049548074775190_n.jpg?fit=1200%2C800&ssl=1&resize=525%2C300 1.5x, https:\/\/i0.wp.com\/hskurd.org\/wp-content\/uploads\/2024\/10\/464067460_850832190545415_6507049548074775190_n.jpg?fit=1200%2C800&ssl=1&resize=700%2C400 2x, https:\/\/i0.wp.com\/hskurd.org\/wp-content\/uploads\/2024\/10\/464067460_850832190545415_6507049548074775190_n.jpg?fit=1200%2C800&ssl=1&resize=1050%2C600 3x"},"classes":[]},{"id":6458,"url":"https:\/\/hskurd.org\/?p=6458&lang=ku","url_meta":{"origin":11453,"position":5},"title":"\u00c7\u00eerokeke n\u00fb ya serkeftin\u00ea li Navenda Prot\u00eaz\u00eek\u00ea","author":"Sozdar","date":"19 \u0633\u0628\u062a\u0645\u0628\u0631\u060c 2022","format":false,"excerpt":"Xwe\u015fb\u00fbna d\u00eetna dilxwe\u015fiya zarok\u00eak\u00ee ku karibe tevgera xwe veger\u00eene, bi dan\u00eena lingek\u00ee protez\u00eek, da ku ew zarok karibe \u00e7alakiy\u00ean xwe y\u00ean rojane bi rehet\u00ee p\u00eak b\u00eene, ji bil\u00ee w\u00ea j\u00ee pi\u015ftgiriya w\u00ee bike \u00fb xwebaweriya w\u00ee z\u00eade bike ,\u00fb bi heval\u00ean xwe re be\u015fdar\u00ee perwerdey\u00ea bibe,ku k\u00eam h\u00eazb\u00fbna w\u00ee bibe\u2026","rel":"","context":"\u0641\u064a &quot;\u00c7\u00eerok&quot;","block_context":{"text":"\u00c7\u00eerok","link":"https:\/\/hskurd.org\/?cat=831&lang=ku"},"img":{"alt_text":"","src":"https:\/\/i0.wp.com\/hskurd.org\/wp-content\/uploads\/2022\/09\/952A8989-copy-300x200.jpg?resize=350%2C200","width":350,"height":200},"classes":[]}],"jetpack_sharing_enabled":true,"_links":{"self":[{"href":"https:\/\/hskurd.org\/index.php?rest_route=\/wp\/v2\/posts\/11453","targetHints":{"allow":["GET"]}}],"collection":[{"href":"https:\/\/hskurd.org\/index.php?rest_route=\/wp\/v2\/posts"}],"about":[{"href":"https:\/\/hskurd.org\/index.php?rest_route=\/wp\/v2\/types\/post"}],"author":[{"embeddable":true,"href":"https:\/\/hskurd.org\/index.php?rest_route=\/wp\/v2\/users\/8"}],"replies":[{"embeddable":true,"href":"https:\/\/hskurd.org\/index.php?rest_route=%2Fwp%2Fv2%2Fcomments&post=11453"}],"version-history":[{"count":2,"href":"https:\/\/hskurd.org\/index.php?rest_route=\/wp\/v2\/posts\/11453\/revisions"}],"predecessor-version":[{"id":11455,"href":"https:\/\/hskurd.org\/index.php?rest_route=\/wp\/v2\/posts\/11453\/revisions\/11455"}],"wp:featuredmedia":[{"embeddable":true,"href":"https:\/\/hskurd.org\/index.php?rest_route=\/wp\/v2\/media\/11446"}],"wp:attachment":[{"href":"https:\/\/hskurd.org\/index.php?rest_route=%2Fwp%2Fv2%2Fmedia&parent=11453"}],"wp:term":[{"taxonomy":"category","embeddable":true,"href":"https:\/\/hskurd.org\/index.php?rest_route=%2Fwp%2Fv2%2Fcategories&post=11453"},{"taxonomy":"post_tag","embeddable":true,"href":"https:\/\/hskurd.org\/index.php?rest_route=%2Fwp%2Fv2%2Ftags&post=11453"}],"curies":[{"name":"wp","href":"https:\/\/api.w.org\/{rel}","templated":true}]}}