{"id":11434,"date":"2025-08-14T14:28:09","date_gmt":"2025-08-14T11:28:09","guid":{"rendered":"https:\/\/hskurd.org\/?p=11434"},"modified":"2025-08-14T14:28:09","modified_gmt":"2025-08-14T11:28:09","slug":"belavkirina-alikarye-ji-bo-kocberan","status":"publish","type":"post","link":"https:\/\/hskurd.org\/?p=11434&lang=ku","title":{"rendered":"Belavkirina al\u00eekary\u00ea ji bo ko\u00e7beran"},"content":{"rendered":"<p><span class=\"embed-youtube\" style=\"text-align:center; display: block;\"><iframe loading=\"lazy\" class=\"youtube-player\" width=\"1500\" height=\"844\" src=\"https:\/\/www.youtube.com\/embed\/yj_90xGlYzo?version=3&#038;rel=1&#038;showsearch=0&#038;showinfo=1&#038;iv_load_policy=1&#038;fs=1&#038;hl=ar&#038;autohide=2&#038;wmode=transparent\" allowfullscreen=\"true\" style=\"border:0;\" sandbox=\"allow-scripts allow-same-origin allow-popups allow-presentation allow-popups-to-escape-sandbox\"><\/iframe><\/span><\/p>\n<p>Di berdewamiya al\u00eekariya mirov\u00ee \u00fb xurtkirina hevgirtina civak\u00ee ji bo ko\u00e7ber\u00ean bandordar, Heyva Sor a Kurd, bi hevkariya &#8220;Volkshilfe&#8221;, di nav projeya &#8220;Improved Living and Health Conditions&#8221; de al\u00eekar\u00ee li heyva iz\u00earan\u00ea ji bo ko\u00e7ber\u00ean Efr\u00een\u00ea y\u00ean ku li bajar\u00ean Qami\u015flo, D\u00earik, Hesek\u00ea, Reqa \u00fb Tebqa dij\u00een p\u00ea\u015fk\u00ea\u015f kir.<\/p>\n<p>Di v\u00ea \u00e7ar\u00e7ovey\u00ea de, 340 sebet\u00ean xwarin\u00ea ku di nav de ti\u015ft\u00ean bingeh\u00een y\u00ean xwarin\u00ea heb\u00fbn, hate belavkirin da ku p\u00eaw\u00eestiy\u00ean bingeh\u00een bigih\u00eajin malbatan. Ev xebat n\u00ee\u015fana pabendb\u00fbna herdu r\u00eaxistiyan\u00ea ye ji bo destekday\u00eena kes\u00ean ku di rew\u015f\u00ean dijwar de derbas dibin.<\/p>\n","protected":false},"excerpt":{"rendered":"<p>Di berdewamiya al\u00eekariya mirov\u00ee \u00fb xurtkirina hevgirtina civak\u00ee ji bo ko\u00e7ber\u00ean bandordar, Heyva Sor a Kurd, bi hevkariya &#8220;Volkshilfe&#8221;, di nav projeya &#8220;Improved Living and Health Conditions&#8221; de al\u00eekar\u00ee li heyva iz\u00earan\u00ea ji bo ko\u00e7ber\u00ean Efr\u00een\u00ea y\u00ean ku li bajar\u00ean Qami\u015flo, D\u00earik, Hesek\u00ea, Reqa \u00fb Tebqa dij\u00een p\u00ea\u015fk\u00ea\u015f kir. Di v\u00ea \u00e7ar\u00e7ovey\u00ea de, 340 sebet\u00ean [&hellip;]<\/p>\n","protected":false},"author":8,"featured_media":11423,"comment_status":"open","ping_status":"open","sticky":false,"template":"","format":"standard","meta":{"give_campaign_id":0,"ngg_post_thumbnail":0,"jetpack_post_was_ever_published":false,"_jetpack_newsletter_access":"","_jetpack_dont_email_post_to_subs":false,"_jetpack_newsletter_tier_id":0,"_jetpack_memberships_contains_paywalled_content":false,"_jetpack_memberships_contains_paid_content":false,"footnotes":"","jetpack_publicize_message":"","jetpack_publicize_feature_enabled":true,"jetpack_social_post_already_shared":true,"jetpack_social_options":{"image_generator_settings":{"template":"highway","default_image_id":0,"font":"","enabled":false},"version":2},"_links_to":"","_links_to_target":""},"categories":[862,844,846],"tags":[],"class_list":["post-11434","post","type-post","status-publish","format-standard","has-post-thumbnail","hentry","category-gesepedan","category-perwerdehiya-tenduristi","category-tenduristi"],"jetpack_publicize_connections":[],"jetpack_featured_media_url":"https:\/\/i0.wp.com\/hskurd.org\/wp-content\/uploads\/2025\/08\/%D8%B3%D9%84%D8%A7%D8%AA-scaled.jpg?fit=2560%2C1437&ssl=1","jetpack-related-posts":[{"id":11678,"url":"https:\/\/hskurd.org\/?p=11678&lang=ku","url_meta":{"origin":11434,"position":0},"title":"Belavkirina al\u00eekariy\u00ean mirov\u00ee li ser ko\u00e7beran","author":"user55","date":"18 \u0633\u0628\u062a\u0645\u0628\u0631\u060c 2025","format":false,"excerpt":"https:\/\/youtube.com\/shorts\/pwT4lNVpHG4?si=OUSagZCABKDi4JLg Heyva Sor a Kurd\u00ee berdewam dike bi xebat\u00ean xwe ya mirovah\u00ee, bi belavkirina seleted\u00ean xwarin\u00ea ji bo ko\u00e7ber\u00ean ji Ser\u00ea Kaniy\u00ea ku niha li nav navenda penaberiyan li Hesek\u00ea dij\u00een. Belavkirin li ser 37 dibistan\u00ean ku wek\u00ee navenda penaberiyan hatine tay\u00een kirin hate xebitandin, \u00fb ji w\u00ea re z\u00eadetir\u2026","rel":"","context":"\u0641\u064a &quot;Ge\u015fep\u00eadan&quot;","block_context":{"text":"Ge\u015fep\u00eadan","link":"https:\/\/hskurd.org\/?cat=862&lang=ku"},"img":{"alt_text":"","src":"https:\/\/i0.wp.com\/hskurd.org\/wp-content\/uploads\/2025\/09\/IMG_8592-scaled.jpg?fit=1200%2C800&ssl=1&resize=350%2C200","width":350,"height":200,"srcset":"https:\/\/i0.wp.com\/hskurd.org\/wp-content\/uploads\/2025\/09\/IMG_8592-scaled.jpg?fit=1200%2C800&ssl=1&resize=350%2C200 1x, https:\/\/i0.wp.com\/hskurd.org\/wp-content\/uploads\/2025\/09\/IMG_8592-scaled.jpg?fit=1200%2C800&ssl=1&resize=525%2C300 1.5x, https:\/\/i0.wp.com\/hskurd.org\/wp-content\/uploads\/2025\/09\/IMG_8592-scaled.jpg?fit=1200%2C800&ssl=1&resize=700%2C400 2x, https:\/\/i0.wp.com\/hskurd.org\/wp-content\/uploads\/2025\/09\/IMG_8592-scaled.jpg?fit=1200%2C800&ssl=1&resize=1050%2C600 3x"},"classes":[]},{"id":8493,"url":"https:\/\/hskurd.org\/?p=8493&lang=ku","url_meta":{"origin":11434,"position":1},"title":"Navenda Tendurist\u00ee  li bajarok\u00ea \u015eedad\u00ea","author":"neruda","date":"25 \u064a\u0648\u0644\u064a\u0648\u060c 2024","format":false,"excerpt":"\u00a0 Saziy\u00ean bij\u00eejk\u00ee di peydakirina l\u00eanih\u00ear\u00eena tendurist\u00ee ji civakan re rolek gir\u00eeng dil\u00eezin. Bi taybet\u00ee li her\u00eam\u00ean ku xizmet\u00ean bingeh\u00een li wan peyda nabin. Di v\u00ee war\u00ee de, R\u00eaxistina Heyva Sor a Kurd erkek\u00ee xurt n\u00ee\u015fan dide ji bo p\u00ea\u015fk\u00ea\u015fkirina xizmet\u00ean piz\u00ee\u015fk\u00ee \u00fb tenduristiy\u00ea ji ni\u015fteciy\u00ean Bakur \u00fb Rojhilat\u00ea S\u00fbriy\u00ea\u2026","rel":"","context":"\u0641\u064a &quot;Awarte&quot;","block_context":{"text":"Awarte","link":"https:\/\/hskurd.org\/?cat=848&lang=ku"},"img":{"alt_text":"","src":"https:\/\/i0.wp.com\/hskurd.org\/wp-content\/uploads\/2024\/07\/%D8%B4%D8%AF%D8%A7%D8%AF%D8%A9-%D8%A8.png?fit=1028%2C804&ssl=1&resize=350%2C200","width":350,"height":200,"srcset":"https:\/\/i0.wp.com\/hskurd.org\/wp-content\/uploads\/2024\/07\/%D8%B4%D8%AF%D8%A7%D8%AF%D8%A9-%D8%A8.png?fit=1028%2C804&ssl=1&resize=350%2C200 1x, https:\/\/i0.wp.com\/hskurd.org\/wp-content\/uploads\/2024\/07\/%D8%B4%D8%AF%D8%A7%D8%AF%D8%A9-%D8%A8.png?fit=1028%2C804&ssl=1&resize=525%2C300 1.5x, https:\/\/i0.wp.com\/hskurd.org\/wp-content\/uploads\/2024\/07\/%D8%B4%D8%AF%D8%A7%D8%AF%D8%A9-%D8%A8.png?fit=1028%2C804&ssl=1&resize=700%2C400 2x"},"classes":[]},{"id":8752,"url":"https:\/\/hskurd.org\/?p=8752&lang=ku","url_meta":{"origin":11434,"position":2},"title":"Bi hevkar\u00ee \u00fb hezkirin\u00ea em dikarin al\u00eekariy\u00ea ji ko\u00e7ber\u00ean Lubnan\u00ea p\u00ea\u015fk\u00ea\u015f bikin","author":"neruda","date":"8 \u0623\u0643\u062a\u0648\u0628\u0631\u060c 2024","format":false,"excerpt":"Di kr\u00eez\u00ean mirovah\u00ee de, gir\u00eengiya xebat\u00ean kom\u00ee \u00fb hevgirtina civak\u00ee t\u00ea n\u00ee\u015fandan, ev yek j\u00ee Heyva Sor a Kurd di rew\u015fa daw\u00ee de di kampanyay\u00ean xwe y\u00ean mirov\u00ee de ji bo al\u00eekariya ko\u00e7ber\u00ean ji Lubnan\u00ea t\u00ean, p\u00eak t\u00eene. R\u00eaxistina Heyva Sor a Kurd di bin silogana \"Bi hevkar\u00ee \u00fb hezkirin\u00ea\u2026","rel":"","context":"\u0641\u064a &quot;Parastin&quot;","block_context":{"text":"Parastin","link":"https:\/\/hskurd.org\/?cat=840&lang=ku"},"img":{"alt_text":"","src":"https:\/\/i0.wp.com\/hskurd.org\/wp-content\/uploads\/2024\/10\/DSC_1845-scaled.jpg?fit=1200%2C800&ssl=1&resize=350%2C200","width":350,"height":200,"srcset":"https:\/\/i0.wp.com\/hskurd.org\/wp-content\/uploads\/2024\/10\/DSC_1845-scaled.jpg?fit=1200%2C800&ssl=1&resize=350%2C200 1x, https:\/\/i0.wp.com\/hskurd.org\/wp-content\/uploads\/2024\/10\/DSC_1845-scaled.jpg?fit=1200%2C800&ssl=1&resize=525%2C300 1.5x, https:\/\/i0.wp.com\/hskurd.org\/wp-content\/uploads\/2024\/10\/DSC_1845-scaled.jpg?fit=1200%2C800&ssl=1&resize=700%2C400 2x, https:\/\/i0.wp.com\/hskurd.org\/wp-content\/uploads\/2024\/10\/DSC_1845-scaled.jpg?fit=1200%2C800&ssl=1&resize=1050%2C600 3x"},"classes":[]},{"id":8757,"url":"https:\/\/hskurd.org\/?p=8757&lang=ku","url_meta":{"origin":11434,"position":3},"title":"Bi hevkar\u00ee \u00fb hezkirin\u00ea em dikarin al\u00eekariy\u00ea ji ko\u00e7ber\u00ean Lubnan\u00ea p\u00ea\u015fk\u00ea\u015f bikin","author":"neruda","date":"8 \u0623\u0643\u062a\u0648\u0628\u0631\u060c 2024","format":false,"excerpt":"Di kr\u00eez\u00ean mirovah\u00ee de, gir\u00eengiya xebat\u00ean kom\u00ee \u00fb hevgirtina civak\u00ee t\u00ea n\u00ee\u015fandan, ev yek j\u00ee Heyva Sor a Kurd di rew\u015fa daw\u00ee de di kampanyay\u00ean xwe y\u00ean mirov\u00ee de ji bo al\u00eekariya ko\u00e7ber\u00ean ji Lubnan\u00ea t\u00ean, p\u00eak t\u00eene. R\u00eaxistina Heyva Sor a Kurd di bin silogana \"Bi hevkar\u00ee \u00fb hezkirin\u00ea\u2026","rel":"","context":"\u0641\u064a &quot;Parastin&quot;","block_context":{"text":"Parastin","link":"https:\/\/hskurd.org\/?cat=840&lang=ku"},"img":{"alt_text":"","src":"https:\/\/i0.wp.com\/hskurd.org\/wp-content\/uploads\/2024\/10\/DSC_1845-scaled.jpg?fit=1200%2C800&ssl=1&resize=350%2C200","width":350,"height":200,"srcset":"https:\/\/i0.wp.com\/hskurd.org\/wp-content\/uploads\/2024\/10\/DSC_1845-scaled.jpg?fit=1200%2C800&ssl=1&resize=350%2C200 1x, https:\/\/i0.wp.com\/hskurd.org\/wp-content\/uploads\/2024\/10\/DSC_1845-scaled.jpg?fit=1200%2C800&ssl=1&resize=525%2C300 1.5x, https:\/\/i0.wp.com\/hskurd.org\/wp-content\/uploads\/2024\/10\/DSC_1845-scaled.jpg?fit=1200%2C800&ssl=1&resize=700%2C400 2x, https:\/\/i0.wp.com\/hskurd.org\/wp-content\/uploads\/2024\/10\/DSC_1845-scaled.jpg?fit=1200%2C800&ssl=1&resize=1050%2C600 3x"},"classes":[]},{"id":5835,"url":"https:\/\/hskurd.org\/?p=5835&lang=ku","url_meta":{"origin":11434,"position":4},"title":"Navenda Minbic\u00ea m\u00eenakeke zind\u00ee ye di l\u00eaner\u00eena tenduristiy\u00ea ya seretay\u00ee de","author":"Sozdar","date":"29 \u062f\u064a\u0633\u0645\u0628\u0631\u060c 2021","format":false,"excerpt":"\u00a0 Xizmet\u00ean l\u00eaner\u00eena tendurist\u00ee ya seretay\u00ee li gor hewcedariy\u00ean kes, malbat \u00fb civakan ji bo \u00e7areserkirin \u00fb refahiya tendurist\u00ee di mil\u00ea la\u015f\u00ee, der\u00fbn\u00ee \u00fb civak\u00ee y\u00ean berfireh bi hev ve gir\u00eaday\u00ee ye, ku l\u00eaner\u00eena kesan bi gi\u015ft\u00ee \u00fb bi hem\u00fb hewcedariy\u00ean tenduristiy\u00ea di hem\u00fb jiyan\u00ea de, ne bi komek nexwe\u015fiy\u00ean\u2026","rel":"","context":"\u0641\u064a &quot;Ge\u015fep\u00eadan&quot;","block_context":{"text":"Ge\u015fep\u00eadan","link":"https:\/\/hskurd.org\/?cat=862&lang=ku"},"img":{"alt_text":"","src":"https:\/\/i0.wp.com\/hskurd.org\/wp-content\/uploads\/2021\/12\/952A1641-copy-2-scaled.jpg?fit=1200%2C800&ssl=1&resize=350%2C200","width":350,"height":200,"srcset":"https:\/\/i0.wp.com\/hskurd.org\/wp-content\/uploads\/2021\/12\/952A1641-copy-2-scaled.jpg?fit=1200%2C800&ssl=1&resize=350%2C200 1x, https:\/\/i0.wp.com\/hskurd.org\/wp-content\/uploads\/2021\/12\/952A1641-copy-2-scaled.jpg?fit=1200%2C800&ssl=1&resize=525%2C300 1.5x, https:\/\/i0.wp.com\/hskurd.org\/wp-content\/uploads\/2021\/12\/952A1641-copy-2-scaled.jpg?fit=1200%2C800&ssl=1&resize=700%2C400 2x, https:\/\/i0.wp.com\/hskurd.org\/wp-content\/uploads\/2021\/12\/952A1641-copy-2-scaled.jpg?fit=1200%2C800&ssl=1&resize=1050%2C600 3x"},"classes":[]},{"id":8561,"url":"https:\/\/hskurd.org\/?p=8561&lang=ku","url_meta":{"origin":11434,"position":5},"title":"Navenda rew\u015f\u00ean awarte \u00fb Lezg\u00een li Reqay\u00ea","author":"neruda","date":"8 \u0623\u063a\u0633\u0637\u0633\u060c 2024","format":false,"excerpt":"https:\/\/www.youtube.com\/watch?v=AE0bppjUJT0 \u00a0 S\u00eestema amb\u00fblans \u00fb hawar\u00e7\u00fbn\u00ea ya Heyva Sor a Kurd li bajar\u00ea Reqay\u00ea wek kevir\u00ea bingeh\u00een t\u00ea d\u00eetin di bersivday\u00eena lezg\u00een \u00fb r\u00eakar\u00ean pij\u00ee\u015fk\u00ee y\u00ean p\u00eaw\u00eest ji bo rizgarkirina jiyan\u00ea ji destp\u00eaka rizgarkirina bajar \u00fb gundewar\u00ean w\u00ea di sala 2018an de. Ku di v\u00ea dem\u00ea de gelek asteng\u00ee hat\u2026","rel":"","context":"\u0641\u064a &quot;Awarte&quot;","block_context":{"text":"Awarte","link":"https:\/\/hskurd.org\/?cat=848&lang=ku"},"img":{"alt_text":"","src":"https:\/\/i0.wp.com\/hskurd.org\/wp-content\/uploads\/2024\/08\/reqa.png?fit=1095%2C500&ssl=1&resize=350%2C200","width":350,"height":200,"srcset":"https:\/\/i0.wp.com\/hskurd.org\/wp-content\/uploads\/2024\/08\/reqa.png?fit=1095%2C500&ssl=1&resize=350%2C200 1x, https:\/\/i0.wp.com\/hskurd.org\/wp-content\/uploads\/2024\/08\/reqa.png?fit=1095%2C500&ssl=1&resize=525%2C300 1.5x, https:\/\/i0.wp.com\/hskurd.org\/wp-content\/uploads\/2024\/08\/reqa.png?fit=1095%2C500&ssl=1&resize=700%2C400 2x, https:\/\/i0.wp.com\/hskurd.org\/wp-content\/uploads\/2024\/08\/reqa.png?fit=1095%2C500&ssl=1&resize=1050%2C600 3x"},"classes":[]}],"jetpack_sharing_enabled":true,"_links":{"self":[{"href":"https:\/\/hskurd.org\/index.php?rest_route=\/wp\/v2\/posts\/11434","targetHints":{"allow":["GET"]}}],"collection":[{"href":"https:\/\/hskurd.org\/index.php?rest_route=\/wp\/v2\/posts"}],"about":[{"href":"https:\/\/hskurd.org\/index.php?rest_route=\/wp\/v2\/types\/post"}],"author":[{"embeddable":true,"href":"https:\/\/hskurd.org\/index.php?rest_route=\/wp\/v2\/users\/8"}],"replies":[{"embeddable":true,"href":"https:\/\/hskurd.org\/index.php?rest_route=%2Fwp%2Fv2%2Fcomments&post=11434"}],"version-history":[{"count":2,"href":"https:\/\/hskurd.org\/index.php?rest_route=\/wp\/v2\/posts\/11434\/revisions"}],"predecessor-version":[{"id":11436,"href":"https:\/\/hskurd.org\/index.php?rest_route=\/wp\/v2\/posts\/11434\/revisions\/11436"}],"wp:featuredmedia":[{"embeddable":true,"href":"https:\/\/hskurd.org\/index.php?rest_route=\/wp\/v2\/media\/11423"}],"wp:attachment":[{"href":"https:\/\/hskurd.org\/index.php?rest_route=%2Fwp%2Fv2%2Fmedia&parent=11434"}],"wp:term":[{"taxonomy":"category","embeddable":true,"href":"https:\/\/hskurd.org\/index.php?rest_route=%2Fwp%2Fv2%2Fcategories&post=11434"},{"taxonomy":"post_tag","embeddable":true,"href":"https:\/\/hskurd.org\/index.php?rest_route=%2Fwp%2Fv2%2Ftags&post=11434"}],"curies":[{"name":"wp","href":"https:\/\/api.w.org\/{rel}","templated":true}]}}