{"id":11313,"date":"2025-06-16T12:30:25","date_gmt":"2025-06-16T09:30:25","guid":{"rendered":"https:\/\/hskurd.org\/?p=11313"},"modified":"2025-06-16T12:30:25","modified_gmt":"2025-06-16T09:30:25","slug":"bi-alikariya-rexistina-hana-ya-xerxwaz-u-bi-boneya-cejna-qurbane-goste-pez-44-seri-li-bajare-amude-u-gundewaren-we-li-ser-malbaten-xizan-hatin-belavkirin","status":"publish","type":"post","link":"https:\/\/hskurd.org\/?p=11313&lang=ku","title":{"rendered":"Bi al\u00eekariya r\u00eaxistina Hana ya x\u00earxwaz \u00fb bi boneya cejna Qurban\u00ea, go\u015ft\u00ea pez (44 ser\u00ee)  li bajar\u00ea Am\u00fbd\u00ea \u00fb gundewar\u00ean w\u00ea li ser malbat\u00ean xizan hatin belavkirin."},"content":{"rendered":"<p><span class=\"embed-youtube\" style=\"text-align:center; display: block;\"><iframe loading=\"lazy\" class=\"youtube-player\" width=\"1500\" height=\"844\" src=\"https:\/\/www.youtube.com\/embed\/vklQIJNSE0E?version=3&#038;rel=1&#038;showsearch=0&#038;showinfo=1&#038;iv_load_policy=1&#038;fs=1&#038;hl=ar&#038;autohide=2&#038;wmode=transparent\" allowfullscreen=\"true\" style=\"border:0;\" sandbox=\"allow-scripts allow-same-origin allow-popups allow-presentation allow-popups-to-escape-sandbox\"><\/iframe><\/span><\/p>\n","protected":false},"excerpt":{"rendered":"","protected":false},"author":8,"featured_media":11276,"comment_status":"open","ping_status":"open","sticky":false,"template":"","format":"standard","meta":{"give_campaign_id":0,"ngg_post_thumbnail":0,"jetpack_post_was_ever_published":false,"_jetpack_newsletter_access":"","_jetpack_dont_email_post_to_subs":false,"_jetpack_newsletter_tier_id":0,"_jetpack_memberships_contains_paywalled_content":false,"_jetpack_memberships_contains_paid_content":false,"footnotes":"","jetpack_publicize_message":"","jetpack_publicize_feature_enabled":true,"jetpack_social_post_already_shared":true,"jetpack_social_options":{"image_generator_settings":{"template":"highway","default_image_id":0,"font":"","enabled":false},"version":2},"_links_to":"","_links_to_target":""},"categories":[831,862],"tags":[],"class_list":["post-11313","post","type-post","status-publish","format-standard","has-post-thumbnail","hentry","category-cirok","category-gesepedan"],"jetpack_publicize_connections":[],"jetpack_featured_media_url":"https:\/\/i0.wp.com\/hskurd.org\/wp-content\/uploads\/2025\/06\/%D9%84%D9%82%D8%B7%D8%A9-%D8%A7%D9%84%D8%B4%D8%A7%D8%B4%D8%A9-2025-06-12-122034.jpg?fit=989%2C568&ssl=1","jetpack-related-posts":[{"id":10996,"url":"https:\/\/hskurd.org\/?p=10996&lang=ku","url_meta":{"origin":11313,"position":0},"title":"\u00censiyat\u00eefeke \u00eensan\u00ee ji bo al\u00eekariya gel\u00ea me y\u00ea li perava S\u00fbriyey\u00ea","author":"user55","date":"16 \u0645\u0627\u0631\u0633\u060c 2025","format":false,"excerpt":"\u00a0 Ji ber b\u00fbyer\u00ean bi \u00ea\u015f li berava S\u00fbriy\u00ea \u00fb xirab\u00fbna rew\u015fa mirov\u00ee li wir ji ber k\u00eamb\u00fbna bersivdayina al\u00eekariya mirov\u00ee , me Heyva Sor a Kurd bi insiyat\u00eefa civaka siv\u00eel li Bakur\u00ea Rojhilat\u00ea S\u00fbriy\u00ea \u00fb bi hevr\u00eazkirina bi dezgeh\u00ean p\u00eawend\u00eedar re, dest bi amadekariya karwaneke al\u00eekariy\u00ean mirov\u00ee kir ku\u2026","rel":"","context":"\u0641\u064a &quot;\u00c7\u00eerok&quot;","block_context":{"text":"\u00c7\u00eerok","link":"https:\/\/hskurd.org\/?cat=831&lang=ku"},"img":{"alt_text":"","src":"https:\/\/i0.wp.com\/hskurd.org\/wp-content\/uploads\/2025\/03\/a061514c-e002-4c9d-bc6a-e3b019ebebbc.jpeg?fit=1200%2C800&ssl=1&resize=350%2C200","width":350,"height":200,"srcset":"https:\/\/i0.wp.com\/hskurd.org\/wp-content\/uploads\/2025\/03\/a061514c-e002-4c9d-bc6a-e3b019ebebbc.jpeg?fit=1200%2C800&ssl=1&resize=350%2C200 1x, https:\/\/i0.wp.com\/hskurd.org\/wp-content\/uploads\/2025\/03\/a061514c-e002-4c9d-bc6a-e3b019ebebbc.jpeg?fit=1200%2C800&ssl=1&resize=525%2C300 1.5x, https:\/\/i0.wp.com\/hskurd.org\/wp-content\/uploads\/2025\/03\/a061514c-e002-4c9d-bc6a-e3b019ebebbc.jpeg?fit=1200%2C800&ssl=1&resize=700%2C400 2x, https:\/\/i0.wp.com\/hskurd.org\/wp-content\/uploads\/2025\/03\/a061514c-e002-4c9d-bc6a-e3b019ebebbc.jpeg?fit=1200%2C800&ssl=1&resize=1050%2C600 3x"},"classes":[]},{"id":7079,"url":"https:\/\/hskurd.org\/?p=7079&lang=ku","url_meta":{"origin":11313,"position":1},"title":"Buroya Parastin\u00ea z\u00eadetir li ser pirsgir\u00eak\u00ean jinan r\u00fbni\u015ftinan p\u00eak t\u00eene","author":"Sozdar","date":"16 \u0645\u0627\u0631\u0633\u060c 2023","format":false,"excerpt":"t\u00eema me ya buroya parastin\u00ea r\u00eaz\u00ean r\u00fbni\u015ftinan \u00fb ders\u00ean xwe y\u00ean li ser pirsgir\u00eak\u00ean jinan \u00fb maf\u00ean wan bi jin\u00ean kamp\u00ea re didom\u00eene \u00fb bi r\u00eaya wan mijar\u00ean( zewaca bi dar\u00ea zor\u00ea \u00fb zewaca temen bi\u00e7\u00fbkan \u00fb karkirina zarokan, desdir\u00eaj\u00ee) , Di van r\u00fbni\u015ftinan de n\u00eeqa\u015f\u00ean hevpar t\u00ean me\u015fandin \u00fb\u2026","rel":"","context":"\u0641\u064a &quot;Parastin&quot;","block_context":{"text":"Parastin","link":"https:\/\/hskurd.org\/?cat=840&lang=ku"},"img":{"alt_text":"","src":"https:\/\/i0.wp.com\/hskurd.org\/wp-content\/uploads\/2023\/03\/DSC_0066-scaled.jpg?fit=1200%2C800&ssl=1&resize=350%2C200","width":350,"height":200,"srcset":"https:\/\/i0.wp.com\/hskurd.org\/wp-content\/uploads\/2023\/03\/DSC_0066-scaled.jpg?fit=1200%2C800&ssl=1&resize=350%2C200 1x, https:\/\/i0.wp.com\/hskurd.org\/wp-content\/uploads\/2023\/03\/DSC_0066-scaled.jpg?fit=1200%2C800&ssl=1&resize=525%2C300 1.5x, https:\/\/i0.wp.com\/hskurd.org\/wp-content\/uploads\/2023\/03\/DSC_0066-scaled.jpg?fit=1200%2C800&ssl=1&resize=700%2C400 2x, https:\/\/i0.wp.com\/hskurd.org\/wp-content\/uploads\/2023\/03\/DSC_0066-scaled.jpg?fit=1200%2C800&ssl=1&resize=1050%2C600 3x"},"classes":[]},{"id":6788,"url":"https:\/\/hskurd.org\/?p=6788&lang=ku","url_meta":{"origin":11313,"position":2},"title":"La\u015fmanya \u00fb dermankirina w\u00ea li navend\u00ean Heyva Sor a Kurd","author":"Sozdar","date":"10 \u0646\u0648\u0641\u0645\u0628\u0631\u060c 2022","format":false,"excerpt":"Di van dem\u00ean daw\u00een de gelek axaftin li ser belavb\u00fbna la\u015fmanyay\u00ea di nav ko\u00e7ber\u00ean s\u00fbriy\u00ea de li hem\u00ee teminan b\u00eatir\u00ee deverek\u00ee penaber b\u00fby\u00ee hene, ew nexwe\u015fiyeke \u00e7erm e ku bandor\u00ea li hem\u00fb kom\u00ean temam dike \u00fb di forma nod\u00fbleya sor de xuya dike, ku dibe sedema bir\u00een\u00ean ulserat\u00ee heta \u00e7end\u2026","rel":"","context":"\u0641\u064a &quot;Rapor&quot;","block_context":{"text":"Rapor","link":"https:\/\/hskurd.org\/?cat=206&lang=ku"},"img":{"alt_text":"","src":"https:\/\/i0.wp.com\/hskurd.org\/wp-content\/uploads\/2022\/11\/952A9945-scaled.jpg?fit=1200%2C800&ssl=1&resize=350%2C200","width":350,"height":200,"srcset":"https:\/\/i0.wp.com\/hskurd.org\/wp-content\/uploads\/2022\/11\/952A9945-scaled.jpg?fit=1200%2C800&ssl=1&resize=350%2C200 1x, https:\/\/i0.wp.com\/hskurd.org\/wp-content\/uploads\/2022\/11\/952A9945-scaled.jpg?fit=1200%2C800&ssl=1&resize=525%2C300 1.5x, https:\/\/i0.wp.com\/hskurd.org\/wp-content\/uploads\/2022\/11\/952A9945-scaled.jpg?fit=1200%2C800&ssl=1&resize=700%2C400 2x, https:\/\/i0.wp.com\/hskurd.org\/wp-content\/uploads\/2022\/11\/952A9945-scaled.jpg?fit=1200%2C800&ssl=1&resize=1050%2C600 3x"},"classes":[]},{"id":7901,"url":"https:\/\/hskurd.org\/?p=7901&lang=ku","url_meta":{"origin":11313,"position":3},"title":"Heyva Sor a Kurd konferansa xwe ya s\u00eayem\u00een li darx\u0131st \u00fb hevserokatiyeke n\u00fb hilb\u0131jart","author":"neruda","date":"24 \u0646\u0648\u0641\u0645\u0628\u0631\u060c 2023","format":false,"excerpt":"\u00cero \u00cen\u00ea, R\u00eaxistina Heyva Sor a Kurd li bajar\u00ea Qami\u015flo s\u00eayem\u00een konferansa xwe bi d\u0131ru\u015fmeya \u201cBi h\u00eav\u00ee \u00fb hevkar\u00ee ji bo avakirina pa\u015ferojeke b\u0131 ron\u00ee \u201d l\u0131 darx\u0131st bi amadeb\u00fbna endam, kadroy\u00ean bij\u00ee\u015fk\u00ee \u00fb r\u00eaxistin\u00ean hevkar di xebat\u00ean mirov\u00ee de li. Tev\u00ee hejmarek ji berpirs\u00ean R\u00eaveberiya Xweser a Bakur \u00fb\u2026","rel":"","context":"\u0641\u064a &quot;Ge\u015fep\u00eadan&quot;","block_context":{"text":"Ge\u015fep\u00eadan","link":"https:\/\/hskurd.org\/?cat=862&lang=ku"},"img":{"alt_text":"","src":"https:\/\/i0.wp.com\/hskurd.org\/wp-content\/uploads\/2023\/11\/952A0191-copy-scaled.jpg?fit=1200%2C800&ssl=1&resize=350%2C200","width":350,"height":200,"srcset":"https:\/\/i0.wp.com\/hskurd.org\/wp-content\/uploads\/2023\/11\/952A0191-copy-scaled.jpg?fit=1200%2C800&ssl=1&resize=350%2C200 1x, https:\/\/i0.wp.com\/hskurd.org\/wp-content\/uploads\/2023\/11\/952A0191-copy-scaled.jpg?fit=1200%2C800&ssl=1&resize=525%2C300 1.5x, https:\/\/i0.wp.com\/hskurd.org\/wp-content\/uploads\/2023\/11\/952A0191-copy-scaled.jpg?fit=1200%2C800&ssl=1&resize=700%2C400 2x, https:\/\/i0.wp.com\/hskurd.org\/wp-content\/uploads\/2023\/11\/952A0191-copy-scaled.jpg?fit=1200%2C800&ssl=1&resize=1050%2C600 3x"},"classes":[]},{"id":11655,"url":"https:\/\/hskurd.org\/?p=11655&lang=ku","url_meta":{"origin":11313,"position":4},"title":"Projeya Av \u00fb J\u00eengeh\u00ea: Ber bi Perwerde \u00fb Tenduristiya saxlem ve","author":"user55","date":"9 \u0633\u0628\u062a\u0645\u0628\u0631\u060c 2025","format":false,"excerpt":"https:\/\/youtu.be\/-wl__LMHsPg?si=a3OmyZY_NOXmj07b Heyva Sor a Kurd, bi pi\u015ftgiriya \"Area Metropolitana de Barcelona (AMB)\", Projeya Av \u00fb J\u00eengeh\u00ea ji bo Civak \u00fb Navend\u00ean Perwerdehiy\u00ea di sala 2024\/2025 an de bi daw\u00ee kir. Di v\u00ea projey\u00ea de: \u2022 N\u00fbjenkirina 15 bax\u00e7ey\u00ean zarokan li Kantona Cez\u00eer\u00ea \u00fb du dibistan\u00ean li \u015eahbay\u00ea. \u2022 Xebitandina b\u00eerek\u2026","rel":"","context":"\u0641\u064a &quot;Be\u015f\u00ea WASH&quot;","block_context":{"text":"Be\u015f\u00ea WASH","link":"https:\/\/hskurd.org\/?cat=855&lang=ku"},"img":{"alt_text":"","src":"https:\/\/i0.wp.com\/hskurd.org\/wp-content\/uploads\/2025\/09\/%D9%A2%D9%A0%D9%A2%D9%A5%D9%A0%D9%A5%D9%A1%D9%A8_%D9%A0%D9%A9%D9%A5%D9%A7%D9%A4%D9%A0-scaled.jpg?fit=1200%2C675&ssl=1&resize=350%2C200","width":350,"height":200,"srcset":"https:\/\/i0.wp.com\/hskurd.org\/wp-content\/uploads\/2025\/09\/%D9%A2%D9%A0%D9%A2%D9%A5%D9%A0%D9%A5%D9%A1%D9%A8_%D9%A0%D9%A9%D9%A5%D9%A7%D9%A4%D9%A0-scaled.jpg?fit=1200%2C675&ssl=1&resize=350%2C200 1x, https:\/\/i0.wp.com\/hskurd.org\/wp-content\/uploads\/2025\/09\/%D9%A2%D9%A0%D9%A2%D9%A5%D9%A0%D9%A5%D9%A1%D9%A8_%D9%A0%D9%A9%D9%A5%D9%A7%D9%A4%D9%A0-scaled.jpg?fit=1200%2C675&ssl=1&resize=525%2C300 1.5x, https:\/\/i0.wp.com\/hskurd.org\/wp-content\/uploads\/2025\/09\/%D9%A2%D9%A0%D9%A2%D9%A5%D9%A0%D9%A5%D9%A1%D9%A8_%D9%A0%D9%A9%D9%A5%D9%A7%D9%A4%D9%A0-scaled.jpg?fit=1200%2C675&ssl=1&resize=700%2C400 2x, https:\/\/i0.wp.com\/hskurd.org\/wp-content\/uploads\/2025\/09\/%D9%A2%D9%A0%D9%A2%D9%A5%D9%A0%D9%A5%D9%A1%D9%A8_%D9%A0%D9%A9%D9%A5%D9%A7%D9%A4%D9%A0-scaled.jpg?fit=1200%2C675&ssl=1&resize=1050%2C600 3x"},"classes":[]},{"id":12783,"url":"https:\/\/hskurd.org\/?p=12783&lang=ku","url_meta":{"origin":11313,"position":5},"title":"R\u00eaw\u00eetiya jiy\u00een\u00ea bi gavek\u00ea dest p\u00ea dike","author":"user55","date":"28 \u0623\u0628\u0631\u064a\u0644\u060c 2026","format":false,"excerpt":"https:\/\/youtu.be\/1vV7Czewfb8?si=3n8PIPBm9HlN8-X7 Ji gundewar\u00ea Qam\u00ee\u015fl\u00ee, Cel\u00eela Sil\u00eaman qet nizanib\u00fb ku serdaneke sade bo kl\u00een\u00eekeke mob\u00eel d\u00ea bi tevah\u00ee r\u00ea\u00e7a jiyana w\u00ea biguher\u00eene\u2026 \u00c7\u00eerok li wir dest p\u00ea kir, \u00fb nexwe\u015fiya w\u00ea li wir hat d\u00eetin. Te\u015fh\u00eesa kansera malzarok\u00ea, \u00fb r\u00eaw\u00eetiyeke dermankirin\u00ea ya dijwar ku bi d\u00fbrah\u00ee \u00fb l\u00ea\u00e7\u00fbn\u00ean r\u00eaw\u00eetiy\u00ea ve gir\u00eaday\u00ee\u2026","rel":"","context":"\u0641\u064a &quot;\u00c7\u00eerok&quot;","block_context":{"text":"\u00c7\u00eerok","link":"https:\/\/hskurd.org\/?cat=831&lang=ku"},"img":{"alt_text":"","src":"https:\/\/i0.wp.com\/img.youtube.com\/vi\/1vV7Czewfb8\/0.jpg?resize=350%2C200","width":350,"height":200},"classes":[]}],"jetpack_sharing_enabled":true,"_links":{"self":[{"href":"https:\/\/hskurd.org\/index.php?rest_route=\/wp\/v2\/posts\/11313","targetHints":{"allow":["GET"]}}],"collection":[{"href":"https:\/\/hskurd.org\/index.php?rest_route=\/wp\/v2\/posts"}],"about":[{"href":"https:\/\/hskurd.org\/index.php?rest_route=\/wp\/v2\/types\/post"}],"author":[{"embeddable":true,"href":"https:\/\/hskurd.org\/index.php?rest_route=\/wp\/v2\/users\/8"}],"replies":[{"embeddable":true,"href":"https:\/\/hskurd.org\/index.php?rest_route=%2Fwp%2Fv2%2Fcomments&post=11313"}],"version-history":[{"count":2,"href":"https:\/\/hskurd.org\/index.php?rest_route=\/wp\/v2\/posts\/11313\/revisions"}],"predecessor-version":[{"id":11315,"href":"https:\/\/hskurd.org\/index.php?rest_route=\/wp\/v2\/posts\/11313\/revisions\/11315"}],"wp:featuredmedia":[{"embeddable":true,"href":"https:\/\/hskurd.org\/index.php?rest_route=\/wp\/v2\/media\/11276"}],"wp:attachment":[{"href":"https:\/\/hskurd.org\/index.php?rest_route=%2Fwp%2Fv2%2Fmedia&parent=11313"}],"wp:term":[{"taxonomy":"category","embeddable":true,"href":"https:\/\/hskurd.org\/index.php?rest_route=%2Fwp%2Fv2%2Fcategories&post=11313"},{"taxonomy":"post_tag","embeddable":true,"href":"https:\/\/hskurd.org\/index.php?rest_route=%2Fwp%2Fv2%2Ftags&post=11313"}],"curies":[{"name":"wp","href":"https:\/\/api.w.org\/{rel}","templated":true}]}}