{"id":11298,"date":"2025-06-16T11:12:16","date_gmt":"2025-06-16T08:12:16","guid":{"rendered":"https:\/\/hskurd.org\/?p=11298"},"modified":"2025-06-16T11:12:16","modified_gmt":"2025-06-16T08:12:16","slug":"insiyatifen-nujen-ji-bo-pistgiriya-nexwsan-u-tevlikirina-wan-di-nava-civake-de","status":"publish","type":"post","link":"https:\/\/hskurd.org\/?p=11298&lang=ku","title":{"rendered":"insiyat\u00eef\u00ean n\u00fbjen ji bo pi\u015ftgiriya nexw\u015fan \u00fb tevl\u00eekirina wan di nava civak\u00ea de"},"content":{"rendered":"<p><span class=\"embed-youtube\" style=\"text-align:center; display: block;\"><iframe loading=\"lazy\" class=\"youtube-player\" width=\"1500\" height=\"844\" src=\"https:\/\/www.youtube.com\/embed\/NW829YKNyyI?version=3&#038;rel=1&#038;showsearch=0&#038;showinfo=1&#038;iv_load_policy=1&#038;fs=1&#038;hl=ar&#038;autohide=2&#038;wmode=transparent\" allowfullscreen=\"true\" style=\"border:0;\" sandbox=\"allow-scripts allow-same-origin allow-popups allow-presentation allow-popups-to-escape-sandbox\"><\/iframe><\/span><\/p>\n<p>Wek\u00ee gaveke n\u00fb, li ser \u00e7alak\u00ee \u00fb xizmet\u00ean nexwe\u015fxaneya onkoloj\u00ee, \u015fewat \u00fb telas\u00eemiyay\u00ea t\u00ea z\u00eadekirin, niha di riya komek \u00eens\u00eeyat\u00eef\u00ean n\u00fbjen \u00ean ku bi taybet ji bo pi\u015ftgiriya nexwe\u015f\u00ean zarok \u00fb ciwan hatine \u00e7\u00eakirin, xebat t\u00ean me\u015fandin. Ev \u00een\u00ees\u00eeyat\u00eef armanc dikin ku wan di riya h\u00eazkirin \u00fb f\u00earb\u00fbna p\u00ee\u015fey\u00ean n\u00fb, tev\u00ee civak\u00ea bikin, di nav de f\u00earbuy\u00eena perwerdey\u00ean hem\u015f\u00eer\u00ee, perwerdey\u00ean ziman\u00ea Ingil\u00eez\u00ee, \u00e7alakiy\u00ean pi\u015ftgiriya ps\u00eekoloj\u00eek \u00fb her wek\u00ee din di dema may\u00eena wan a li nexwe\u015fxaney\u00ea ji bo dermankirin\u00ea.<\/p>\n","protected":false},"excerpt":{"rendered":"<p>Wek\u00ee gaveke n\u00fb, li ser \u00e7alak\u00ee \u00fb xizmet\u00ean nexwe\u015fxaneya onkoloj\u00ee, \u015fewat \u00fb telas\u00eemiyay\u00ea t\u00ea z\u00eadekirin, niha di riya komek \u00eens\u00eeyat\u00eef\u00ean n\u00fbjen \u00ean ku bi taybet ji bo pi\u015ftgiriya nexwe\u015f\u00ean zarok \u00fb ciwan hatine \u00e7\u00eakirin, xebat t\u00ean me\u015fandin. Ev \u00een\u00ees\u00eeyat\u00eef armanc dikin ku wan di riya h\u00eazkirin \u00fb f\u00earb\u00fbna p\u00ee\u015fey\u00ean n\u00fb, tev\u00ee civak\u00ea bikin, di nav [&hellip;]<\/p>\n","protected":false},"author":8,"featured_media":11280,"comment_status":"open","ping_status":"open","sticky":false,"template":"","format":"standard","meta":{"give_campaign_id":0,"ngg_post_thumbnail":0,"jetpack_post_was_ever_published":false,"_jetpack_newsletter_access":"","_jetpack_dont_email_post_to_subs":false,"_jetpack_newsletter_tier_id":0,"_jetpack_memberships_contains_paywalled_content":false,"_jetpack_memberships_contains_paid_content":false,"footnotes":"","jetpack_publicize_message":"","jetpack_publicize_feature_enabled":true,"jetpack_social_post_already_shared":true,"jetpack_social_options":{"image_generator_settings":{"template":"highway","default_image_id":0,"font":"","enabled":false},"version":2},"_links_to":"","_links_to_target":""},"categories":[831,862,1486,206],"tags":[],"class_list":["post-11298","post","type-post","status-publish","format-standard","has-post-thumbnail","hentry","category-cirok","category-gesepedan","category-pistgirya-pskologik","category-rapor"],"jetpack_publicize_connections":[],"jetpack_featured_media_url":"https:\/\/i0.wp.com\/hskurd.org\/wp-content\/uploads\/2025\/06\/%D8%AF%D9%85%D8%AC-%D9%85%D8%AC%D8%AA%D9%85%D8%B9.jpg?fit=1153%2C569&ssl=1","jetpack-related-posts":[{"id":6904,"url":"https:\/\/hskurd.org\/?p=6904&lang=ku","url_meta":{"origin":11298,"position":0},"title":"\u00c7\u00eerok\u00ean serkeftin\u00ea li navenda pirot\u00eaza","author":"heyvasorakurd","date":"12 \u064a\u0646\u0627\u064a\u0631\u060c 2023","format":false,"excerpt":"Pi\u015ft\u00ee 5 salan ji \u00ea\u015f ki\u015fandin\u00ea \"Qasim\" yek ji s\u00fbdmend\u00ean xizmet\u00ean Navenda Protez, Dermankirina F\u00eez\u00eek\u00ee \u00fb Pi\u015ftgiriya Der\u00fbn\u00ee ji bo desteka berfireh \u00fb n\u00fbavakirina kes\u00ean astengdar \u00fb bir\u00eendar\u00ean may\u00eende \u00fb malbat\u00ean wan, destp\u00eaka qonaxeke n\u00fb di jiyana xwe de ji me re tekez dike \u00fb kar\u00eena destekday\u00eena malbata xwe ji\u2026","rel":"","context":"\u0641\u064a &quot;\u00c7\u00eerok&quot;","block_context":{"text":"\u00c7\u00eerok","link":"https:\/\/hskurd.org\/?cat=831&lang=ku"},"img":{"alt_text":"","src":"https:\/\/i0.wp.com\/hskurd.org\/wp-content\/uploads\/2023\/01\/%D9%A2%D9%A0%D9%A2%D9%A2%D9%A1%D9%A2%D9%A1%D9%A3_%D9%A1%D9%A1%D9%A0%D9%A1%D9%A0%D9%A9-1-scaled.jpg?fit=1200%2C675&ssl=1&resize=350%2C200","width":350,"height":200,"srcset":"https:\/\/i0.wp.com\/hskurd.org\/wp-content\/uploads\/2023\/01\/%D9%A2%D9%A0%D9%A2%D9%A2%D9%A1%D9%A2%D9%A1%D9%A3_%D9%A1%D9%A1%D9%A0%D9%A1%D9%A0%D9%A9-1-scaled.jpg?fit=1200%2C675&ssl=1&resize=350%2C200 1x, https:\/\/i0.wp.com\/hskurd.org\/wp-content\/uploads\/2023\/01\/%D9%A2%D9%A0%D9%A2%D9%A2%D9%A1%D9%A2%D9%A1%D9%A3_%D9%A1%D9%A1%D9%A0%D9%A1%D9%A0%D9%A9-1-scaled.jpg?fit=1200%2C675&ssl=1&resize=525%2C300 1.5x, https:\/\/i0.wp.com\/hskurd.org\/wp-content\/uploads\/2023\/01\/%D9%A2%D9%A0%D9%A2%D9%A2%D9%A1%D9%A2%D9%A1%D9%A3_%D9%A1%D9%A1%D9%A0%D9%A1%D9%A0%D9%A9-1-scaled.jpg?fit=1200%2C675&ssl=1&resize=700%2C400 2x, https:\/\/i0.wp.com\/hskurd.org\/wp-content\/uploads\/2023\/01\/%D9%A2%D9%A0%D9%A2%D9%A2%D9%A1%D9%A2%D9%A1%D9%A3_%D9%A1%D9%A1%D9%A0%D9%A1%D9%A0%D9%A9-1-scaled.jpg?fit=1200%2C675&ssl=1&resize=1050%2C600 3x"},"classes":[]},{"id":8368,"url":"https:\/\/hskurd.org\/?p=8368&lang=ku","url_meta":{"origin":11298,"position":1},"title":"Di \u00e7ar\u00e7oveya projeya \u201cZero Gemar\u201d de dewrey\u00ean hi\u015fyarkirin\u00ea berdewam dikin","author":"neruda","date":"16 \u0645\u0627\u064a\u0648\u060c 2024","format":false,"excerpt":"Projeya \" Gemar Z\u00eero \" ji bo r\u00eazkirin \u00fb vegerandina bermahiy\u00ean malan ku ji bajar\u00ea Hesek\u00ea dest p\u00ea kir \u00fb bi taybet ji taxa Mift\u00ee wek\u00ee modela p\u00eakan\u00eena projey\u00ea, \u00e7alakiy\u00ean xwe didom\u00eene, di nav de perwerdey\u00ean bilindkirina hi\u015fmendiya civak\u00ea di derbar\u00ea parastina j\u00eengeh\u00ea, naskirina \u00e7alakiy\u00ean proja hey\u00ee, r\u00eabaz\u00ean sererastkirin\u00ea \u00fb\u2026","rel":"","context":"\u0641\u064a &quot;Ge\u015fep\u00eadan&quot;","block_context":{"text":"Ge\u015fep\u00eadan","link":"https:\/\/hskurd.org\/?cat=862&lang=ku"},"img":{"alt_text":"","src":"https:\/\/i0.wp.com\/hskurd.org\/wp-content\/uploads\/2024\/05\/438097568_749255450703090_1871133777367823657_n.jpg?fit=1200%2C800&ssl=1&resize=350%2C200","width":350,"height":200,"srcset":"https:\/\/i0.wp.com\/hskurd.org\/wp-content\/uploads\/2024\/05\/438097568_749255450703090_1871133777367823657_n.jpg?fit=1200%2C800&ssl=1&resize=350%2C200 1x, https:\/\/i0.wp.com\/hskurd.org\/wp-content\/uploads\/2024\/05\/438097568_749255450703090_1871133777367823657_n.jpg?fit=1200%2C800&ssl=1&resize=525%2C300 1.5x, https:\/\/i0.wp.com\/hskurd.org\/wp-content\/uploads\/2024\/05\/438097568_749255450703090_1871133777367823657_n.jpg?fit=1200%2C800&ssl=1&resize=700%2C400 2x, https:\/\/i0.wp.com\/hskurd.org\/wp-content\/uploads\/2024\/05\/438097568_749255450703090_1871133777367823657_n.jpg?fit=1200%2C800&ssl=1&resize=1050%2C600 3x"},"classes":[]},{"id":10877,"url":"https:\/\/hskurd.org\/?p=10877&lang=ku","url_meta":{"origin":11298,"position":2},"title":"Gir\u00eengiya rola malbat\u00ea di pi\u015ftgiriya zarok\u00ean xwed\u00ee p\u00eadiviy\u00ean taybet de","author":"user55","date":"9 \u0641\u0628\u0631\u0627\u064a\u0631\u060c 2025","format":false,"excerpt":"Zarok\u00ean xwed\u00ee p\u00eadiviy\u00ean taybet, p\u00eaw\u00eestiya wan bi t\u00eagihi\u015ftineke k\u00fbr ji hewcedariy\u00ean wan re \u00fb r\u00eavebirineke pak ji malbat\u00ean wan, heye. Malbat ne ten\u00ea j\u00eengeha yekem e ku zarok t\u00ea de mezin dibe, l\u00ea ew \u00e7avkaniya bingeh\u00een a ragirtin \u00fb pi\u015ftgiriya hestyar\u00ee ye j\u00ee. Ev pi\u015ftgir\u00ee dan\u00fbstendina bibandor bi civak\u00ea re\u2026","rel":"","context":"\u0641\u064a &quot;\u00c7\u00eerok&quot;","block_context":{"text":"\u00c7\u00eerok","link":"https:\/\/hskurd.org\/?cat=831&lang=ku"},"img":{"alt_text":"","src":"https:\/\/i0.wp.com\/hskurd.org\/wp-content\/uploads\/2025\/02\/IMG_8269-scaled.jpg?fit=1200%2C800&ssl=1&resize=350%2C200","width":350,"height":200,"srcset":"https:\/\/i0.wp.com\/hskurd.org\/wp-content\/uploads\/2025\/02\/IMG_8269-scaled.jpg?fit=1200%2C800&ssl=1&resize=350%2C200 1x, https:\/\/i0.wp.com\/hskurd.org\/wp-content\/uploads\/2025\/02\/IMG_8269-scaled.jpg?fit=1200%2C800&ssl=1&resize=525%2C300 1.5x, https:\/\/i0.wp.com\/hskurd.org\/wp-content\/uploads\/2025\/02\/IMG_8269-scaled.jpg?fit=1200%2C800&ssl=1&resize=700%2C400 2x, https:\/\/i0.wp.com\/hskurd.org\/wp-content\/uploads\/2025\/02\/IMG_8269-scaled.jpg?fit=1200%2C800&ssl=1&resize=1050%2C600 3x"},"classes":[]},{"id":11223,"url":"https:\/\/hskurd.org\/?p=11223&lang=ku","url_meta":{"origin":11298,"position":3},"title":"Roja p\u00eerikan a c\u00eehan\u00ee","author":"user55","date":"5 \u0645\u0627\u064a\u0648\u060c 2025","format":false,"excerpt":"https:\/\/youtu.be\/YcVBjZRTbeo Her sal di p\u00eanc\u00ea heyva gulan\u00ea de, c\u00eehan roja p\u00eerkan a c\u00eehan\u00ee p\u00eeroz dike , \u00fb nirxandina rola wan di pi\u015ftgiriya tenduristiya dayik \u00fb zarokan de , p\u00ea\u015fxistina hi\u015fmendiya gir\u00eengiya xizmet\u00ean jidayikb\u00fbn\u00ea \u00fb l\u00eaner\u00eena tenduristiya gi\u015ft\u00ee \u00fb al\u00eekariya k\u00eamkirina r\u00eajey\u00ean mirina dayik \u00fb zaroka w\u00ea di qeyranan de dike.\u2026","rel":"","context":"\u0641\u064a &quot;Awarte&quot;","block_context":{"text":"Awarte","link":"https:\/\/hskurd.org\/?cat=848&lang=ku"},"img":{"alt_text":"","src":"https:\/\/i0.wp.com\/hskurd.org\/wp-content\/uploads\/2025\/05\/%D9%84%D9%82%D8%B7%D8%A9-%D8%B4%D8%A7%D8%B4%D8%A9-2025-05-05-095512.png?fit=1200%2C626&ssl=1&resize=350%2C200","width":350,"height":200,"srcset":"https:\/\/i0.wp.com\/hskurd.org\/wp-content\/uploads\/2025\/05\/%D9%84%D9%82%D8%B7%D8%A9-%D8%B4%D8%A7%D8%B4%D8%A9-2025-05-05-095512.png?fit=1200%2C626&ssl=1&resize=350%2C200 1x, https:\/\/i0.wp.com\/hskurd.org\/wp-content\/uploads\/2025\/05\/%D9%84%D9%82%D8%B7%D8%A9-%D8%B4%D8%A7%D8%B4%D8%A9-2025-05-05-095512.png?fit=1200%2C626&ssl=1&resize=525%2C300 1.5x, https:\/\/i0.wp.com\/hskurd.org\/wp-content\/uploads\/2025\/05\/%D9%84%D9%82%D8%B7%D8%A9-%D8%B4%D8%A7%D8%B4%D8%A9-2025-05-05-095512.png?fit=1200%2C626&ssl=1&resize=700%2C400 2x, https:\/\/i0.wp.com\/hskurd.org\/wp-content\/uploads\/2025\/05\/%D9%84%D9%82%D8%B7%D8%A9-%D8%B4%D8%A7%D8%B4%D8%A9-2025-05-05-095512.png?fit=1200%2C626&ssl=1&resize=1050%2C600 3x"},"classes":[]},{"id":5025,"url":"https:\/\/hskurd.org\/?p=5025&lang=ku","url_meta":{"origin":11298,"position":4},"title":"Valahiyeke heval ji bo zarokan li campa Wa\u015fokan\u00ee hat vekirin","author":"Sozdar","date":"23 \u0646\u0648\u0641\u0645\u0628\u0631\u060c 2020","format":false,"excerpt":"\u00a0 Ji ber ku zarok mebesta me ya sereke ne \u00fb ew di destp\u00eaka xizmet\u00ean me y\u00ean tendurst\u00ee \u00fb dir\u00fbn\u00ee de ne , em di heyva sor de hewl didin ku \"roja zaroan ya c\u00eehan\u00ee\" wek hem\u00fb rojan derbas nebe. Lewra t\u00eema parastin\u00ea ya HSK \u00fb qom\u00ceteya parastina zarokan li\u2026","rel":"","context":"\u0641\u064a &quot;Parastin&quot;","block_context":{"text":"Parastin","link":"https:\/\/hskurd.org\/?cat=840&lang=ku"},"img":{"alt_text":"","src":"https:\/\/i0.wp.com\/hskurd.org\/wp-content\/uploads\/2020\/11\/%D9%86%D8%AA%D8%A7-2.jpg?fit=1200%2C800&ssl=1&resize=350%2C200","width":350,"height":200,"srcset":"https:\/\/i0.wp.com\/hskurd.org\/wp-content\/uploads\/2020\/11\/%D9%86%D8%AA%D8%A7-2.jpg?fit=1200%2C800&ssl=1&resize=350%2C200 1x, https:\/\/i0.wp.com\/hskurd.org\/wp-content\/uploads\/2020\/11\/%D9%86%D8%AA%D8%A7-2.jpg?fit=1200%2C800&ssl=1&resize=525%2C300 1.5x, https:\/\/i0.wp.com\/hskurd.org\/wp-content\/uploads\/2020\/11\/%D9%86%D8%AA%D8%A7-2.jpg?fit=1200%2C800&ssl=1&resize=700%2C400 2x, https:\/\/i0.wp.com\/hskurd.org\/wp-content\/uploads\/2020\/11\/%D9%86%D8%AA%D8%A7-2.jpg?fit=1200%2C800&ssl=1&resize=1050%2C600 3x"},"classes":[]},{"id":5146,"url":"https:\/\/hskurd.org\/?p=5146&lang=ku","url_meta":{"origin":11298,"position":5},"title":"kar\u00ea Heyva Sor akurd di 2020an de","author":"Sozdar","date":"15 \u064a\u0646\u0627\u064a\u0631\u060c 2021","format":false,"excerpt":"https:\/\/www.youtube.com\/watch?v=Ge5ptSwLiWk&pbjreload=101 \u00a0 2020 Salake awarte li ser kar\u00ea me di be\u015f\u00ea tendurst\u00ee de b\u00fb, bi belavb\u00fbna vayrosa Kov\u00eed-19 re me di Heyva Sor aKurd de cihek giring \u00fb fireh da bergirtina nexwe\u015fiy\u00ea di riya \u00e7end meken\u00eezman, girngtir\u00een\u00ea w\u00ea bir\u00eavebirina rew\u015fan di riya amadekirina navendan (3navend) be\u015f\u00ean di (5nexwe\u015fxaneyan )de \u00fb\u2026","rel":"","context":"\u0641\u064a &quot;Rapor&quot;","block_context":{"text":"Rapor","link":"https:\/\/hskurd.org\/?cat=206&lang=ku"},"img":{"alt_text":"","src":"https:\/\/i0.wp.com\/hskurd.org\/wp-content\/uploads\/2021\/01\/cropped-%D8%AC%D8%AF%D9%8A%D8%AF-%D9%87%D9%84%D8%A7%D9%84-%D8%A7%D8%AD%D9%85%D8%B1-1-2.jpg?fit=1030%2C1030&ssl=1&resize=350%2C200","width":350,"height":200,"srcset":"https:\/\/i0.wp.com\/hskurd.org\/wp-content\/uploads\/2021\/01\/cropped-%D8%AC%D8%AF%D9%8A%D8%AF-%D9%87%D9%84%D8%A7%D9%84-%D8%A7%D8%AD%D9%85%D8%B1-1-2.jpg?fit=1030%2C1030&ssl=1&resize=350%2C200 1x, https:\/\/i0.wp.com\/hskurd.org\/wp-content\/uploads\/2021\/01\/cropped-%D8%AC%D8%AF%D9%8A%D8%AF-%D9%87%D9%84%D8%A7%D9%84-%D8%A7%D8%AD%D9%85%D8%B1-1-2.jpg?fit=1030%2C1030&ssl=1&resize=525%2C300 1.5x, https:\/\/i0.wp.com\/hskurd.org\/wp-content\/uploads\/2021\/01\/cropped-%D8%AC%D8%AF%D9%8A%D8%AF-%D9%87%D9%84%D8%A7%D9%84-%D8%A7%D8%AD%D9%85%D8%B1-1-2.jpg?fit=1030%2C1030&ssl=1&resize=700%2C400 2x"},"classes":[]}],"jetpack_sharing_enabled":true,"_links":{"self":[{"href":"https:\/\/hskurd.org\/index.php?rest_route=\/wp\/v2\/posts\/11298","targetHints":{"allow":["GET"]}}],"collection":[{"href":"https:\/\/hskurd.org\/index.php?rest_route=\/wp\/v2\/posts"}],"about":[{"href":"https:\/\/hskurd.org\/index.php?rest_route=\/wp\/v2\/types\/post"}],"author":[{"embeddable":true,"href":"https:\/\/hskurd.org\/index.php?rest_route=\/wp\/v2\/users\/8"}],"replies":[{"embeddable":true,"href":"https:\/\/hskurd.org\/index.php?rest_route=%2Fwp%2Fv2%2Fcomments&post=11298"}],"version-history":[{"count":2,"href":"https:\/\/hskurd.org\/index.php?rest_route=\/wp\/v2\/posts\/11298\/revisions"}],"predecessor-version":[{"id":11300,"href":"https:\/\/hskurd.org\/index.php?rest_route=\/wp\/v2\/posts\/11298\/revisions\/11300"}],"wp:featuredmedia":[{"embeddable":true,"href":"https:\/\/hskurd.org\/index.php?rest_route=\/wp\/v2\/media\/11280"}],"wp:attachment":[{"href":"https:\/\/hskurd.org\/index.php?rest_route=%2Fwp%2Fv2%2Fmedia&parent=11298"}],"wp:term":[{"taxonomy":"category","embeddable":true,"href":"https:\/\/hskurd.org\/index.php?rest_route=%2Fwp%2Fv2%2Fcategories&post=11298"},{"taxonomy":"post_tag","embeddable":true,"href":"https:\/\/hskurd.org\/index.php?rest_route=%2Fwp%2Fv2%2Ftags&post=11298"}],"curies":[{"name":"wp","href":"https:\/\/api.w.org\/{rel}","templated":true}]}}