{"id":11243,"date":"2025-05-11T14:50:28","date_gmt":"2025-05-11T11:50:28","guid":{"rendered":"https:\/\/hskurd.org\/?p=11243"},"modified":"2025-05-11T14:50:28","modified_gmt":"2025-05-11T11:50:28","slug":"tabloyen-roniye-li-ser-enerjiya-roje-ji-bo-penaberan-hatin-peskes-kirin","status":"publish","type":"post","link":"https:\/\/hskurd.org\/?p=11243&lang=ku","title":{"rendered":"tabloy\u00ean roniy\u00ea li ser enerjiya roj\u00ea ji bo penaberan hatin p\u00ea\u015fk\u00ea\u015f kirin"},"content":{"rendered":"<p>Hin zehmetiy\u00ean jiyan\u00ee rast\u00ee malbat\u00ean ko\u00e7ber\u00ean Efr\u00een \u00fb \u015eehbay\u00ea li wargehan t\u00ean, ji wan k\u00eamb\u00fbna kehrebey\u00ea li piraniya navendan ku rojane ji bo wan dibe asteng\u00ee. Bi r\u00eaya pilaneke awarte 1700 tabloy\u00ean roniy\u00ea li ser enerjiya roj\u00ea li Qami\u015flo, Hesek\u00ea, Tirbespiy\u00ea, Am\u00fbd\u00ea \u00fb \u00c7il Axa hatin belavkirin. Ev \u00eens\u00eeyat\u00eev, tev\u00ee sadeb\u00fbna w\u00ea li gor\u00ee p\u00eevana hewcedariyan, derfetdide ku malbat j\u00ea s\u00fbd werbigirin,\u00e7i di peydakirina ronah\u00eekirina \u015fev\u00ea an j\u00ee \u015farjkirina hin c\u00eehaz\u00ean bi\u00e7\u00fbk.<\/p>\n<p>&nbsp;<\/p>\n<div class='avia-iframe-wrap'><iframe loading=\"lazy\" title=\"\u062a\u0648\u0632\u064a\u0639 \u0644\u064a\u062f\u0627\u062a \u0637\u0627\u0642\u0629 \u0639\u0644\u0649 \u0645\u0647\u062c\u0631\u064a \u0639\u0641\u0631\u064a\u0646 \u0648\u0627\u0644\u0634\u0647\u0628\u0627\u0621\" width=\"1333\" height=\"1000\" src=\"https:\/\/www.youtube.com\/embed\/BpfwdkNoq9o?feature=oembed\" frameborder=\"0\" allow=\"accelerometer; autoplay; clipboard-write; encrypted-media; gyroscope; picture-in-picture; web-share\" referrerpolicy=\"strict-origin-when-cross-origin\" allowfullscreen><\/iframe><\/div>\n<p>&nbsp;<\/p>\n","protected":false},"excerpt":{"rendered":"<p>Hin zehmetiy\u00ean jiyan\u00ee rast\u00ee malbat\u00ean ko\u00e7ber\u00ean Efr\u00een \u00fb \u015eehbay\u00ea li wargehan t\u00ean, ji wan k\u00eamb\u00fbna kehrebey\u00ea li piraniya navendan ku rojane ji bo wan dibe asteng\u00ee. Bi r\u00eaya pilaneke awarte 1700 tabloy\u00ean roniy\u00ea li ser enerjiya roj\u00ea li Qami\u015flo, Hesek\u00ea, Tirbespiy\u00ea, Am\u00fbd\u00ea \u00fb \u00c7il Axa hatin belavkirin. Ev \u00eens\u00eeyat\u00eev, tev\u00ee sadeb\u00fbna w\u00ea li gor\u00ee p\u00eevana [&hellip;]<\/p>\n","protected":false},"author":8,"featured_media":11237,"comment_status":"open","ping_status":"open","sticky":false,"template":"","format":"standard","meta":{"give_campaign_id":0,"ngg_post_thumbnail":0,"jetpack_post_was_ever_published":false,"_jetpack_newsletter_access":"","_jetpack_dont_email_post_to_subs":false,"_jetpack_newsletter_tier_id":0,"_jetpack_memberships_contains_paywalled_content":false,"_jetpack_memberships_contains_paid_content":false,"footnotes":"","jetpack_publicize_message":"","jetpack_publicize_feature_enabled":true,"jetpack_social_post_already_shared":true,"jetpack_social_options":{"image_generator_settings":{"template":"highway","default_image_id":0,"font":"","enabled":false},"version":2},"_links_to":"","_links_to_target":""},"categories":[862,206],"tags":[],"class_list":["post-11243","post","type-post","status-publish","format-standard","has-post-thumbnail","hentry","category-gesepedan","category-rapor"],"jetpack_publicize_connections":[],"jetpack_featured_media_url":"https:\/\/i0.wp.com\/hskurd.org\/wp-content\/uploads\/2025\/05\/954218a7-f342-4346-8595-de60e2528eb1.jpg?fit=2560%2C1706&ssl=1","jetpack-related-posts":[{"id":11181,"url":"https:\/\/hskurd.org\/?p=11181&lang=ku","url_meta":{"origin":11243,"position":0},"title":"Li bajar\u00ea Qami\u015flo 2 s\u00eestem\u00ean enerjiya roj\u00ea li du dibistanan hatin bicihkirin","author":"user55","date":"23 \u0623\u0628\u0631\u064a\u0644\u060c 2025","format":false,"excerpt":"Di berdewabuy\u00eena kampaniya al\u00eekariy\u00ea \u201c #Solardarity\u201d de ji bo pi\u015ftgir\u00ee \u00fb p\u00ea\u015fxistina enerjiya tav\u00ea wek\u00ee enerjiya alternat\u00eef li her\u00eam\u00ean Bakur \u00fb Rojhilat\u00ea S\u00fbriy\u00ea ku bi pi\u015ftgiriya medico international\/ enerjiya roj\u00ea ji bo Bakur-Rojhilat\u00ea S\u00fbriy\u00ea qonaxa 2em t\u00ea p\u00eakan\u00een, R\u00eaxistina Heyva Sor a Kurd du s\u00eestem\u00ean enerjiya roj\u00ea li du dibistan\u00ean\u2026","rel":"","context":"\u0641\u064a &quot;\u00c7\u00eerok&quot;","block_context":{"text":"\u00c7\u00eerok","link":"https:\/\/hskurd.org\/?cat=831&lang=ku"},"img":{"alt_text":"","src":"https:\/\/i0.wp.com\/hskurd.org\/wp-content\/uploads\/2025\/04\/DSC_0005-scaled.jpg?fit=1200%2C800&ssl=1&resize=350%2C200","width":350,"height":200,"srcset":"https:\/\/i0.wp.com\/hskurd.org\/wp-content\/uploads\/2025\/04\/DSC_0005-scaled.jpg?fit=1200%2C800&ssl=1&resize=350%2C200 1x, https:\/\/i0.wp.com\/hskurd.org\/wp-content\/uploads\/2025\/04\/DSC_0005-scaled.jpg?fit=1200%2C800&ssl=1&resize=525%2C300 1.5x, https:\/\/i0.wp.com\/hskurd.org\/wp-content\/uploads\/2025\/04\/DSC_0005-scaled.jpg?fit=1200%2C800&ssl=1&resize=700%2C400 2x, https:\/\/i0.wp.com\/hskurd.org\/wp-content\/uploads\/2025\/04\/DSC_0005-scaled.jpg?fit=1200%2C800&ssl=1&resize=1050%2C600 3x"},"classes":[]},{"id":11380,"url":"https:\/\/hskurd.org\/?p=11380&lang=ku","url_meta":{"origin":11243,"position":1},"title":"Peydakirina enerjiya roj\u00ea  ji bo b\u00eer\u00ean av\u00ea li gundewar\u00ean Bajar\u00ea Qami\u015flo","author":"user55","date":"1 \u064a\u0648\u0644\u064a\u0648\u060c 2025","format":false,"excerpt":"Di \u00e7ar\u00e7oveya qonaxa duyem\u00een a projeya \"Enerjiya Roj\u00ea ji bo Bakur \u00fb Rojhilat\u00ea Suriy\u00ea\" bi Medico international \u201c re, Heyva Sor a Kurd enerjiya paqij li b\u00eer\u00ean av\u00ea y\u00ean li gund\u00ean Necmok \u00fb Girbaw\u00ee \u00fb Herem Re\u015f z\u00eade kir. Ev gund\u00ean han ji ber neb\u00fbna j\u00eader\u00ean bingeh\u00een\u00ean y\u00ean kehrebey\u00ea, ku\u2026","rel":"","context":"\u0641\u064a &quot;Be\u015f\u00ea WASH&quot;","block_context":{"text":"Be\u015f\u00ea WASH","link":"https:\/\/hskurd.org\/?cat=855&lang=ku"},"img":{"alt_text":"","src":"https:\/\/i0.wp.com\/hskurd.org\/wp-content\/uploads\/2025\/07\/IMG_5664-scaled.jpg?fit=1200%2C674&ssl=1&resize=350%2C200","width":350,"height":200,"srcset":"https:\/\/i0.wp.com\/hskurd.org\/wp-content\/uploads\/2025\/07\/IMG_5664-scaled.jpg?fit=1200%2C674&ssl=1&resize=350%2C200 1x, https:\/\/i0.wp.com\/hskurd.org\/wp-content\/uploads\/2025\/07\/IMG_5664-scaled.jpg?fit=1200%2C674&ssl=1&resize=525%2C300 1.5x, https:\/\/i0.wp.com\/hskurd.org\/wp-content\/uploads\/2025\/07\/IMG_5664-scaled.jpg?fit=1200%2C674&ssl=1&resize=700%2C400 2x, https:\/\/i0.wp.com\/hskurd.org\/wp-content\/uploads\/2025\/07\/IMG_5664-scaled.jpg?fit=1200%2C674&ssl=1&resize=1050%2C600 3x"},"classes":[]},{"id":8521,"url":"https:\/\/hskurd.org\/?p=8521&lang=ku","url_meta":{"origin":11243,"position":2},"title":"AV J\u0130 BO HEZAR\u00caN PENABERAN L\u0130 KAMP\u00caN SHEHBA T\u00ca PEYDAK\u0130R\u0130N","author":"neruda","date":"30 \u064a\u0648\u0644\u064a\u0648\u060c 2024","format":false,"excerpt":"\u00a0 Heyva Sor a Kurd bi pi\u015ftgir\u00ee \u00fb hevkariya \u00a0Area Metropolitana de Barcelona (AMB) \u00a0\u00fb Mezzaluna Rossa Kurdistan Italia Onlus \u00a0\u00eensiyat\u00eefeke gir\u00eeng ji bo avakirina du b\u00eer\u00ean ku bi s\u00eestema enerjiya roj\u00ea hatine amadekirin, p\u00eak an\u00ee. Armanc\u00ean v\u00ea projey\u00ea ew e ku \u00e7areseriy\u00ean domdar peyda bike da ku bigih\u00eejin ava\u2026","rel":"","context":"\u0641\u064a &quot;Be\u015f\u00ea WASH&quot;","block_context":{"text":"Be\u015f\u00ea WASH","link":"https:\/\/hskurd.org\/?cat=855&lang=ku"},"img":{"alt_text":"","src":"https:\/\/i0.wp.com\/hskurd.org\/wp-content\/uploads\/2024\/07\/IMG_20240730_141556_250.jpg?fit=1200%2C800&ssl=1&resize=350%2C200","width":350,"height":200,"srcset":"https:\/\/i0.wp.com\/hskurd.org\/wp-content\/uploads\/2024\/07\/IMG_20240730_141556_250.jpg?fit=1200%2C800&ssl=1&resize=350%2C200 1x, https:\/\/i0.wp.com\/hskurd.org\/wp-content\/uploads\/2024\/07\/IMG_20240730_141556_250.jpg?fit=1200%2C800&ssl=1&resize=525%2C300 1.5x, https:\/\/i0.wp.com\/hskurd.org\/wp-content\/uploads\/2024\/07\/IMG_20240730_141556_250.jpg?fit=1200%2C800&ssl=1&resize=700%2C400 2x, https:\/\/i0.wp.com\/hskurd.org\/wp-content\/uploads\/2024\/07\/IMG_20240730_141556_250.jpg?fit=1200%2C800&ssl=1&resize=1050%2C600 3x"},"classes":[]},{"id":11619,"url":"https:\/\/hskurd.org\/?p=11619&lang=ku","url_meta":{"origin":11243,"position":3},"title":"Ji bo dab\u00eenkirina p\u00eadiviy\u00ean ni\u015ftecih\u00ean bajar\u00ea Qam\u00ee\u015flo du b\u00eer hatin kolandin","author":"user55","date":"28 \u0623\u063a\u0633\u0637\u0633\u060c 2025","format":false,"excerpt":"https:\/\/youtube.com\/shorts\/nVoRlm1vP8k?si=bxOTelchfrGtJyNY Ji bo bersivday\u00eena p\u00eadiviy\u00ean gel\u00ea her\u00eam\u00ea \u00fb bi hevkariy\u00ea ya R\u00eaveberiya Av\u00ea \u00fb \u015earedariya Qami\u015flo, Heyva Sor a Kurd bi pi\u015ftgiriya \u00c0rea Metropolitana de Barcelona (AMB), projeya \"Bersiva Awarte ya av\u00ea\" p\u00eak an\u00ee. Di \u00e7ar\u00e7oveya v\u00ea projey\u00ea de, du b\u00eer li tax\u00ean Alaya \u00fb Hilaliya hatin kolandin \u00fb bi\u2026","rel":"","context":"\u0641\u064a &quot;Al\u00eekar\u00ee&quot;","block_context":{"text":"Al\u00eekar\u00ee","link":"https:\/\/hskurd.org\/?cat=2169&lang=ku"},"img":{"alt_text":"","src":"https:\/\/i0.wp.com\/hskurd.org\/wp-content\/uploads\/2025\/08\/%D8%A7%D9%8A%D8%A7%D8%A4.jpg?fit=1080%2C720&ssl=1&resize=350%2C200","width":350,"height":200,"srcset":"https:\/\/i0.wp.com\/hskurd.org\/wp-content\/uploads\/2025\/08\/%D8%A7%D9%8A%D8%A7%D8%A4.jpg?fit=1080%2C720&ssl=1&resize=350%2C200 1x, https:\/\/i0.wp.com\/hskurd.org\/wp-content\/uploads\/2025\/08\/%D8%A7%D9%8A%D8%A7%D8%A4.jpg?fit=1080%2C720&ssl=1&resize=525%2C300 1.5x, https:\/\/i0.wp.com\/hskurd.org\/wp-content\/uploads\/2025\/08\/%D8%A7%D9%8A%D8%A7%D8%A4.jpg?fit=1080%2C720&ssl=1&resize=700%2C400 2x, https:\/\/i0.wp.com\/hskurd.org\/wp-content\/uploads\/2025\/08\/%D8%A7%D9%8A%D8%A7%D8%A4.jpg?fit=1080%2C720&ssl=1&resize=1050%2C600 3x"},"classes":[]},{"id":5146,"url":"https:\/\/hskurd.org\/?p=5146&lang=ku","url_meta":{"origin":11243,"position":4},"title":"kar\u00ea Heyva Sor akurd di 2020an de","author":"Sozdar","date":"15 \u064a\u0646\u0627\u064a\u0631\u060c 2021","format":false,"excerpt":"https:\/\/www.youtube.com\/watch?v=Ge5ptSwLiWk&pbjreload=101 \u00a0 2020 Salake awarte li ser kar\u00ea me di be\u015f\u00ea tendurst\u00ee de b\u00fb, bi belavb\u00fbna vayrosa Kov\u00eed-19 re me di Heyva Sor aKurd de cihek giring \u00fb fireh da bergirtina nexwe\u015fiy\u00ea di riya \u00e7end meken\u00eezman, girngtir\u00een\u00ea w\u00ea bir\u00eavebirina rew\u015fan di riya amadekirina navendan (3navend) be\u015f\u00ean di (5nexwe\u015fxaneyan )de \u00fb\u2026","rel":"","context":"\u0641\u064a &quot;Rapor&quot;","block_context":{"text":"Rapor","link":"https:\/\/hskurd.org\/?cat=206&lang=ku"},"img":{"alt_text":"","src":"https:\/\/i0.wp.com\/hskurd.org\/wp-content\/uploads\/2021\/01\/cropped-%D8%AC%D8%AF%D9%8A%D8%AF-%D9%87%D9%84%D8%A7%D9%84-%D8%A7%D8%AD%D9%85%D8%B1-1-2.jpg?fit=1030%2C1030&ssl=1&resize=350%2C200","width":350,"height":200,"srcset":"https:\/\/i0.wp.com\/hskurd.org\/wp-content\/uploads\/2021\/01\/cropped-%D8%AC%D8%AF%D9%8A%D8%AF-%D9%87%D9%84%D8%A7%D9%84-%D8%A7%D8%AD%D9%85%D8%B1-1-2.jpg?fit=1030%2C1030&ssl=1&resize=350%2C200 1x, https:\/\/i0.wp.com\/hskurd.org\/wp-content\/uploads\/2021\/01\/cropped-%D8%AC%D8%AF%D9%8A%D8%AF-%D9%87%D9%84%D8%A7%D9%84-%D8%A7%D8%AD%D9%85%D8%B1-1-2.jpg?fit=1030%2C1030&ssl=1&resize=525%2C300 1.5x, https:\/\/i0.wp.com\/hskurd.org\/wp-content\/uploads\/2021\/01\/cropped-%D8%AC%D8%AF%D9%8A%D8%AF-%D9%87%D9%84%D8%A7%D9%84-%D8%A7%D8%AD%D9%85%D8%B1-1-2.jpg?fit=1030%2C1030&ssl=1&resize=700%2C400 2x"},"classes":[]},{"id":7578,"url":"https:\/\/hskurd.org\/?p=7578&lang=ku","url_meta":{"origin":11243,"position":5},"title":"Al\u00eekariya lezk\u00een ji bo du zarokan Ji ber teq\u00eena bermahiy\u00ean \u015fer li Tel Temr\u00ea","author":"heyvasorakurd","date":"6 \u0633\u0628\u062a\u0645\u0628\u0631\u060c 2023","format":false,"excerpt":"Duh, Du\u015fem\u00ea, Heyva Sor a Kurd, di encama teq\u00eena may\u00een\u00ean \u015fer de, al\u00eekariya yekem \u00fb bilez p\u00ea\u015fk\u00ea\u015f\u00ee du zarok\u00ean ji gund\u00ea El-Selamsa li gundewar\u00ea Til Temir\u00ea kirin, ku piraniya bir\u00eenan di zik \u00fb ling\u00ean wan de b\u00fbn. Pi\u015ft\u00ee p\u00ea\u015fk\u00ea\u015fkirina al\u00eekariy\u00ean lezg\u00een \u00fb p\u00eaw\u00eest, ji bo dermankirin\u00ea bo nexwe\u015fxaney\u00ean bajar\u00ea Hesek\u00ea\u2026","rel":"","context":"\u0641\u064a &quot;Awarte&quot;","block_context":{"text":"Awarte","link":"https:\/\/hskurd.org\/?cat=848&lang=ku"},"img":{"alt_text":"","src":"https:\/\/i0.wp.com\/hskurd.org\/wp-content\/uploads\/2023\/09\/374203029_614110440884259_7169837901949093302_n-1.jpg?fit=1080%2C674&ssl=1&resize=350%2C200","width":350,"height":200,"srcset":"https:\/\/i0.wp.com\/hskurd.org\/wp-content\/uploads\/2023\/09\/374203029_614110440884259_7169837901949093302_n-1.jpg?fit=1080%2C674&ssl=1&resize=350%2C200 1x, https:\/\/i0.wp.com\/hskurd.org\/wp-content\/uploads\/2023\/09\/374203029_614110440884259_7169837901949093302_n-1.jpg?fit=1080%2C674&ssl=1&resize=525%2C300 1.5x, https:\/\/i0.wp.com\/hskurd.org\/wp-content\/uploads\/2023\/09\/374203029_614110440884259_7169837901949093302_n-1.jpg?fit=1080%2C674&ssl=1&resize=700%2C400 2x, https:\/\/i0.wp.com\/hskurd.org\/wp-content\/uploads\/2023\/09\/374203029_614110440884259_7169837901949093302_n-1.jpg?fit=1080%2C674&ssl=1&resize=1050%2C600 3x"},"classes":[]}],"jetpack_sharing_enabled":true,"_links":{"self":[{"href":"https:\/\/hskurd.org\/index.php?rest_route=\/wp\/v2\/posts\/11243","targetHints":{"allow":["GET"]}}],"collection":[{"href":"https:\/\/hskurd.org\/index.php?rest_route=\/wp\/v2\/posts"}],"about":[{"href":"https:\/\/hskurd.org\/index.php?rest_route=\/wp\/v2\/types\/post"}],"author":[{"embeddable":true,"href":"https:\/\/hskurd.org\/index.php?rest_route=\/wp\/v2\/users\/8"}],"replies":[{"embeddable":true,"href":"https:\/\/hskurd.org\/index.php?rest_route=%2Fwp%2Fv2%2Fcomments&post=11243"}],"version-history":[{"count":2,"href":"https:\/\/hskurd.org\/index.php?rest_route=\/wp\/v2\/posts\/11243\/revisions"}],"predecessor-version":[{"id":11344,"href":"https:\/\/hskurd.org\/index.php?rest_route=\/wp\/v2\/posts\/11243\/revisions\/11344"}],"wp:featuredmedia":[{"embeddable":true,"href":"https:\/\/hskurd.org\/index.php?rest_route=\/wp\/v2\/media\/11237"}],"wp:attachment":[{"href":"https:\/\/hskurd.org\/index.php?rest_route=%2Fwp%2Fv2%2Fmedia&parent=11243"}],"wp:term":[{"taxonomy":"category","embeddable":true,"href":"https:\/\/hskurd.org\/index.php?rest_route=%2Fwp%2Fv2%2Fcategories&post=11243"},{"taxonomy":"post_tag","embeddable":true,"href":"https:\/\/hskurd.org\/index.php?rest_route=%2Fwp%2Fv2%2Ftags&post=11243"}],"curies":[{"name":"wp","href":"https:\/\/api.w.org\/{rel}","templated":true}]}}