{"id":11223,"date":"2025-05-05T12:56:28","date_gmt":"2025-05-05T09:56:28","guid":{"rendered":"https:\/\/hskurd.org\/?p=11223"},"modified":"2025-05-05T12:56:28","modified_gmt":"2025-05-05T09:56:28","slug":"roja-pirikan-a-cihani","status":"publish","type":"post","link":"https:\/\/hskurd.org\/?p=11223&lang=ku","title":{"rendered":"Roja p\u00eerikan a c\u00eehan\u00ee"},"content":{"rendered":"<p><span class=\"embed-youtube\" style=\"text-align:center; display: block;\"><iframe loading=\"lazy\" class=\"youtube-player\" width=\"1500\" height=\"844\" src=\"https:\/\/www.youtube.com\/embed\/YcVBjZRTbeo?version=3&#038;rel=1&#038;showsearch=0&#038;showinfo=1&#038;iv_load_policy=1&#038;fs=1&#038;hl=ar&#038;autohide=2&#038;wmode=transparent\" allowfullscreen=\"true\" style=\"border:0;\" sandbox=\"allow-scripts allow-same-origin allow-popups allow-presentation allow-popups-to-escape-sandbox\"><\/iframe><\/span><\/p>\n<div dir=\"auto\">Her sal di p\u00eanc\u00ea heyva gulan\u00ea de, c\u00eehan roja p\u00eerkan a c\u00eehan\u00ee p\u00eeroz dike , \u00fb nirxandina rola wan di pi\u015ftgiriya tenduristiya dayik \u00fb zarokan de , p\u00ea\u015fxistina hi\u015fmendiya gir\u00eengiya xizmet\u00ean jidayikb\u00fbn\u00ea \u00fb l\u00eaner\u00eena tenduristiya gi\u015ft\u00ee \u00fb al\u00eekariya k\u00eamkirina r\u00eajey\u00ean mirina dayik \u00fb zaroka w\u00ea di qeyranan de dike.<\/div>\n<div dir=\"auto\">Li Heyva Sor a Kurd em hewl didin ku j\u00eengeha kar ba\u015ftir bikin, perwerdey\u00ean domdar ji bo p\u00eerkan peyda bikin \u00fb xurtkirina zanista wan, ji bo peydakirina ba\u015ftir\u00een l\u00eanih\u00ear\u00eena day\u00eek \u00fb zaroka w\u00ea, bal\u00ea diki\u015f\u00eenin ser pirsgir\u00eak\u00ean ku t\u00ean jiyan kirin \u00fb \u00e7avkaniy\u00ean p\u00eaw\u00eest ji bo p\u00ea\u015fxistina encam\u00ean tenduristiy\u00ea peyda dikin. Em spas\u00eeya hem\u00fb p\u00eerik\u00ean c\u00eehan\u00ea dikin, li ser ked \u00fb rola wan a mirovah\u00ee \u00fb sereke di tendirist\u00eeya zayind\u00ee de.<\/div>\n","protected":false},"excerpt":{"rendered":"<p>Her sal di p\u00eanc\u00ea heyva gulan\u00ea de, c\u00eehan roja p\u00eerkan a c\u00eehan\u00ee p\u00eeroz dike , \u00fb nirxandina rola wan di pi\u015ftgiriya tenduristiya dayik \u00fb zarokan de , p\u00ea\u015fxistina hi\u015fmendiya gir\u00eengiya xizmet\u00ean jidayikb\u00fbn\u00ea \u00fb l\u00eaner\u00eena tenduristiya gi\u015ft\u00ee \u00fb al\u00eekariya k\u00eamkirina r\u00eajey\u00ean mirina dayik \u00fb zaroka w\u00ea di qeyranan de dike. Li Heyva Sor a Kurd em [&hellip;]<\/p>\n","protected":false},"author":8,"featured_media":11217,"comment_status":"open","ping_status":"open","sticky":false,"template":"","format":"standard","meta":{"give_campaign_id":0,"ngg_post_thumbnail":0,"jetpack_post_was_ever_published":false,"_jetpack_newsletter_access":"","_jetpack_dont_email_post_to_subs":false,"_jetpack_newsletter_tier_id":0,"_jetpack_memberships_contains_paywalled_content":false,"_jetpack_memberships_contains_paid_content":false,"footnotes":"","jetpack_publicize_message":"","jetpack_publicize_feature_enabled":true,"jetpack_social_post_already_shared":true,"jetpack_social_options":{"image_generator_settings":{"template":"highway","default_image_id":0,"font":"","enabled":false},"version":2},"_links_to":"","_links_to_target":""},"categories":[848,844,206,846],"tags":[],"class_list":["post-11223","post","type-post","status-publish","format-standard","has-post-thumbnail","hentry","category-awarte","category-perwerdehiya-tenduristi","category-rapor","category-tenduristi"],"jetpack_publicize_connections":[],"jetpack_featured_media_url":"https:\/\/i0.wp.com\/hskurd.org\/wp-content\/uploads\/2025\/05\/%D9%84%D9%82%D8%B7%D8%A9-%D8%B4%D8%A7%D8%B4%D8%A9-2025-05-05-095512.png?fit=1242%2C648&ssl=1","jetpack-related-posts":[{"id":5025,"url":"https:\/\/hskurd.org\/?p=5025&lang=ku","url_meta":{"origin":11223,"position":0},"title":"Valahiyeke heval ji bo zarokan li campa Wa\u015fokan\u00ee hat vekirin","author":"Sozdar","date":"23 \u0646\u0648\u0641\u0645\u0628\u0631\u060c 2020","format":false,"excerpt":"\u00a0 Ji ber ku zarok mebesta me ya sereke ne \u00fb ew di destp\u00eaka xizmet\u00ean me y\u00ean tendurst\u00ee \u00fb dir\u00fbn\u00ee de ne , em di heyva sor de hewl didin ku \"roja zaroan ya c\u00eehan\u00ee\" wek hem\u00fb rojan derbas nebe. Lewra t\u00eema parastin\u00ea ya HSK \u00fb qom\u00ceteya parastina zarokan li\u2026","rel":"","context":"\u0641\u064a &quot;Parastin&quot;","block_context":{"text":"Parastin","link":"https:\/\/hskurd.org\/?cat=840&lang=ku"},"img":{"alt_text":"","src":"https:\/\/i0.wp.com\/hskurd.org\/wp-content\/uploads\/2020\/11\/%D9%86%D8%AA%D8%A7-2.jpg?fit=1200%2C800&ssl=1&resize=350%2C200","width":350,"height":200,"srcset":"https:\/\/i0.wp.com\/hskurd.org\/wp-content\/uploads\/2020\/11\/%D9%86%D8%AA%D8%A7-2.jpg?fit=1200%2C800&ssl=1&resize=350%2C200 1x, https:\/\/i0.wp.com\/hskurd.org\/wp-content\/uploads\/2020\/11\/%D9%86%D8%AA%D8%A7-2.jpg?fit=1200%2C800&ssl=1&resize=525%2C300 1.5x, https:\/\/i0.wp.com\/hskurd.org\/wp-content\/uploads\/2020\/11\/%D9%86%D8%AA%D8%A7-2.jpg?fit=1200%2C800&ssl=1&resize=700%2C400 2x, https:\/\/i0.wp.com\/hskurd.org\/wp-content\/uploads\/2020\/11\/%D9%86%D8%AA%D8%A7-2.jpg?fit=1200%2C800&ssl=1&resize=1050%2C600 3x"},"classes":[]},{"id":6935,"url":"https:\/\/hskurd.org\/?p=6935&lang=ku","url_meta":{"origin":11223,"position":1},"title":"Ji bo raya gi\u015ft\u00ee ya c\u00eehan\u00ee","author":"Sozdar","date":"22 \u0641\u0628\u0631\u0627\u064a\u0631\u060c 2023","format":false,"excerpt":"Erdheja ku di 6 sibats 2023an de r\u00fbda ,b\u00fb sedema karesateke mirov\u00ee \u00fb zirareke mezin ji bo xelk\u00ean her\u00eam\u00ea ku heta v\u00ea gav\u00ea di aloziyeke ji\u0131yan\u00ee de mane. Li ser v\u00ea yek\u00ea mirovahiya c\u00eehan\u00ee \u00fb ya her\u00eam\u00ea ket nava hewldana el\u00eekariyeke pir mezin a mad\u00ee \u00fb manew\u00ee ji bo xelk\u00ean\u2026","rel":"","context":"\u0641\u064a &quot;Rapor&quot;","block_context":{"text":"Rapor","link":"https:\/\/hskurd.org\/?cat=206&lang=ku"},"img":{"alt_text":"","src":"https:\/\/i0.wp.com\/hskurd.org\/wp-content\/uploads\/2023\/02\/%D8%A8%D8%AF%D9%88%D9%86-%D8%A7%D8%B3%D9%85325_20230222135539.png?fit=1200%2C1200&ssl=1&resize=350%2C200","width":350,"height":200,"srcset":"https:\/\/i0.wp.com\/hskurd.org\/wp-content\/uploads\/2023\/02\/%D8%A8%D8%AF%D9%88%D9%86-%D8%A7%D8%B3%D9%85325_20230222135539.png?fit=1200%2C1200&ssl=1&resize=350%2C200 1x, https:\/\/i0.wp.com\/hskurd.org\/wp-content\/uploads\/2023\/02\/%D8%A8%D8%AF%D9%88%D9%86-%D8%A7%D8%B3%D9%85325_20230222135539.png?fit=1200%2C1200&ssl=1&resize=525%2C300 1.5x, https:\/\/i0.wp.com\/hskurd.org\/wp-content\/uploads\/2023\/02\/%D8%A8%D8%AF%D9%88%D9%86-%D8%A7%D8%B3%D9%85325_20230222135539.png?fit=1200%2C1200&ssl=1&resize=700%2C400 2x, https:\/\/i0.wp.com\/hskurd.org\/wp-content\/uploads\/2023\/02\/%D8%A8%D8%AF%D9%88%D9%86-%D8%A7%D8%B3%D9%85325_20230222135539.png?fit=1200%2C1200&ssl=1&resize=1050%2C600 3x"},"classes":[]},{"id":7532,"url":"https:\/\/hskurd.org\/?p=7532&lang=ku","url_meta":{"origin":11223,"position":2},"title":"li ser gir\u00eengiya \u015f\u00eerdana xwezay\u00ee perwerde berdewam e","author":"heyvasorakurd","date":"29 \u0623\u063a\u0633\u0637\u0633\u060c 2023","format":false,"excerpt":"\u015e\u00eerkirin yek ji ba\u015ftir\u00een veberh\u00eanan\u00ean jiyan\u00ea ye. Bi taybet\u00ee p\u00ea\u015fxistina tendurist\u00ee, civak\u00ee \u00fb abor\u00ee. Di \u00e7ar\u00e7oveya \u00e7alakiy\u00ean Hefteya \u015e\u00eerk\u0131r\u0131na xwezey\u00ee de di meha Tebax\u00ea de, t\u00eem\u00ean perwerdeya tenduristiy\u00ea li nuqtey\u00ean Heyva Sor a Kurd \u00ean li kamp\u00ean Bakur \u00fb Rojhilat\u00ea S\u00fbriy\u00ea li ser day\u00eena agah\u00ee \u00fb \u015f\u00eeretan p\u00ea\u015fk\u00ea\u015f\u00ee dayikan d\u0131k\u0131n\u2026","rel":"","context":"\u0641\u064a &quot;Perwerdehiya tendurist\u00ee&quot;","block_context":{"text":"Perwerdehiya tendurist\u00ee","link":"https:\/\/hskurd.org\/?cat=844&lang=ku"},"img":{"alt_text":"","src":"https:\/\/i0.wp.com\/hskurd.org\/wp-content\/uploads\/2023\/08\/369646238_610683281226975_7929031299978735792_n.webp?fit=1200%2C800&ssl=1&resize=350%2C200","width":350,"height":200,"srcset":"https:\/\/i0.wp.com\/hskurd.org\/wp-content\/uploads\/2023\/08\/369646238_610683281226975_7929031299978735792_n.webp?fit=1200%2C800&ssl=1&resize=350%2C200 1x, https:\/\/i0.wp.com\/hskurd.org\/wp-content\/uploads\/2023\/08\/369646238_610683281226975_7929031299978735792_n.webp?fit=1200%2C800&ssl=1&resize=525%2C300 1.5x, https:\/\/i0.wp.com\/hskurd.org\/wp-content\/uploads\/2023\/08\/369646238_610683281226975_7929031299978735792_n.webp?fit=1200%2C800&ssl=1&resize=700%2C400 2x, https:\/\/i0.wp.com\/hskurd.org\/wp-content\/uploads\/2023\/08\/369646238_610683281226975_7929031299978735792_n.webp?fit=1200%2C800&ssl=1&resize=1050%2C600 3x"},"classes":[]},{"id":7096,"url":"https:\/\/hskurd.org\/?p=7096&lang=ku","url_meta":{"origin":11223,"position":3},"title":"&#8220;Bersiva h\u00eaviy\u00ea di day\u00eena we de ye&#8221;","author":"heyvasorakurd","date":"23 \u0645\u0627\u0631\u0633\u060c 2023","format":false,"excerpt":"Bersiva h\u00eaviy\u00ea di day\u00eena we de ye\" Fitre \u00fb zekata xwe bidin ji bo kes\u00ean p\u00eadiviya wan bi al\u00eekariy\u00ea heye Ji Bo Gel\u00ean Me \u00fb Hem\u00fb P\u00eakhatye Musilman li Bakur \u00fb Rojhilat\u00ea Sur\u00ee Erk\u00ea hem\u00fb bawermenda ye bi hatina rojiya remezan\u00ea ya p\u00eeroz re , hem\u00fb kes\u00ean ku p\u00eaw\u00eestiya wan\u2026","rel":"","context":"\u0641\u064a &quot;b\u00ea kategoriyan&quot;","block_context":{"text":"b\u00ea kategoriyan","link":"https:\/\/hskurd.org\/?cat=85&lang=ku"},"img":{"alt_text":"","src":"https:\/\/i0.wp.com\/hskurd.org\/wp-content\/uploads\/2023\/03\/%D9%81%D9%8A%D9%84%D9%83%D8%B3-%D8%B2%D9%83%D8%A7%D8%A9-%D8%A7%D9%84%D9%81%D8%B7%D8%B1-3-scaled.jpg?fit=1200%2C800&ssl=1&resize=350%2C200","width":350,"height":200,"srcset":"https:\/\/i0.wp.com\/hskurd.org\/wp-content\/uploads\/2023\/03\/%D9%81%D9%8A%D9%84%D9%83%D8%B3-%D8%B2%D9%83%D8%A7%D8%A9-%D8%A7%D9%84%D9%81%D8%B7%D8%B1-3-scaled.jpg?fit=1200%2C800&ssl=1&resize=350%2C200 1x, https:\/\/i0.wp.com\/hskurd.org\/wp-content\/uploads\/2023\/03\/%D9%81%D9%8A%D9%84%D9%83%D8%B3-%D8%B2%D9%83%D8%A7%D8%A9-%D8%A7%D9%84%D9%81%D8%B7%D8%B1-3-scaled.jpg?fit=1200%2C800&ssl=1&resize=525%2C300 1.5x, https:\/\/i0.wp.com\/hskurd.org\/wp-content\/uploads\/2023\/03\/%D9%81%D9%8A%D9%84%D9%83%D8%B3-%D8%B2%D9%83%D8%A7%D8%A9-%D8%A7%D9%84%D9%81%D8%B7%D8%B1-3-scaled.jpg?fit=1200%2C800&ssl=1&resize=700%2C400 2x, https:\/\/i0.wp.com\/hskurd.org\/wp-content\/uploads\/2023\/03\/%D9%81%D9%8A%D9%84%D9%83%D8%B3-%D8%B2%D9%83%D8%A7%D8%A9-%D8%A7%D9%84%D9%81%D8%B7%D8%B1-3-scaled.jpg?fit=1200%2C800&ssl=1&resize=1050%2C600 3x"},"classes":[]},{"id":8201,"url":"https:\/\/hskurd.org\/?p=8201&lang=ku","url_meta":{"origin":11223,"position":4},"title":"R\u00eaxistina Heyva Sor a Kurd \u00e7ar heval\u00ean xwe oxir dike","author":"neruda","date":"27 \u0645\u0627\u0631\u0633\u060c 2024","format":false,"excerpt":"Em R\u00eaxistina Heyva Sor a Kurd bi xemg\u00eeniyeke mezin \u00e7ar r\u00eaheval\u00ean xwe : Luay Mihemed Bekir, Hesen Ebdulrehman Heydo, Mihemed Ebdullah El-Osman, El\u00ee Osman El-Cas\u00eem radigh\u00eenin , ku di roja p\u00eanc\u015fem\u00ea 14-03-2024an de li ser r\u00eaya D\u00earezor\u00ea di encama qezayeke traf\u00eek\u00ea ya bi \u00ea\u015f de jiyana xwe ji dest dan\u2026","rel":"","context":"\u0641\u064a &quot;Awarte&quot;","block_context":{"text":"Awarte","link":"https:\/\/hskurd.org\/?cat=848&lang=ku"},"img":{"alt_text":"","src":"https:\/\/i0.wp.com\/hskurd.org\/wp-content\/uploads\/2021\/01\/cropped-%D8%AC%D8%AF%D9%8A%D8%AF-%D9%87%D9%84%D8%A7%D9%84-%D8%A7%D8%AD%D9%85%D8%B1-1-2.jpg?fit=1030%2C1030&ssl=1&resize=350%2C200","width":350,"height":200,"srcset":"https:\/\/i0.wp.com\/hskurd.org\/wp-content\/uploads\/2021\/01\/cropped-%D8%AC%D8%AF%D9%8A%D8%AF-%D9%87%D9%84%D8%A7%D9%84-%D8%A7%D8%AD%D9%85%D8%B1-1-2.jpg?fit=1030%2C1030&ssl=1&resize=350%2C200 1x, https:\/\/i0.wp.com\/hskurd.org\/wp-content\/uploads\/2021\/01\/cropped-%D8%AC%D8%AF%D9%8A%D8%AF-%D9%87%D9%84%D8%A7%D9%84-%D8%A7%D8%AD%D9%85%D8%B1-1-2.jpg?fit=1030%2C1030&ssl=1&resize=525%2C300 1.5x, https:\/\/i0.wp.com\/hskurd.org\/wp-content\/uploads\/2021\/01\/cropped-%D8%AC%D8%AF%D9%8A%D8%AF-%D9%87%D9%84%D8%A7%D9%84-%D8%A7%D8%AD%D9%85%D8%B1-1-2.jpg?fit=1030%2C1030&ssl=1&resize=700%2C400 2x"},"classes":[]},{"id":11678,"url":"https:\/\/hskurd.org\/?p=11678&lang=ku","url_meta":{"origin":11223,"position":5},"title":"Belavkirina al\u00eekariy\u00ean mirov\u00ee li ser ko\u00e7beran","author":"user55","date":"18 \u0633\u0628\u062a\u0645\u0628\u0631\u060c 2025","format":false,"excerpt":"https:\/\/youtube.com\/shorts\/pwT4lNVpHG4?si=OUSagZCABKDi4JLg Heyva Sor a Kurd\u00ee berdewam dike bi xebat\u00ean xwe ya mirovah\u00ee, bi belavkirina seleted\u00ean xwarin\u00ea ji bo ko\u00e7ber\u00ean ji Ser\u00ea Kaniy\u00ea ku niha li nav navenda penaberiyan li Hesek\u00ea dij\u00een. Belavkirin li ser 37 dibistan\u00ean ku wek\u00ee navenda penaberiyan hatine tay\u00een kirin hate xebitandin, \u00fb ji w\u00ea re z\u00eadetir\u2026","rel":"","context":"\u0641\u064a &quot;Ge\u015fep\u00eadan&quot;","block_context":{"text":"Ge\u015fep\u00eadan","link":"https:\/\/hskurd.org\/?cat=862&lang=ku"},"img":{"alt_text":"","src":"https:\/\/i0.wp.com\/hskurd.org\/wp-content\/uploads\/2025\/09\/IMG_8592-scaled.jpg?fit=1200%2C800&ssl=1&resize=350%2C200","width":350,"height":200,"srcset":"https:\/\/i0.wp.com\/hskurd.org\/wp-content\/uploads\/2025\/09\/IMG_8592-scaled.jpg?fit=1200%2C800&ssl=1&resize=350%2C200 1x, https:\/\/i0.wp.com\/hskurd.org\/wp-content\/uploads\/2025\/09\/IMG_8592-scaled.jpg?fit=1200%2C800&ssl=1&resize=525%2C300 1.5x, https:\/\/i0.wp.com\/hskurd.org\/wp-content\/uploads\/2025\/09\/IMG_8592-scaled.jpg?fit=1200%2C800&ssl=1&resize=700%2C400 2x, https:\/\/i0.wp.com\/hskurd.org\/wp-content\/uploads\/2025\/09\/IMG_8592-scaled.jpg?fit=1200%2C800&ssl=1&resize=1050%2C600 3x"},"classes":[]}],"jetpack_sharing_enabled":true,"_links":{"self":[{"href":"https:\/\/hskurd.org\/index.php?rest_route=\/wp\/v2\/posts\/11223","targetHints":{"allow":["GET"]}}],"collection":[{"href":"https:\/\/hskurd.org\/index.php?rest_route=\/wp\/v2\/posts"}],"about":[{"href":"https:\/\/hskurd.org\/index.php?rest_route=\/wp\/v2\/types\/post"}],"author":[{"embeddable":true,"href":"https:\/\/hskurd.org\/index.php?rest_route=\/wp\/v2\/users\/8"}],"replies":[{"embeddable":true,"href":"https:\/\/hskurd.org\/index.php?rest_route=%2Fwp%2Fv2%2Fcomments&post=11223"}],"version-history":[{"count":2,"href":"https:\/\/hskurd.org\/index.php?rest_route=\/wp\/v2\/posts\/11223\/revisions"}],"predecessor-version":[{"id":11225,"href":"https:\/\/hskurd.org\/index.php?rest_route=\/wp\/v2\/posts\/11223\/revisions\/11225"}],"wp:featuredmedia":[{"embeddable":true,"href":"https:\/\/hskurd.org\/index.php?rest_route=\/wp\/v2\/media\/11217"}],"wp:attachment":[{"href":"https:\/\/hskurd.org\/index.php?rest_route=%2Fwp%2Fv2%2Fmedia&parent=11223"}],"wp:term":[{"taxonomy":"category","embeddable":true,"href":"https:\/\/hskurd.org\/index.php?rest_route=%2Fwp%2Fv2%2Fcategories&post=11223"},{"taxonomy":"post_tag","embeddable":true,"href":"https:\/\/hskurd.org\/index.php?rest_route=%2Fwp%2Fv2%2Ftags&post=11223"}],"curies":[{"name":"wp","href":"https:\/\/api.w.org\/{rel}","templated":true}]}}