{"id":11118,"date":"2025-04-11T12:19:46","date_gmt":"2025-04-11T09:19:46","guid":{"rendered":"https:\/\/hskurd.org\/?p=11118"},"modified":"2025-04-11T12:19:46","modified_gmt":"2025-04-11T09:19:46","slug":"duyemin-karwane-mirovi-ber-bi-perava-suriye-ve-dice","status":"publish","type":"post","link":"https:\/\/hskurd.org\/?p=11118&lang=ku","title":{"rendered":"Duyem\u00een karwan\u00ea mirov\u00ee ber bi perava S\u00fbr\u00eey\u00ea ve di\u00e7e"},"content":{"rendered":"<p>Duyem\u00een karwan\u00ea mirov\u00ee di nava hemleya \u00eensiyat\u00eefa gel\u00ear\u00ee li Bakur \u00fb Rojhilat\u00ea S\u00fbriy\u00ea de ji bo al\u00eekariya gel\u00ea me li berava S\u00fbriyey\u00ea destp\u00eakir. karwan\u00ea ku ji 14 hezar selikan p\u00eak , di nav de 12 hezar selik\u00ean xwarin\u00ea \u00fb du hezar selik\u00ean paqijiy\u00ea ne , ji aliy\u00ea gel\u00ea bakur rojhilat\u00ea S\u00fbriy\u00ea, \u00censyat\u00eefa Jinan, Komeleya Mezopotamiya \u00fb Heyva Sor a Kurd ve hatine p\u00ea\u015fk\u00ea\u015fkirin.<\/p>\n","protected":false},"excerpt":{"rendered":"<p>Duyem\u00een karwan\u00ea mirov\u00ee di nava hemleya \u00eensiyat\u00eefa gel\u00ear\u00ee li Bakur \u00fb Rojhilat\u00ea S\u00fbriy\u00ea de ji bo al\u00eekariya gel\u00ea me li berava S\u00fbriyey\u00ea destp\u00eakir. karwan\u00ea ku ji 14 hezar selikan p\u00eak , di nav de 12 hezar selik\u00ean xwarin\u00ea \u00fb du hezar selik\u00ean paqijiy\u00ea ne , ji aliy\u00ea gel\u00ea bakur rojhilat\u00ea S\u00fbriy\u00ea, \u00censyat\u00eefa Jinan, Komeleya Mezopotamiya [&hellip;]<\/p>\n","protected":false},"author":8,"featured_media":11112,"comment_status":"open","ping_status":"open","sticky":false,"template":"","format":"standard","meta":{"give_campaign_id":0,"ngg_post_thumbnail":0,"jetpack_post_was_ever_published":false,"_jetpack_newsletter_access":"","_jetpack_dont_email_post_to_subs":false,"_jetpack_newsletter_tier_id":0,"_jetpack_memberships_contains_paywalled_content":false,"_jetpack_memberships_contains_paid_content":false,"footnotes":"","jetpack_publicize_message":"","jetpack_publicize_feature_enabled":true,"jetpack_social_post_already_shared":true,"jetpack_social_options":{"image_generator_settings":{"template":"highway","default_image_id":0,"font":"","enabled":false},"version":2},"_links_to":"","_links_to_target":""},"categories":[2169,831,206],"tags":[],"class_list":["post-11118","post","type-post","status-publish","format-standard","has-post-thumbnail","hentry","category-alikari","category-cirok","category-rapor"],"jetpack_publicize_connections":[],"jetpack_featured_media_url":"https:\/\/i0.wp.com\/hskurd.org\/wp-content\/uploads\/2025\/04\/489988222_966698265625473_6487612280954548920_n.jpg?fit=2048%2C1365&ssl=1","jetpack-related-posts":[{"id":10996,"url":"https:\/\/hskurd.org\/?p=10996&lang=ku","url_meta":{"origin":11118,"position":0},"title":"\u00censiyat\u00eefeke \u00eensan\u00ee ji bo al\u00eekariya gel\u00ea me y\u00ea li perava S\u00fbriyey\u00ea","author":"user55","date":"16 \u0645\u0627\u0631\u0633\u060c 2025","format":false,"excerpt":"\u00a0 Ji ber b\u00fbyer\u00ean bi \u00ea\u015f li berava S\u00fbriy\u00ea \u00fb xirab\u00fbna rew\u015fa mirov\u00ee li wir ji ber k\u00eamb\u00fbna bersivdayina al\u00eekariya mirov\u00ee , me Heyva Sor a Kurd bi insiyat\u00eefa civaka siv\u00eel li Bakur\u00ea Rojhilat\u00ea S\u00fbriy\u00ea \u00fb bi hevr\u00eazkirina bi dezgeh\u00ean p\u00eawend\u00eedar re, dest bi amadekariya karwaneke al\u00eekariy\u00ean mirov\u00ee kir ku\u2026","rel":"","context":"\u0641\u064a &quot;\u00c7\u00eerok&quot;","block_context":{"text":"\u00c7\u00eerok","link":"https:\/\/hskurd.org\/?cat=831&lang=ku"},"img":{"alt_text":"","src":"https:\/\/i0.wp.com\/hskurd.org\/wp-content\/uploads\/2025\/03\/a061514c-e002-4c9d-bc6a-e3b019ebebbc.jpeg?fit=1200%2C800&ssl=1&resize=350%2C200","width":350,"height":200,"srcset":"https:\/\/i0.wp.com\/hskurd.org\/wp-content\/uploads\/2025\/03\/a061514c-e002-4c9d-bc6a-e3b019ebebbc.jpeg?fit=1200%2C800&ssl=1&resize=350%2C200 1x, https:\/\/i0.wp.com\/hskurd.org\/wp-content\/uploads\/2025\/03\/a061514c-e002-4c9d-bc6a-e3b019ebebbc.jpeg?fit=1200%2C800&ssl=1&resize=525%2C300 1.5x, https:\/\/i0.wp.com\/hskurd.org\/wp-content\/uploads\/2025\/03\/a061514c-e002-4c9d-bc6a-e3b019ebebbc.jpeg?fit=1200%2C800&ssl=1&resize=700%2C400 2x, https:\/\/i0.wp.com\/hskurd.org\/wp-content\/uploads\/2025\/03\/a061514c-e002-4c9d-bc6a-e3b019ebebbc.jpeg?fit=1200%2C800&ssl=1&resize=1050%2C600 3x"},"classes":[]},{"id":8479,"url":"https:\/\/hskurd.org\/?p=8479&lang=ku","url_meta":{"origin":11118,"position":1},"title":"Heyva Sor a Kurd kampanyeke berfireh ya p\u00ea\u015fxistina civak\u00ea p\u00eak t\u00eene","author":"neruda","date":"14 \u064a\u0648\u0644\u064a\u0648\u060c 2024","format":false,"excerpt":"Bi armanca pi\u015ftgirtina bersivday\u00eena lezg\u00een \u00fb l\u00eaner\u00eena bij\u00ee\u015fk\u00ee \u00fb peydakirina p\u00eadiviy\u00ean kes\u00ean ku ji karesat\u00ean xwezay\u00ee \u00fb kr\u00eezan bandor dibin , bi pi\u015ftgiriya r\u00eaxistina \" Medico international \" \u00fb hevkariya \u00e7end destey\u00ean her\u00eam\u00ee ,Heyva Sor a Kurd dest bi kampanyeke berfireh li her\u00eam\u00ean Bakur \u00fb Rojhilat\u00ea S\u00fbriy\u00ea \u00fb Bakur \u00fb\u2026","rel":"","context":"\u0641\u064a &quot;Awarte&quot;","block_context":{"text":"Awarte","link":"https:\/\/hskurd.org\/?cat=848&lang=ku"},"img":{"alt_text":"","src":"https:\/\/i0.wp.com\/hskurd.org\/wp-content\/uploads\/2024\/07\/44444.png?fit=1200%2C828&ssl=1&resize=350%2C200","width":350,"height":200,"srcset":"https:\/\/i0.wp.com\/hskurd.org\/wp-content\/uploads\/2024\/07\/44444.png?fit=1200%2C828&ssl=1&resize=350%2C200 1x, https:\/\/i0.wp.com\/hskurd.org\/wp-content\/uploads\/2024\/07\/44444.png?fit=1200%2C828&ssl=1&resize=525%2C300 1.5x, https:\/\/i0.wp.com\/hskurd.org\/wp-content\/uploads\/2024\/07\/44444.png?fit=1200%2C828&ssl=1&resize=700%2C400 2x, https:\/\/i0.wp.com\/hskurd.org\/wp-content\/uploads\/2024\/07\/44444.png?fit=1200%2C828&ssl=1&resize=1050%2C600 3x"},"classes":[]},{"id":7901,"url":"https:\/\/hskurd.org\/?p=7901&lang=ku","url_meta":{"origin":11118,"position":2},"title":"Heyva Sor a Kurd konferansa xwe ya s\u00eayem\u00een li darx\u0131st \u00fb hevserokatiyeke n\u00fb hilb\u0131jart","author":"neruda","date":"24 \u0646\u0648\u0641\u0645\u0628\u0631\u060c 2023","format":false,"excerpt":"\u00cero \u00cen\u00ea, R\u00eaxistina Heyva Sor a Kurd li bajar\u00ea Qami\u015flo s\u00eayem\u00een konferansa xwe bi d\u0131ru\u015fmeya \u201cBi h\u00eav\u00ee \u00fb hevkar\u00ee ji bo avakirina pa\u015ferojeke b\u0131 ron\u00ee \u201d l\u0131 darx\u0131st bi amadeb\u00fbna endam, kadroy\u00ean bij\u00ee\u015fk\u00ee \u00fb r\u00eaxistin\u00ean hevkar di xebat\u00ean mirov\u00ee de li. Tev\u00ee hejmarek ji berpirs\u00ean R\u00eaveberiya Xweser a Bakur \u00fb\u2026","rel":"","context":"\u0641\u064a &quot;Ge\u015fep\u00eadan&quot;","block_context":{"text":"Ge\u015fep\u00eadan","link":"https:\/\/hskurd.org\/?cat=862&lang=ku"},"img":{"alt_text":"","src":"https:\/\/i0.wp.com\/hskurd.org\/wp-content\/uploads\/2023\/11\/952A0191-copy-scaled.jpg?fit=1200%2C800&ssl=1&resize=350%2C200","width":350,"height":200,"srcset":"https:\/\/i0.wp.com\/hskurd.org\/wp-content\/uploads\/2023\/11\/952A0191-copy-scaled.jpg?fit=1200%2C800&ssl=1&resize=350%2C200 1x, https:\/\/i0.wp.com\/hskurd.org\/wp-content\/uploads\/2023\/11\/952A0191-copy-scaled.jpg?fit=1200%2C800&ssl=1&resize=525%2C300 1.5x, https:\/\/i0.wp.com\/hskurd.org\/wp-content\/uploads\/2023\/11\/952A0191-copy-scaled.jpg?fit=1200%2C800&ssl=1&resize=700%2C400 2x, https:\/\/i0.wp.com\/hskurd.org\/wp-content\/uploads\/2023\/11\/952A0191-copy-scaled.jpg?fit=1200%2C800&ssl=1&resize=1050%2C600 3x"},"classes":[]},{"id":11951,"url":"https:\/\/hskurd.org\/?p=11951&lang=ku","url_meta":{"origin":11118,"position":3},"title":"Daxuyaniya \u015fermezarkirin \u00fb \u015fermezarkirina \u00ear\u00ee\u015f\u00ean li ser navend\u00ean tenduristiy\u00ea li Bakur \u00fb Rojhilat\u00ea S\u00fbriy\u00ea","author":"user55","date":"24 \u0641\u0628\u0631\u0627\u064a\u0631\u060c 2026","format":false,"excerpt":"Daxuyaniya \u015eermezarkirina \u00car\u00ee\u015f\u00ean li ser Navend\u00ean Tenduristiy\u00ea \u00fb Karmend\u00ean Bij\u00ee\u015fk\u00ee li Bakur \u00fb Rojhilat\u00ea S\u00fbriyey\u00ea Em li Heyva Sor a Kurd, li ser bingeha erk\u00ea xwe y\u00ea mirov\u00ee, hem\u00fb \u00ear\u00ee\u015f\u00ean ku navend\u00ean tenduristiy\u00ea, karmend\u00ean bij\u00ee\u015fk\u00ee \u00fb r\u00eaxistin\u00ean al\u00eekariy\u00ea li Bakur \u00fb Rojhilat\u00ea S\u00fbriyey\u00ea hedef digirin bi tund\u00ee \u015fermezar dikin. \u00car\u00ee\u015fa\u2026","rel":"","context":"\u0641\u064a &quot;Rapor&quot;","block_context":{"text":"Rapor","link":"https:\/\/hskurd.org\/?cat=206&lang=ku"},"img":{"alt_text":"","src":"https:\/\/i0.wp.com\/hskurd.org\/wp-content\/uploads\/2026\/02\/616189932_1181428474152450_2742318992070712677_n.jpg?fit=1200%2C800&ssl=1&resize=350%2C200","width":350,"height":200,"srcset":"https:\/\/i0.wp.com\/hskurd.org\/wp-content\/uploads\/2026\/02\/616189932_1181428474152450_2742318992070712677_n.jpg?fit=1200%2C800&ssl=1&resize=350%2C200 1x, https:\/\/i0.wp.com\/hskurd.org\/wp-content\/uploads\/2026\/02\/616189932_1181428474152450_2742318992070712677_n.jpg?fit=1200%2C800&ssl=1&resize=525%2C300 1.5x, https:\/\/i0.wp.com\/hskurd.org\/wp-content\/uploads\/2026\/02\/616189932_1181428474152450_2742318992070712677_n.jpg?fit=1200%2C800&ssl=1&resize=700%2C400 2x, https:\/\/i0.wp.com\/hskurd.org\/wp-content\/uploads\/2026\/02\/616189932_1181428474152450_2742318992070712677_n.jpg?fit=1200%2C800&ssl=1&resize=1050%2C600 3x"},"classes":[]},{"id":11865,"url":"https:\/\/hskurd.org\/?p=11865&lang=ku","url_meta":{"origin":11118,"position":4},"title":"Ko\u00e7berb\u00fbnek e mezin li bakur\u00ea rojhilat\u00ea S\u00fbriy\u00ea","author":"user55","date":"23 \u0641\u0628\u0631\u0627\u064a\u0631\u060c 2026","format":false,"excerpt":"https:\/\/youtu.be\/KGZjVQHmBsA?si=thfR4jaEp2LaMyFp Bakur-rojhilat\u00ea S\u00fbriyey\u00ea rast\u00ee p\u00ealek n\u00fb ya ko\u00e7beriya bi dar\u00ea zor\u00ea t\u00ea ku bandor\u00ea li bi sedan malbatan dike, di nav de y\u00ean ku ber\u00ea ji tax\u00ean \u015e\u00eax Meqs\u00fbd \u00fb E\u015frefiy\u00ea ko\u00e7ber b\u00fbb\u00fbn. Ev siv\u00eel niha careke din di \u015fert \u00fb merc\u00ean mirov\u00ee y\u00ean dijwar de ne, rast\u00ee h\u00eaman\u00ean xwezay\u00ee,\u2026","rel":"","context":"\u0641\u064a &quot;\u00c7\u00eerok&quot;","block_context":{"text":"\u00c7\u00eerok","link":"https:\/\/hskurd.org\/?cat=831&lang=ku"},"img":{"alt_text":"","src":"https:\/\/i0.wp.com\/img.youtube.com\/vi\/KGZjVQHmBsA\/0.jpg?resize=350%2C200","width":350,"height":200},"classes":[]},{"id":7532,"url":"https:\/\/hskurd.org\/?p=7532&lang=ku","url_meta":{"origin":11118,"position":5},"title":"li ser gir\u00eengiya \u015f\u00eerdana xwezay\u00ee perwerde berdewam e","author":"heyvasorakurd","date":"29 \u0623\u063a\u0633\u0637\u0633\u060c 2023","format":false,"excerpt":"\u015e\u00eerkirin yek ji ba\u015ftir\u00een veberh\u00eanan\u00ean jiyan\u00ea ye. Bi taybet\u00ee p\u00ea\u015fxistina tendurist\u00ee, civak\u00ee \u00fb abor\u00ee. Di \u00e7ar\u00e7oveya \u00e7alakiy\u00ean Hefteya \u015e\u00eerk\u0131r\u0131na xwezey\u00ee de di meha Tebax\u00ea de, t\u00eem\u00ean perwerdeya tenduristiy\u00ea li nuqtey\u00ean Heyva Sor a Kurd \u00ean li kamp\u00ean Bakur \u00fb Rojhilat\u00ea S\u00fbriy\u00ea li ser day\u00eena agah\u00ee \u00fb \u015f\u00eeretan p\u00ea\u015fk\u00ea\u015f\u00ee dayikan d\u0131k\u0131n\u2026","rel":"","context":"\u0641\u064a &quot;Perwerdehiya tendurist\u00ee&quot;","block_context":{"text":"Perwerdehiya tendurist\u00ee","link":"https:\/\/hskurd.org\/?cat=844&lang=ku"},"img":{"alt_text":"","src":"https:\/\/i0.wp.com\/hskurd.org\/wp-content\/uploads\/2023\/08\/369646238_610683281226975_7929031299978735792_n.webp?fit=1200%2C800&ssl=1&resize=350%2C200","width":350,"height":200,"srcset":"https:\/\/i0.wp.com\/hskurd.org\/wp-content\/uploads\/2023\/08\/369646238_610683281226975_7929031299978735792_n.webp?fit=1200%2C800&ssl=1&resize=350%2C200 1x, https:\/\/i0.wp.com\/hskurd.org\/wp-content\/uploads\/2023\/08\/369646238_610683281226975_7929031299978735792_n.webp?fit=1200%2C800&ssl=1&resize=525%2C300 1.5x, https:\/\/i0.wp.com\/hskurd.org\/wp-content\/uploads\/2023\/08\/369646238_610683281226975_7929031299978735792_n.webp?fit=1200%2C800&ssl=1&resize=700%2C400 2x, https:\/\/i0.wp.com\/hskurd.org\/wp-content\/uploads\/2023\/08\/369646238_610683281226975_7929031299978735792_n.webp?fit=1200%2C800&ssl=1&resize=1050%2C600 3x"},"classes":[]}],"jetpack_sharing_enabled":true,"_links":{"self":[{"href":"https:\/\/hskurd.org\/index.php?rest_route=\/wp\/v2\/posts\/11118","targetHints":{"allow":["GET"]}}],"collection":[{"href":"https:\/\/hskurd.org\/index.php?rest_route=\/wp\/v2\/posts"}],"about":[{"href":"https:\/\/hskurd.org\/index.php?rest_route=\/wp\/v2\/types\/post"}],"author":[{"embeddable":true,"href":"https:\/\/hskurd.org\/index.php?rest_route=\/wp\/v2\/users\/8"}],"replies":[{"embeddable":true,"href":"https:\/\/hskurd.org\/index.php?rest_route=%2Fwp%2Fv2%2Fcomments&post=11118"}],"version-history":[{"count":1,"href":"https:\/\/hskurd.org\/index.php?rest_route=\/wp\/v2\/posts\/11118\/revisions"}],"predecessor-version":[{"id":11119,"href":"https:\/\/hskurd.org\/index.php?rest_route=\/wp\/v2\/posts\/11118\/revisions\/11119"}],"wp:featuredmedia":[{"embeddable":true,"href":"https:\/\/hskurd.org\/index.php?rest_route=\/wp\/v2\/media\/11112"}],"wp:attachment":[{"href":"https:\/\/hskurd.org\/index.php?rest_route=%2Fwp%2Fv2%2Fmedia&parent=11118"}],"wp:term":[{"taxonomy":"category","embeddable":true,"href":"https:\/\/hskurd.org\/index.php?rest_route=%2Fwp%2Fv2%2Fcategories&post=11118"},{"taxonomy":"post_tag","embeddable":true,"href":"https:\/\/hskurd.org\/index.php?rest_route=%2Fwp%2Fv2%2Ftags&post=11118"}],"curies":[{"name":"wp","href":"https:\/\/api.w.org\/{rel}","templated":true}]}}