{"id":10996,"date":"2025-03-16T14:43:23","date_gmt":"2025-03-16T11:43:23","guid":{"rendered":"https:\/\/hskurd.org\/?p=10996"},"modified":"2025-03-16T14:43:23","modified_gmt":"2025-03-16T11:43:23","slug":"insiyatifeke-insani-ji-bo-alikariya-gele-me-ye-li-perava-suriyeye","status":"publish","type":"post","link":"https:\/\/hskurd.org\/?p=10996&lang=ku","title":{"rendered":"\u00censiyat\u00eefeke \u00eensan\u00ee ji bo al\u00eekariya gel\u00ea me y\u00ea li perava S\u00fbriyey\u00ea"},"content":{"rendered":"<p>&nbsp;<\/p>\n<div class=\"x11i5rnm xat24cr x1mh8g0r x1vvkbs xtlvy1s x126k92a\">\n<div dir=\"auto\">Ji ber b\u00fbyer\u00ean bi \u00ea\u015f li berava S\u00fbriy\u00ea \u00fb xirab\u00fbna rew\u015fa mirov\u00ee li wir ji ber k\u00eamb\u00fbna bersivdayina al\u00eekariya mirov\u00ee , me Heyva Sor a Kurd bi insiyat\u00eefa civaka siv\u00eel li Bakur\u00ea Rojhilat\u00ea S\u00fbriy\u00ea \u00fb bi hevr\u00eazkirina bi dezgeh\u00ean p\u00eawend\u00eedar re, dest bi amadekariya karwaneke al\u00eekariy\u00ean mirov\u00ee kir ku ji her\u00eam\u00ean Bakur \u00fb Rojhilat\u00ea S\u00fbriy\u00ea ber bi berava Suriy\u00ea ve di z\u00fbtir\u00een dem de bigh\u00eaje.<\/div>\n<\/div>\n<div class=\"x11i5rnm xat24cr x1mh8g0r x1vvkbs xtlvy1s x126k92a\">\n<div dir=\"auto\">Em spasiya hem\u00fb saziy\u00ean siv\u00eel , depo \u00fb kompaniyan dikin li ser al\u00eekar\u00ee \u00fb insiyat\u00eef\u00ea \u00fb bi h\u00eaviya a\u015f\u00eetiy\u00ea ji gel\u00ea me y\u00ean li berav\u00ea \u00fb hem\u00fb Suriy\u00ea re dixwazin.<\/div>\n<\/div>\n<div dir=\"auto\"><\/div>\n<p><span class=\"embed-youtube\" style=\"text-align:center; display: block;\"><iframe loading=\"lazy\" class=\"youtube-player\" width=\"1500\" height=\"844\" src=\"https:\/\/www.youtube.com\/embed\/kWqYw3YsAvE?version=3&#038;rel=1&#038;showsearch=0&#038;showinfo=1&#038;iv_load_policy=1&#038;fs=1&#038;hl=ar&#038;autohide=2&#038;wmode=transparent\" allowfullscreen=\"true\" style=\"border:0;\" sandbox=\"allow-scripts allow-same-origin allow-popups allow-presentation allow-popups-to-escape-sandbox\"><\/iframe><\/span><\/p>\n","protected":false},"excerpt":{"rendered":"<p>&nbsp; Ji ber b\u00fbyer\u00ean bi \u00ea\u015f li berava S\u00fbriy\u00ea \u00fb xirab\u00fbna rew\u015fa mirov\u00ee li wir ji ber k\u00eamb\u00fbna bersivdayina al\u00eekariya mirov\u00ee , me Heyva Sor a Kurd bi insiyat\u00eefa civaka siv\u00eel li Bakur\u00ea Rojhilat\u00ea S\u00fbriy\u00ea \u00fb bi hevr\u00eazkirina bi dezgeh\u00ean p\u00eawend\u00eedar re, dest bi amadekariya karwaneke al\u00eekariy\u00ean mirov\u00ee kir ku ji her\u00eam\u00ean Bakur \u00fb Rojhilat\u00ea [&hellip;]<\/p>\n","protected":false},"author":8,"featured_media":10990,"comment_status":"open","ping_status":"open","sticky":false,"template":"","format":"standard","meta":{"give_campaign_id":0,"ngg_post_thumbnail":0,"jetpack_post_was_ever_published":false,"_jetpack_newsletter_access":"","_jetpack_dont_email_post_to_subs":false,"_jetpack_newsletter_tier_id":0,"_jetpack_memberships_contains_paywalled_content":false,"_jetpack_memberships_contains_paid_content":false,"footnotes":"","jetpack_publicize_message":"","jetpack_publicize_feature_enabled":true,"jetpack_social_post_already_shared":true,"jetpack_social_options":{"image_generator_settings":{"template":"highway","default_image_id":0,"font":"","enabled":false},"version":2},"_links_to":"","_links_to_target":""},"categories":[831,862,2171,844,206],"tags":[],"class_list":["post-10996","post","type-post","status-publish","format-standard","has-post-thumbnail","hentry","category-cirok","category-gesepedan","category-news-ku","category-perwerdehiya-tenduristi","category-rapor"],"jetpack_publicize_connections":[],"jetpack_featured_media_url":"https:\/\/i0.wp.com\/hskurd.org\/wp-content\/uploads\/2025\/03\/a061514c-e002-4c9d-bc6a-e3b019ebebbc.jpeg?fit=2560%2C1706&ssl=1","jetpack-related-posts":[{"id":11118,"url":"https:\/\/hskurd.org\/?p=11118&lang=ku","url_meta":{"origin":10996,"position":0},"title":"Duyem\u00een karwan\u00ea mirov\u00ee ber bi perava S\u00fbr\u00eey\u00ea ve di\u00e7e","author":"user55","date":"11 \u0623\u0628\u0631\u064a\u0644\u060c 2025","format":false,"excerpt":"Duyem\u00een karwan\u00ea mirov\u00ee di nava hemleya \u00eensiyat\u00eefa gel\u00ear\u00ee li Bakur \u00fb Rojhilat\u00ea S\u00fbriy\u00ea de ji bo al\u00eekariya gel\u00ea me li berava S\u00fbriyey\u00ea destp\u00eakir. karwan\u00ea ku ji 14 hezar selikan p\u00eak , di nav de 12 hezar selik\u00ean xwarin\u00ea \u00fb du hezar selik\u00ean paqijiy\u00ea ne , ji aliy\u00ea gel\u00ea bakur rojhilat\u00ea\u2026","rel":"","context":"\u0641\u064a &quot;Al\u00eekar\u00ee&quot;","block_context":{"text":"Al\u00eekar\u00ee","link":"https:\/\/hskurd.org\/?cat=2169&lang=ku"},"img":{"alt_text":"","src":"https:\/\/i0.wp.com\/hskurd.org\/wp-content\/uploads\/2025\/04\/489988222_966698265625473_6487612280954548920_n.jpg?fit=1200%2C800&ssl=1&resize=350%2C200","width":350,"height":200,"srcset":"https:\/\/i0.wp.com\/hskurd.org\/wp-content\/uploads\/2025\/04\/489988222_966698265625473_6487612280954548920_n.jpg?fit=1200%2C800&ssl=1&resize=350%2C200 1x, https:\/\/i0.wp.com\/hskurd.org\/wp-content\/uploads\/2025\/04\/489988222_966698265625473_6487612280954548920_n.jpg?fit=1200%2C800&ssl=1&resize=525%2C300 1.5x, https:\/\/i0.wp.com\/hskurd.org\/wp-content\/uploads\/2025\/04\/489988222_966698265625473_6487612280954548920_n.jpg?fit=1200%2C800&ssl=1&resize=700%2C400 2x, https:\/\/i0.wp.com\/hskurd.org\/wp-content\/uploads\/2025\/04\/489988222_966698265625473_6487612280954548920_n.jpg?fit=1200%2C800&ssl=1&resize=1050%2C600 3x"},"classes":[]},{"id":1047,"url":"https:\/\/hskurd.org\/?p=1047&lang=ku","url_meta":{"origin":10996,"position":1},"title":"Di kampaniya em Ba\u015f\u00fbr \u00fb Rojhilat bi ten\u00ea nah\u00ealin Gel\u00ea Rojava 129200$ p\u00ea\u015fk\u00ea\u015fkir","author":"heyvasorakurd","date":"25 \u062f\u064a\u0633\u0645\u0628\u0631\u060c 2017","format":false,"excerpt":"Di 12 heyva 11 an 2017 de, erdhej\u00eeneke mezin li rojhilat \u00fb ba\u015f\u00fbr\u00ea kurdistan\u00ea r\u00fb da \u00fb b\u00fb sedem ku bi sedan welat\u00ee ji van her\u00eaman jiyana xwe ji dest bidin \u00fb gelek avah\u00ee bi awayeke gi\u015ft\u00ee\u00a0 yan n\u00eav\u00e7\u00ee tevl\u00ee bingeh\u00ean jiyan\u00ee \u00fb c\u0131h\u00ean x\u0131zmetguzar\u0131y\u00ea\u00a0 di her\u00eam\u00ea de wer\u0131n hilwe\u015fandin\u2026","rel":"","context":"\u0641\u064a &quot;b\u00ea kategoriyan&quot;","block_context":{"text":"b\u00ea kategoriyan","link":"https:\/\/hskurd.org\/?cat=85&lang=ku"},"img":{"alt_text":"","src":"https:\/\/i0.wp.com\/hskurd.org\/wp-content\/uploads\/2017\/12\/IMG-20171222-WA0003-1.jpg?fit=960%2C540&ssl=1&resize=350%2C200","width":350,"height":200,"srcset":"https:\/\/i0.wp.com\/hskurd.org\/wp-content\/uploads\/2017\/12\/IMG-20171222-WA0003-1.jpg?fit=960%2C540&ssl=1&resize=350%2C200 1x, https:\/\/i0.wp.com\/hskurd.org\/wp-content\/uploads\/2017\/12\/IMG-20171222-WA0003-1.jpg?fit=960%2C540&ssl=1&resize=525%2C300 1.5x, https:\/\/i0.wp.com\/hskurd.org\/wp-content\/uploads\/2017\/12\/IMG-20171222-WA0003-1.jpg?fit=960%2C540&ssl=1&resize=700%2C400 2x"},"classes":[]},{"id":10062,"url":"https:\/\/hskurd.org\/?p=10062&lang=ku","url_meta":{"origin":10996,"position":2},"title":"Kir\u00eeza mirov\u00ee li Heleb \u00fb \u015eehbay\u00ea, bangewaziya hevgirtin \u00fb al\u00eekariy\u00ea","author":"neruda","date":"2 \u062f\u064a\u0633\u0645\u0628\u0631\u060c 2024","format":false,"excerpt":"Kir\u00eeza mirov\u00ee li Heleb \u00fb \u015eehbay\u00ea, bangewaziya hevgirtin \u00fb al\u00eekariy\u00ea Bajar\u00ea Heleb\u00ea, gundewar\u00ea w\u00ea \u00fb her\u00eama \u015eehbay\u00ea rast\u00ee kir\u00eezeke mirov\u00ee ya mezin t\u00ea, ku di b\u00fbyer\u00ean le\u015fker\u00ee y\u00ean daw\u00ee li wan her\u00eaman ,ev kir\u00eez dijwartir dibe. Ev yek j\u00ee b\u00fb sedem ku bi hezaran malbat tev\u00ee hejmareke z\u00eade ji zarok,\u2026","rel":"","context":"\u0641\u064a &quot;Awarte&quot;","block_context":{"text":"Awarte","link":"https:\/\/hskurd.org\/?cat=848&lang=ku"},"img":{"alt_text":"","src":"https:\/\/i0.wp.com\/hskurd.org\/wp-content\/uploads\/2024\/12\/9e3403b7-e3d0-44f4-b257-1441566e50c9.jpg?fit=1200%2C800&ssl=1&resize=350%2C200","width":350,"height":200,"srcset":"https:\/\/i0.wp.com\/hskurd.org\/wp-content\/uploads\/2024\/12\/9e3403b7-e3d0-44f4-b257-1441566e50c9.jpg?fit=1200%2C800&ssl=1&resize=350%2C200 1x, https:\/\/i0.wp.com\/hskurd.org\/wp-content\/uploads\/2024\/12\/9e3403b7-e3d0-44f4-b257-1441566e50c9.jpg?fit=1200%2C800&ssl=1&resize=525%2C300 1.5x, https:\/\/i0.wp.com\/hskurd.org\/wp-content\/uploads\/2024\/12\/9e3403b7-e3d0-44f4-b257-1441566e50c9.jpg?fit=1200%2C800&ssl=1&resize=700%2C400 2x, https:\/\/i0.wp.com\/hskurd.org\/wp-content\/uploads\/2024\/12\/9e3403b7-e3d0-44f4-b257-1441566e50c9.jpg?fit=1200%2C800&ssl=1&resize=1050%2C600 3x"},"classes":[]},{"id":11865,"url":"https:\/\/hskurd.org\/?p=11865&lang=ku","url_meta":{"origin":10996,"position":3},"title":"Ko\u00e7berb\u00fbnek e mezin li bakur\u00ea rojhilat\u00ea S\u00fbriy\u00ea","author":"user55","date":"23 \u0641\u0628\u0631\u0627\u064a\u0631\u060c 2026","format":false,"excerpt":"https:\/\/youtu.be\/KGZjVQHmBsA?si=thfR4jaEp2LaMyFp Bakur-rojhilat\u00ea S\u00fbriyey\u00ea rast\u00ee p\u00ealek n\u00fb ya ko\u00e7beriya bi dar\u00ea zor\u00ea t\u00ea ku bandor\u00ea li bi sedan malbatan dike, di nav de y\u00ean ku ber\u00ea ji tax\u00ean \u015e\u00eax Meqs\u00fbd \u00fb E\u015frefiy\u00ea ko\u00e7ber b\u00fbb\u00fbn. Ev siv\u00eel niha careke din di \u015fert \u00fb merc\u00ean mirov\u00ee y\u00ean dijwar de ne, rast\u00ee h\u00eaman\u00ean xwezay\u00ee,\u2026","rel":"","context":"\u0641\u064a &quot;\u00c7\u00eerok&quot;","block_context":{"text":"\u00c7\u00eerok","link":"https:\/\/hskurd.org\/?cat=831&lang=ku"},"img":{"alt_text":"","src":"https:\/\/i0.wp.com\/img.youtube.com\/vi\/KGZjVQHmBsA\/0.jpg?resize=350%2C200","width":350,"height":200},"classes":[]},{"id":8818,"url":"https:\/\/hskurd.org\/?p=8818&lang=ku","url_meta":{"origin":10996,"position":4},"title":"Rapora encam\u00ean projeya hevgirtina civak\u00ee","author":"neruda","date":"21 \u0623\u0643\u062a\u0648\u0628\u0631\u060c 2024","format":false,"excerpt":"\u00a0 Beriya \u00e7end mehan R\u00eaxistina Heyva Sor a Kurd dest bi r\u00eabazeke pi\u015ftgir\u00ee \u00fb hevgirtina civak\u00ee kir \u00a0ku t\u00ea de qutiy\u00ean al\u00eekariy\u00ea li saziy\u00ean siv\u00eel, dikan, xwaringeh \u00fb cih\u00ean din \u00ean ku rasterast t\u00eakiliya wan bi civak\u00ea re hene dan\u00ee , bi armanca pi\u015ftgiriya nexwe\u015fxaneya Onkoloj\u00ee, \u015eewat \u00fb Telas\u00eemiyay\u00ea da\u2026","rel":"","context":"\u0641\u064a &quot;Ge\u015fep\u00eadan&quot;","block_context":{"text":"Ge\u015fep\u00eadan","link":"https:\/\/hskurd.org\/?cat=862&lang=ku"},"img":{"alt_text":"","src":"https:\/\/i0.wp.com\/hskurd.org\/wp-content\/uploads\/2024\/10\/MVI_3438-copy-1.jpg?fit=1200%2C675&ssl=1&resize=350%2C200","width":350,"height":200,"srcset":"https:\/\/i0.wp.com\/hskurd.org\/wp-content\/uploads\/2024\/10\/MVI_3438-copy-1.jpg?fit=1200%2C675&ssl=1&resize=350%2C200 1x, https:\/\/i0.wp.com\/hskurd.org\/wp-content\/uploads\/2024\/10\/MVI_3438-copy-1.jpg?fit=1200%2C675&ssl=1&resize=525%2C300 1.5x, https:\/\/i0.wp.com\/hskurd.org\/wp-content\/uploads\/2024\/10\/MVI_3438-copy-1.jpg?fit=1200%2C675&ssl=1&resize=700%2C400 2x, https:\/\/i0.wp.com\/hskurd.org\/wp-content\/uploads\/2024\/10\/MVI_3438-copy-1.jpg?fit=1200%2C675&ssl=1&resize=1050%2C600 3x"},"classes":[]},{"id":11951,"url":"https:\/\/hskurd.org\/?p=11951&lang=ku","url_meta":{"origin":10996,"position":5},"title":"Daxuyaniya \u015fermezarkirin \u00fb \u015fermezarkirina \u00ear\u00ee\u015f\u00ean li ser navend\u00ean tenduristiy\u00ea li Bakur \u00fb Rojhilat\u00ea S\u00fbriy\u00ea","author":"user55","date":"24 \u0641\u0628\u0631\u0627\u064a\u0631\u060c 2026","format":false,"excerpt":"Daxuyaniya \u015eermezarkirina \u00car\u00ee\u015f\u00ean li ser Navend\u00ean Tenduristiy\u00ea \u00fb Karmend\u00ean Bij\u00ee\u015fk\u00ee li Bakur \u00fb Rojhilat\u00ea S\u00fbriyey\u00ea Em li Heyva Sor a Kurd, li ser bingeha erk\u00ea xwe y\u00ea mirov\u00ee, hem\u00fb \u00ear\u00ee\u015f\u00ean ku navend\u00ean tenduristiy\u00ea, karmend\u00ean bij\u00ee\u015fk\u00ee \u00fb r\u00eaxistin\u00ean al\u00eekariy\u00ea li Bakur \u00fb Rojhilat\u00ea S\u00fbriyey\u00ea hedef digirin bi tund\u00ee \u015fermezar dikin. \u00car\u00ee\u015fa\u2026","rel":"","context":"\u0641\u064a &quot;Rapor&quot;","block_context":{"text":"Rapor","link":"https:\/\/hskurd.org\/?cat=206&lang=ku"},"img":{"alt_text":"","src":"https:\/\/i0.wp.com\/hskurd.org\/wp-content\/uploads\/2026\/02\/616189932_1181428474152450_2742318992070712677_n.jpg?fit=1200%2C800&ssl=1&resize=350%2C200","width":350,"height":200,"srcset":"https:\/\/i0.wp.com\/hskurd.org\/wp-content\/uploads\/2026\/02\/616189932_1181428474152450_2742318992070712677_n.jpg?fit=1200%2C800&ssl=1&resize=350%2C200 1x, https:\/\/i0.wp.com\/hskurd.org\/wp-content\/uploads\/2026\/02\/616189932_1181428474152450_2742318992070712677_n.jpg?fit=1200%2C800&ssl=1&resize=525%2C300 1.5x, https:\/\/i0.wp.com\/hskurd.org\/wp-content\/uploads\/2026\/02\/616189932_1181428474152450_2742318992070712677_n.jpg?fit=1200%2C800&ssl=1&resize=700%2C400 2x, https:\/\/i0.wp.com\/hskurd.org\/wp-content\/uploads\/2026\/02\/616189932_1181428474152450_2742318992070712677_n.jpg?fit=1200%2C800&ssl=1&resize=1050%2C600 3x"},"classes":[]}],"jetpack_sharing_enabled":true,"_links":{"self":[{"href":"https:\/\/hskurd.org\/index.php?rest_route=\/wp\/v2\/posts\/10996","targetHints":{"allow":["GET"]}}],"collection":[{"href":"https:\/\/hskurd.org\/index.php?rest_route=\/wp\/v2\/posts"}],"about":[{"href":"https:\/\/hskurd.org\/index.php?rest_route=\/wp\/v2\/types\/post"}],"author":[{"embeddable":true,"href":"https:\/\/hskurd.org\/index.php?rest_route=\/wp\/v2\/users\/8"}],"replies":[{"embeddable":true,"href":"https:\/\/hskurd.org\/index.php?rest_route=%2Fwp%2Fv2%2Fcomments&post=10996"}],"version-history":[{"count":2,"href":"https:\/\/hskurd.org\/index.php?rest_route=\/wp\/v2\/posts\/10996\/revisions"}],"predecessor-version":[{"id":10998,"href":"https:\/\/hskurd.org\/index.php?rest_route=\/wp\/v2\/posts\/10996\/revisions\/10998"}],"wp:featuredmedia":[{"embeddable":true,"href":"https:\/\/hskurd.org\/index.php?rest_route=\/wp\/v2\/media\/10990"}],"wp:attachment":[{"href":"https:\/\/hskurd.org\/index.php?rest_route=%2Fwp%2Fv2%2Fmedia&parent=10996"}],"wp:term":[{"taxonomy":"category","embeddable":true,"href":"https:\/\/hskurd.org\/index.php?rest_route=%2Fwp%2Fv2%2Fcategories&post=10996"},{"taxonomy":"post_tag","embeddable":true,"href":"https:\/\/hskurd.org\/index.php?rest_route=%2Fwp%2Fv2%2Ftags&post=10996"}],"curies":[{"name":"wp","href":"https:\/\/api.w.org\/{rel}","templated":true}]}}