{"id":10985,"date":"2025-03-16T09:42:41","date_gmt":"2025-03-16T06:42:41","guid":{"rendered":"https:\/\/hskurd.org\/?p=10985"},"modified":"2025-03-16T09:43:01","modified_gmt":"2025-03-16T06:43:01","slug":"belavkirina-sire-zarokan-li-tepqa-u-reqa","status":"publish","type":"post","link":"https:\/\/hskurd.org\/?p=10985&lang=ku","title":{"rendered":"belavkirina \u015f\u00eer\u00ea zarokan li Tepqa \u00fb Reqa"},"content":{"rendered":"<p>Bi al\u00eekariya tora bij\u00ee\u015fk\u00ee ya Japon-Iraq (JIM-NET), Heyva Sor a Kurd Kampaniya belavkirina \u015f\u00eer berdewam dike \u00fb \u015f\u00eer li zarok\u00ean heta yek sal\u00ee ku ji Heleb \u00fb \u015eehbay\u00ea l\u00ee bajar\u00ea Reqa \u00fb tepqaiy\u00ea penabr bune, belav kir.<\/p>\n<p><img data-recalc-dims=\"1\" loading=\"lazy\" decoding=\"async\" data-attachment-id=\"10976\" data-permalink=\"https:\/\/hskurd.org\/?attachment_id=10976\" data-orig-file=\"https:\/\/i0.wp.com\/hskurd.org\/wp-content\/uploads\/2025\/03\/484043310_945293567765943_8919023264609729091_n.jpg?fit=2048%2C1365&amp;ssl=1\" data-orig-size=\"2048,1365\" data-comments-opened=\"0\" data-image-meta=\"{&quot;aperture&quot;:&quot;0&quot;,&quot;credit&quot;:&quot;&quot;,&quot;camera&quot;:&quot;&quot;,&quot;caption&quot;:&quot;&quot;,&quot;created_timestamp&quot;:&quot;0&quot;,&quot;copyright&quot;:&quot;&quot;,&quot;focal_length&quot;:&quot;0&quot;,&quot;iso&quot;:&quot;0&quot;,&quot;shutter_speed&quot;:&quot;0&quot;,&quot;title&quot;:&quot;&quot;,&quot;orientation&quot;:&quot;0&quot;}\" data-image-title=\"484043310_945293567765943_8919023264609729091_n\" data-image-description=\"\" data-image-caption=\"\" data-medium-file=\"https:\/\/i0.wp.com\/hskurd.org\/wp-content\/uploads\/2025\/03\/484043310_945293567765943_8919023264609729091_n.jpg?fit=300%2C200&amp;ssl=1\" data-large-file=\"https:\/\/i0.wp.com\/hskurd.org\/wp-content\/uploads\/2025\/03\/484043310_945293567765943_8919023264609729091_n.jpg?fit=1030%2C686&amp;ssl=1\" class=\"alignnone size-medium wp-image-10976\" src=\"https:\/\/i0.wp.com\/hskurd.org\/wp-content\/uploads\/2025\/03\/484043310_945293567765943_8919023264609729091_n.jpg?resize=300%2C200&#038;ssl=1\" alt=\"\" width=\"300\" height=\"200\" srcset=\"https:\/\/i0.wp.com\/hskurd.org\/wp-content\/uploads\/2025\/03\/484043310_945293567765943_8919023264609729091_n.jpg?resize=300%2C200&amp;ssl=1 300w, https:\/\/i0.wp.com\/hskurd.org\/wp-content\/uploads\/2025\/03\/484043310_945293567765943_8919023264609729091_n.jpg?resize=1030%2C686&amp;ssl=1 1030w, https:\/\/i0.wp.com\/hskurd.org\/wp-content\/uploads\/2025\/03\/484043310_945293567765943_8919023264609729091_n.jpg?resize=768%2C512&amp;ssl=1 768w, https:\/\/i0.wp.com\/hskurd.org\/wp-content\/uploads\/2025\/03\/484043310_945293567765943_8919023264609729091_n.jpg?resize=1536%2C1024&amp;ssl=1 1536w, https:\/\/i0.wp.com\/hskurd.org\/wp-content\/uploads\/2025\/03\/484043310_945293567765943_8919023264609729091_n.jpg?resize=1500%2C1000&amp;ssl=1 1500w, https:\/\/i0.wp.com\/hskurd.org\/wp-content\/uploads\/2025\/03\/484043310_945293567765943_8919023264609729091_n.jpg?resize=705%2C470&amp;ssl=1 705w, https:\/\/i0.wp.com\/hskurd.org\/wp-content\/uploads\/2025\/03\/484043310_945293567765943_8919023264609729091_n.jpg?w=2048&amp;ssl=1 2048w\" sizes=\"auto, (max-width: 300px) 100vw, 300px\" \/><\/p>\n","protected":false},"excerpt":{"rendered":"<p>Bi al\u00eekariya tora bij\u00ee\u015fk\u00ee ya Japon-Iraq (JIM-NET), Heyva Sor a Kurd Kampaniya belavkirina \u015f\u00eer berdewam dike \u00fb \u015f\u00eer li zarok\u00ean heta yek sal\u00ee ku ji Heleb \u00fb \u015eehbay\u00ea l\u00ee bajar\u00ea Reqa \u00fb tepqaiy\u00ea penabr bune, belav kir.<\/p>\n","protected":false},"author":8,"featured_media":10979,"comment_status":"open","ping_status":"open","sticky":false,"template":"","format":"standard","meta":{"give_campaign_id":0,"ngg_post_thumbnail":0,"jetpack_post_was_ever_published":false,"_jetpack_newsletter_access":"","_jetpack_dont_email_post_to_subs":false,"_jetpack_newsletter_tier_id":0,"_jetpack_memberships_contains_paywalled_content":false,"_jetpack_memberships_contains_paid_content":false,"footnotes":"","jetpack_publicize_message":"","jetpack_publicize_feature_enabled":true,"jetpack_social_post_already_shared":true,"jetpack_social_options":{"image_generator_settings":{"template":"highway","default_image_id":0,"font":"","enabled":false},"version":2},"_links_to":"","_links_to_target":""},"categories":[862,844,846],"tags":[],"class_list":["post-10985","post","type-post","status-publish","format-standard","has-post-thumbnail","hentry","category-gesepedan","category-perwerdehiya-tenduristi","category-tenduristi"],"jetpack_publicize_connections":[],"jetpack_featured_media_url":"https:\/\/i0.wp.com\/hskurd.org\/wp-content\/uploads\/2025\/03\/483797094_945293937765906_2931530954948135513_n.jpg?fit=2048%2C1365&ssl=1","jetpack-related-posts":[{"id":10965,"url":"https:\/\/hskurd.org\/?p=10965&lang=ku","url_meta":{"origin":10985,"position":0},"title":"Kampanyeke belavkirina \u015f\u00eer ji bo Zarok\u00ean Ko\u00e7ber","author":"user55","date":"12 \u0645\u0627\u0631\u0633\u060c 2025","format":false,"excerpt":"Bi pi\u015ftgiriya Tora bij\u00ee\u015fk\u00ee ya Japon-Iraq (JIM-NET), Heyva Sor a Kurd li bajar\u00ean Qami\u015flo, Hesek\u00ea, Reqa \u00fb Tebqay\u00ea kampanya belavkirina \u015f\u00eer\u00ea zarokan heta temen\u00ea salek\u00ea da destp\u00eakirin. Ev kampaniya bi giran\u00ee zarok\u00ean ko\u00e7berb\u00fby\u00ee ji her\u00eam\u00ean Heleb \u00fb El-\u015eehba ku di stargeh\u00ean demk\u00ee de dim\u00eenin hedef girtin. Di armanca sivik kirina\u2026","rel":"","context":"\u0641\u064a &quot;Al\u00eekar\u00ee&quot;","block_context":{"text":"Al\u00eekar\u00ee","link":"https:\/\/hskurd.org\/?cat=2169&lang=ku"},"img":{"alt_text":"","src":"https:\/\/i0.wp.com\/hskurd.org\/wp-content\/uploads\/2025\/03\/IMG_0678-scaled.jpg?fit=1200%2C800&ssl=1&resize=350%2C200","width":350,"height":200,"srcset":"https:\/\/i0.wp.com\/hskurd.org\/wp-content\/uploads\/2025\/03\/IMG_0678-scaled.jpg?fit=1200%2C800&ssl=1&resize=350%2C200 1x, https:\/\/i0.wp.com\/hskurd.org\/wp-content\/uploads\/2025\/03\/IMG_0678-scaled.jpg?fit=1200%2C800&ssl=1&resize=525%2C300 1.5x, https:\/\/i0.wp.com\/hskurd.org\/wp-content\/uploads\/2025\/03\/IMG_0678-scaled.jpg?fit=1200%2C800&ssl=1&resize=700%2C400 2x, https:\/\/i0.wp.com\/hskurd.org\/wp-content\/uploads\/2025\/03\/IMG_0678-scaled.jpg?fit=1200%2C800&ssl=1&resize=1050%2C600 3x"},"classes":[]},{"id":10506,"url":"https:\/\/hskurd.org\/?p=10506&lang=ku","url_meta":{"origin":10985,"position":1},"title":"47 malbat\u00ean s\u00fbdmend li bajar\u00ea Hesek\u00ea ji belavkirina \u015f\u00eer","author":"neruda","date":"7 \u064a\u0646\u0627\u064a\u0631\u060c 2025","format":false,"excerpt":"Kampaniy\u00ean Heyva Sor a Kurd ji bo p\u00eav\u00e7\u00fbna bi ko\u00e7ber\u00ean Efr\u00een\u00ea \u00fb \u015eehbay\u00ea ve li hem\u00fb her\u00eaman berdewam dikin, di nav de belavkirina \u015f\u00eer li ser zarok\u00ean di bin salek\u00ea re, li gor\u00ee listeyeke navan ku temen\u00ean zarokan ji her du zayendan e . kampanyayeke hi\u015fyarkirin\u00ea bi Kampaniya belavkirin\u00ea re\u2026","rel":"","context":"\u0641\u064a &quot;Ge\u015fep\u00eadan&quot;","block_context":{"text":"Ge\u015fep\u00eadan","link":"https:\/\/hskurd.org\/?cat=862&lang=ku"},"img":{"alt_text":"","src":"https:\/\/i0.wp.com\/hskurd.org\/wp-content\/uploads\/2025\/01\/952A4461-scaled.jpg?fit=1200%2C800&ssl=1&resize=350%2C200","width":350,"height":200,"srcset":"https:\/\/i0.wp.com\/hskurd.org\/wp-content\/uploads\/2025\/01\/952A4461-scaled.jpg?fit=1200%2C800&ssl=1&resize=350%2C200 1x, https:\/\/i0.wp.com\/hskurd.org\/wp-content\/uploads\/2025\/01\/952A4461-scaled.jpg?fit=1200%2C800&ssl=1&resize=525%2C300 1.5x, https:\/\/i0.wp.com\/hskurd.org\/wp-content\/uploads\/2025\/01\/952A4461-scaled.jpg?fit=1200%2C800&ssl=1&resize=700%2C400 2x, https:\/\/i0.wp.com\/hskurd.org\/wp-content\/uploads\/2025\/01\/952A4461-scaled.jpg?fit=1200%2C800&ssl=1&resize=1050%2C600 3x"},"classes":[]},{"id":10527,"url":"https:\/\/hskurd.org\/?p=10527&lang=ku","url_meta":{"origin":10985,"position":2},"title":"286 zarok s\u00fbdmend ji belavkirina \u015f\u00eer li bajar\u00ea Tepqay\u00ea","author":"neruda","date":"8 \u064a\u0646\u0627\u064a\u0631\u060c 2025","format":false,"excerpt":"T\u00eem\u00ean Heyva Sor a Kurd kampaniya belavkirina \u015f\u00eer\u00ea zarokan li malbt\u00ean penaber berdewam dike \u00fb hejmara s\u00fbdmendan ji xizmet\u00ean belavkirin\u00ea \u00fb hi\u015fmendiya tendurst\u00ee di nav de biro\u015for, giha\u015ft (285) zarok\u00ee li bajar\u00ea Tepqa. \u00a0","rel":"","context":"\u0641\u064a &quot;Ge\u015fep\u00eadan&quot;","block_context":{"text":"Ge\u015fep\u00eadan","link":"https:\/\/hskurd.org\/?cat=862&lang=ku"},"img":{"alt_text":"","src":"https:\/\/i0.wp.com\/hskurd.org\/wp-content\/uploads\/2025\/01\/GgtYxY1WYAA-MG.jpg?fit=1200%2C800&ssl=1&resize=350%2C200","width":350,"height":200,"srcset":"https:\/\/i0.wp.com\/hskurd.org\/wp-content\/uploads\/2025\/01\/GgtYxY1WYAA-MG.jpg?fit=1200%2C800&ssl=1&resize=350%2C200 1x, https:\/\/i0.wp.com\/hskurd.org\/wp-content\/uploads\/2025\/01\/GgtYxY1WYAA-MG.jpg?fit=1200%2C800&ssl=1&resize=525%2C300 1.5x, https:\/\/i0.wp.com\/hskurd.org\/wp-content\/uploads\/2025\/01\/GgtYxY1WYAA-MG.jpg?fit=1200%2C800&ssl=1&resize=700%2C400 2x, https:\/\/i0.wp.com\/hskurd.org\/wp-content\/uploads\/2025\/01\/GgtYxY1WYAA-MG.jpg?fit=1200%2C800&ssl=1&resize=1050%2C600 3x"},"classes":[]},{"id":12320,"url":"https:\/\/hskurd.org\/?p=12320&lang=ku","url_meta":{"origin":10985,"position":3},"title":"Belavkirina \u015f\u00eer \u00fb p\u00ea\u00e7ik\u00ean zarokan li gundewar\u00ea Kobaniy\u00ea bi pi\u015ftgiriya mirov\u00ee berdewam dike.","author":"user55","date":"25 \u0645\u0627\u0631\u0633\u060c 2026","format":false,"excerpt":"Bi pi\u015ftgiriya Heyva Sor a Kurdistan\u00ea, t\u00eem\u00ean Heyva Sor a Kurd li gund\u00ean derdora Koban\u00ea \u015f\u00eer \u00fb \"bambers\" ji bo zarokan belav kirin. Ev belavkirin li van gundan hat kirin: \u2022 Darbazin Horan \u2022 Darbazin \u2022 Tif\u015fo \u2022 Bir Qadir \u2022 Cort \u2022 El\u00eew\u00ee \u2022 Graz\u00ea","rel":"","context":"\u0641\u064a &quot;Al\u00eekar\u00ee&quot;","block_context":{"text":"Al\u00eekar\u00ee","link":"https:\/\/hskurd.org\/?cat=2169&lang=ku"},"img":{"alt_text":"","src":"https:\/\/i0.wp.com\/hskurd.org\/wp-content\/uploads\/2026\/03\/659695775_1233519928943304_2496562775053772547_n.jpg?fit=900%2C1200&ssl=1&resize=350%2C200","width":350,"height":200,"srcset":"https:\/\/i0.wp.com\/hskurd.org\/wp-content\/uploads\/2026\/03\/659695775_1233519928943304_2496562775053772547_n.jpg?fit=900%2C1200&ssl=1&resize=350%2C200 1x, https:\/\/i0.wp.com\/hskurd.org\/wp-content\/uploads\/2026\/03\/659695775_1233519928943304_2496562775053772547_n.jpg?fit=900%2C1200&ssl=1&resize=525%2C300 1.5x, https:\/\/i0.wp.com\/hskurd.org\/wp-content\/uploads\/2026\/03\/659695775_1233519928943304_2496562775053772547_n.jpg?fit=900%2C1200&ssl=1&resize=700%2C400 2x"},"classes":[]},{"id":6694,"url":"https:\/\/hskurd.org\/?p=6694&lang=ku","url_meta":{"origin":10985,"position":4},"title":"Kampanya belavkirina bro\u015furan li her\u00eama Firat\u00ea","author":"Sozdar","date":"18 \u0623\u0643\u062a\u0648\u0628\u0631\u060c 2022","format":false,"excerpt":"Di \u00e7ar\u00e7oveya \u00e7alakiy\u00ean Meha Pembeh\u00ee ya c\u00eehan\u00ee ji bo P\u00ea\u015f\u00eel\u00eagirtina ji Pence\u015f\u00eara p\u00eas\u00eer\u00ea \u00fb kampanya (J\u00eeyan\u00ea nekuje.. xwe bipar\u00eaze) endam\u00ean jin \u00ean Heyva Sor a Kurd li her\u00eama Firat\u00ea (Minbic - Reqa - Tebqa \u2013 Koban\u00ea ) bro\u015fur\u00ean li ser pence\u015f\u00eara p\u00eas\u00eer\u00ea \u00fb gir\u00eengiya z\u00fb naskirina w\u00ea belav kirin.","rel":"","context":"\u0641\u064a &quot;Perwerdehiya tendurist\u00ee&quot;","block_context":{"text":"Perwerdehiya tendurist\u00ee","link":"https:\/\/hskurd.org\/?cat=844&lang=ku"},"img":{"alt_text":"","src":"https:\/\/i0.wp.com\/hskurd.org\/wp-content\/uploads\/2022\/10\/IMG-20221017-WA0066-scaled.jpg?fit=898%2C1200&ssl=1&resize=350%2C200","width":350,"height":200,"srcset":"https:\/\/i0.wp.com\/hskurd.org\/wp-content\/uploads\/2022\/10\/IMG-20221017-WA0066-scaled.jpg?fit=898%2C1200&ssl=1&resize=350%2C200 1x, https:\/\/i0.wp.com\/hskurd.org\/wp-content\/uploads\/2022\/10\/IMG-20221017-WA0066-scaled.jpg?fit=898%2C1200&ssl=1&resize=525%2C300 1.5x, https:\/\/i0.wp.com\/hskurd.org\/wp-content\/uploads\/2022\/10\/IMG-20221017-WA0066-scaled.jpg?fit=898%2C1200&ssl=1&resize=700%2C400 2x"},"classes":[]},{"id":11157,"url":"https:\/\/hskurd.org\/?p=11157&lang=ku","url_meta":{"origin":10985,"position":5},"title":"belavkirina selik\u00ean paq\u00eejiy\u00ea \u00fb \u015f\u00eer\u00ea zarokan li ser penaberan","author":"user55","date":"21 \u0623\u0628\u0631\u064a\u0644\u060c 2025","format":false,"excerpt":"Di \u00e7ar\u00e7oveya pilansaziya awarte de ku R\u00eaxistina Heyva Sor a Kurd ji bo pi\u015ftgiriya penaber\u00ean gundewar\u00ean Heleb, Efr\u00een \u00fb \u015eehbay\u00ea ragihand \u00fb bi pi\u015ftgiriya r\u00eaxistina \" waldensian church \" selik\u00ean paqijiy\u00ea \u00fb \u015f\u00eer\u00ea zarokan ji temen\u00ea mehek\u00ea heta salek\u00ea ji bo penaber\u00ean di nava stargeh\u00ean Reqa, Tebqa, Hesek\u00ea \u00fb Qami\u015flo\u2026","rel":"","context":"\u0641\u064a &quot;Al\u00eekar\u00ee&quot;","block_context":{"text":"Al\u00eekar\u00ee","link":"https:\/\/hskurd.org\/?cat=2169&lang=ku"},"img":{"alt_text":"","src":"https:\/\/i0.wp.com\/hskurd.org\/wp-content\/uploads\/2025\/04\/8dc13633-5c51-483c-aaec-73a3542e3a1b.jpg?fit=1200%2C800&ssl=1&resize=350%2C200","width":350,"height":200,"srcset":"https:\/\/i0.wp.com\/hskurd.org\/wp-content\/uploads\/2025\/04\/8dc13633-5c51-483c-aaec-73a3542e3a1b.jpg?fit=1200%2C800&ssl=1&resize=350%2C200 1x, https:\/\/i0.wp.com\/hskurd.org\/wp-content\/uploads\/2025\/04\/8dc13633-5c51-483c-aaec-73a3542e3a1b.jpg?fit=1200%2C800&ssl=1&resize=525%2C300 1.5x, https:\/\/i0.wp.com\/hskurd.org\/wp-content\/uploads\/2025\/04\/8dc13633-5c51-483c-aaec-73a3542e3a1b.jpg?fit=1200%2C800&ssl=1&resize=700%2C400 2x, https:\/\/i0.wp.com\/hskurd.org\/wp-content\/uploads\/2025\/04\/8dc13633-5c51-483c-aaec-73a3542e3a1b.jpg?fit=1200%2C800&ssl=1&resize=1050%2C600 3x"},"classes":[]}],"jetpack_sharing_enabled":true,"_links":{"self":[{"href":"https:\/\/hskurd.org\/index.php?rest_route=\/wp\/v2\/posts\/10985","targetHints":{"allow":["GET"]}}],"collection":[{"href":"https:\/\/hskurd.org\/index.php?rest_route=\/wp\/v2\/posts"}],"about":[{"href":"https:\/\/hskurd.org\/index.php?rest_route=\/wp\/v2\/types\/post"}],"author":[{"embeddable":true,"href":"https:\/\/hskurd.org\/index.php?rest_route=\/wp\/v2\/users\/8"}],"replies":[{"embeddable":true,"href":"https:\/\/hskurd.org\/index.php?rest_route=%2Fwp%2Fv2%2Fcomments&post=10985"}],"version-history":[{"count":2,"href":"https:\/\/hskurd.org\/index.php?rest_route=\/wp\/v2\/posts\/10985\/revisions"}],"predecessor-version":[{"id":10988,"href":"https:\/\/hskurd.org\/index.php?rest_route=\/wp\/v2\/posts\/10985\/revisions\/10988"}],"wp:featuredmedia":[{"embeddable":true,"href":"https:\/\/hskurd.org\/index.php?rest_route=\/wp\/v2\/media\/10979"}],"wp:attachment":[{"href":"https:\/\/hskurd.org\/index.php?rest_route=%2Fwp%2Fv2%2Fmedia&parent=10985"}],"wp:term":[{"taxonomy":"category","embeddable":true,"href":"https:\/\/hskurd.org\/index.php?rest_route=%2Fwp%2Fv2%2Fcategories&post=10985"},{"taxonomy":"post_tag","embeddable":true,"href":"https:\/\/hskurd.org\/index.php?rest_route=%2Fwp%2Fv2%2Ftags&post=10985"}],"curies":[{"name":"wp","href":"https:\/\/api.w.org\/{rel}","templated":true}]}}