{"id":10917,"date":"2025-03-09T12:26:40","date_gmt":"2025-03-09T09:26:40","guid":{"rendered":"https:\/\/hskurd.org\/?p=10917"},"modified":"2025-03-09T12:26:40","modified_gmt":"2025-03-09T09:26:40","slug":"pirojeya-kilinka-jinan-a-gerok-di-bin-durusmeya-li-tendurstiya-xwe-binere-tu-jiyani","status":"publish","type":"post","link":"https:\/\/hskurd.org\/?p=10917&lang=ku","title":{"rendered":"pirojeya kil\u00eenka  jinan a gerok di bin duru\u015fmeya &#8221; li tendurstiya xwe bin\u00eare , tu jiyan\u00ee   &#8221;"},"content":{"rendered":"<p><span class=\"embed-youtube\" style=\"text-align:center; display: block;\"><iframe loading=\"lazy\" class=\"youtube-player\" width=\"1500\" height=\"844\" src=\"https:\/\/www.youtube.com\/embed\/Xjk9lI_n5Bk?version=3&#038;rel=1&#038;showsearch=0&#038;showinfo=1&#038;iv_load_policy=1&#038;fs=1&#038;hl=ar&#038;autohide=2&#038;start=20&#038;wmode=transparent\" allowfullscreen=\"true\" style=\"border:0;\" sandbox=\"allow-scripts allow-same-origin allow-popups allow-presentation allow-popups-to-escape-sandbox\"><\/iframe><\/span><\/p>\n<p>&nbsp;<\/p>\n<p>&nbsp;<\/p>\n<div class=\"x11i5rnm xat24cr x1mh8g0r x1vvkbs xtlvy1s x126k92a\">\n<div dir=\"auto\">\n<div class=\"xdj266r x11i5rnm xat24cr x1mh8g0r x1vvkbs x126k92a\">\n<div dir=\"auto\">Heyva Sor a Kurd her tim pi\u015ftgiriya pirojey\u00ean jinan dike \u00fb xizmet\u00ean gir\u00eaday\u00ee jinan p\u00ea\u015fk\u00ea\u015f dike. V\u00ea car\u00ea j\u00ee yekm\u00een pirojeyeke bi ek\u00eepeke hem\u00fb jin dest p\u00ea dike \u00fb xizmet\u00ean tendurst\u00ee ji bo jinan li gundan bi r\u00eaka kil\u00eenkek gerok \u00fb embulansek\u00ea p\u00ea\u015fk\u00ea\u015f dike<\/div>\n<\/div>\n<div class=\"x11i5rnm xat24cr x1mh8g0r x1vvkbs xtlvy1s x126k92a\">\n<div dir=\"auto\">Bi boneya 8\u00ea Adar\u00ea roja jin\u00ean c\u00eehan\u00ea bi dur\u015fmeya \u201cli tendurstiya xwe bin\u00eare , tu jiyan\u00ee \u201c ek\u00eepa v\u00ea p\u00eerojey\u00ea k\u00eafxwe\u00eeiya xwe t\u00eene ziman \u00fb bi dilek\u00ea germ xizmetan ji jinan re p\u00ea\u015fk\u00ea\u015f dikin.<\/div>\n<\/div>\n<\/div>\n<\/div>\n","protected":false},"excerpt":{"rendered":"<p>&nbsp; &nbsp; Heyva Sor a Kurd her tim pi\u015ftgiriya pirojey\u00ean jinan dike \u00fb xizmet\u00ean gir\u00eaday\u00ee jinan p\u00ea\u015fk\u00ea\u015f dike. V\u00ea car\u00ea j\u00ee yekm\u00een pirojeyeke bi ek\u00eepeke hem\u00fb jin dest p\u00ea dike \u00fb xizmet\u00ean tendurst\u00ee ji bo jinan li gundan bi r\u00eaka kil\u00eenkek gerok \u00fb embulansek\u00ea p\u00ea\u015fk\u00ea\u015f dike Bi boneya 8\u00ea Adar\u00ea roja jin\u00ean c\u00eehan\u00ea bi dur\u015fmeya [&hellip;]<\/p>\n","protected":false},"author":8,"featured_media":10912,"comment_status":"open","ping_status":"open","sticky":false,"template":"","format":"standard","meta":{"give_campaign_id":0,"ngg_post_thumbnail":0,"jetpack_post_was_ever_published":false,"_jetpack_newsletter_access":"","_jetpack_dont_email_post_to_subs":false,"_jetpack_newsletter_tier_id":0,"_jetpack_memberships_contains_paywalled_content":false,"_jetpack_memberships_contains_paid_content":false,"footnotes":"","jetpack_publicize_message":"","jetpack_publicize_feature_enabled":true,"jetpack_social_post_already_shared":true,"jetpack_social_options":{"image_generator_settings":{"template":"highway","default_image_id":0,"font":"","enabled":false},"version":2},"_links_to":"","_links_to_target":""},"categories":[840,844,1486,206,846],"tags":[],"class_list":["post-10917","post","type-post","status-publish","format-standard","has-post-thumbnail","hentry","category-parastin","category-perwerdehiya-tenduristi","category-pistgirya-pskologik","category-rapor","category-tenduristi"],"jetpack_publicize_connections":[],"jetpack_featured_media_url":"https:\/\/i0.wp.com\/hskurd.org\/wp-content\/uploads\/2025\/03\/%D9%84%D9%82%D8%B7%D8%A9-%D8%A7%D9%84%D8%B4%D8%A7%D8%B4%D8%A9-2025-03-09-112244.jpg?fit=1240%2C567&ssl=1","jetpack-related-posts":[{"id":12062,"url":"https:\/\/hskurd.org\/?p=12062&lang=ku","url_meta":{"origin":10917,"position":0},"title":"Heyva Sor a Kurd bi r\u00eaya kl\u00een\u00eek\u00ean gerok xizmet\u00ean xwe y\u00ean bij\u00ee\u015fk\u00ee berdewam dike.","author":"user55","date":"3 \u0645\u0627\u0631\u0633\u060c 2026","format":false,"excerpt":"T\u00eema Hesek\u00ea ya Heyva Sor a Kurd bi r\u00eaya kl\u00een\u00eek\u00ean xwe y\u00ean gerok xizmet\u00ean bij\u00ee\u015fk\u00ee \u00fb mirov\u00ee ji bo xelk\u00ea me y\u00ean ko\u00e7ber peyda dikin. Kl\u00een\u00eeka Jinan Kl\u00een\u00eeka Gi\u015ft\u00ee (Tenduristiya Hundir\u00een\/Ped\u00eeatr\u00ee) R\u00fbni\u015ftin\u00ean Pi\u015ftgiriya Der\u00fbn\u00ee.","rel":"","context":"\u0641\u064a &quot;Al\u00eekar\u00ee&quot;","block_context":{"text":"Al\u00eekar\u00ee","link":"https:\/\/hskurd.org\/?cat=2169&lang=ku"},"img":{"alt_text":"","src":"https:\/\/i0.wp.com\/hskurd.org\/wp-content\/uploads\/2026\/03\/632711591_1201491615479469_3317696494194008597_n.jpg?fit=900%2C1200&ssl=1&resize=350%2C200","width":350,"height":200,"srcset":"https:\/\/i0.wp.com\/hskurd.org\/wp-content\/uploads\/2026\/03\/632711591_1201491615479469_3317696494194008597_n.jpg?fit=900%2C1200&ssl=1&resize=350%2C200 1x, https:\/\/i0.wp.com\/hskurd.org\/wp-content\/uploads\/2026\/03\/632711591_1201491615479469_3317696494194008597_n.jpg?fit=900%2C1200&ssl=1&resize=525%2C300 1.5x, https:\/\/i0.wp.com\/hskurd.org\/wp-content\/uploads\/2026\/03\/632711591_1201491615479469_3317696494194008597_n.jpg?fit=900%2C1200&ssl=1&resize=700%2C400 2x"},"classes":[]},{"id":5835,"url":"https:\/\/hskurd.org\/?p=5835&lang=ku","url_meta":{"origin":10917,"position":1},"title":"Navenda Minbic\u00ea m\u00eenakeke zind\u00ee ye di l\u00eaner\u00eena tenduristiy\u00ea ya seretay\u00ee de","author":"Sozdar","date":"29 \u062f\u064a\u0633\u0645\u0628\u0631\u060c 2021","format":false,"excerpt":"\u00a0 Xizmet\u00ean l\u00eaner\u00eena tendurist\u00ee ya seretay\u00ee li gor hewcedariy\u00ean kes, malbat \u00fb civakan ji bo \u00e7areserkirin \u00fb refahiya tendurist\u00ee di mil\u00ea la\u015f\u00ee, der\u00fbn\u00ee \u00fb civak\u00ee y\u00ean berfireh bi hev ve gir\u00eaday\u00ee ye, ku l\u00eaner\u00eena kesan bi gi\u015ft\u00ee \u00fb bi hem\u00fb hewcedariy\u00ean tenduristiy\u00ea di hem\u00fb jiyan\u00ea de, ne bi komek nexwe\u015fiy\u00ean\u2026","rel":"","context":"\u0641\u064a &quot;Ge\u015fep\u00eadan&quot;","block_context":{"text":"Ge\u015fep\u00eadan","link":"https:\/\/hskurd.org\/?cat=862&lang=ku"},"img":{"alt_text":"","src":"https:\/\/i0.wp.com\/hskurd.org\/wp-content\/uploads\/2021\/12\/952A1641-copy-2-scaled.jpg?fit=1200%2C800&ssl=1&resize=350%2C200","width":350,"height":200,"srcset":"https:\/\/i0.wp.com\/hskurd.org\/wp-content\/uploads\/2021\/12\/952A1641-copy-2-scaled.jpg?fit=1200%2C800&ssl=1&resize=350%2C200 1x, https:\/\/i0.wp.com\/hskurd.org\/wp-content\/uploads\/2021\/12\/952A1641-copy-2-scaled.jpg?fit=1200%2C800&ssl=1&resize=525%2C300 1.5x, https:\/\/i0.wp.com\/hskurd.org\/wp-content\/uploads\/2021\/12\/952A1641-copy-2-scaled.jpg?fit=1200%2C800&ssl=1&resize=700%2C400 2x, https:\/\/i0.wp.com\/hskurd.org\/wp-content\/uploads\/2021\/12\/952A1641-copy-2-scaled.jpg?fit=1200%2C800&ssl=1&resize=1050%2C600 3x"},"classes":[]},{"id":11743,"url":"https:\/\/hskurd.org\/?p=11743&lang=ku","url_meta":{"origin":10917,"position":2},"title":"Gava Z\u00fb&#8230; Jiyaneke N\u00fb","author":"user55","date":"19 \u0623\u0643\u062a\u0648\u0628\u0631\u060c 2025","format":false,"excerpt":"https:\/\/youtu.be\/oyuu_1jUGAU?si=b5qNOupiJn7ekM5T Bi slogana \"Gava Z\u00fb... Jiyaneke N\u00fb\", ofisa Jin a Heyva Sor a Kurd kampanyaya xwe ya Meha Pembe ji bo hi\u015fyarkirina li ser tesp\u00eetkirina z\u00fb ya pence\u015f\u00eara p\u00eas\u00eer\u00ea didom\u00eene. Di v\u00ea \u00e7ar\u00e7ovey\u00ea de, \u00eero li Navenda \u00c7and\u00ee ya Mihemed \u015e\u00eaxo li Qami\u015flo ji bo jinan sim\u00eenerek hi\u015fyarkirin\u00ea hate lidarxistin,\u2026","rel":"","context":"\u0641\u064a &quot;Perwerdehiya tendurist\u00ee&quot;","block_context":{"text":"Perwerdehiya tendurist\u00ee","link":"https:\/\/hskurd.org\/?cat=844&lang=ku"},"img":{"alt_text":"","src":"https:\/\/i0.wp.com\/img.youtube.com\/vi\/oyuu_1jUGAU\/0.jpg?resize=350%2C200","width":350,"height":200},"classes":[]},{"id":9861,"url":"https:\/\/hskurd.org\/?p=9861&lang=ku","url_meta":{"origin":10917,"position":3},"title":"Navenda Tenduristiy\u00ea ya Sereke ya \u015eedad\u00ea p\u00ea\u015fk\u00ea\u015fkirina xizmetguzariy\u00ea didom\u00eene","author":"neruda","date":"31 \u0623\u0643\u062a\u0648\u0628\u0631\u060c 2024","format":false,"excerpt":"Bi kl\u00eenk\u00ean hundir\u00een , zarok \u00fb jinan \u00fb be\u015f\u00ea lezg\u00een, Heyva Sor a Kurd li \u015eedad\u00ea p\u00ea\u015fk\u00ea\u015fkirina xizmet\u00ean awarte \u00fb l\u00eaner\u00eena tendurst\u00ee a sereke didom\u00eene , ku her be\u015fek rojane n\u00eaz\u00ee p\u00eanc\u00ee nexwe\u015f\u00ee p\u00ea\u015fwaz dike, muayeney\u00ean bij\u00ee\u015fk\u00ee t\u00ean kirin \u00fb li gor\u00ee v\u00ea yek\u00ea hin rew\u015f ji bo wan enelyiz\u2026","rel":"","context":"\u0641\u064a &quot;Be\u015f\u00ea WASH&quot;","block_context":{"text":"Be\u015f\u00ea WASH","link":"https:\/\/hskurd.org\/?cat=855&lang=ku"},"img":{"alt_text":"","src":"https:\/\/i0.wp.com\/hskurd.org\/wp-content\/uploads\/2024\/10\/465155306_855442716751029_8295762871801454754_n.jpg?fit=593%2C395&ssl=1&resize=350%2C200","width":350,"height":200,"srcset":"https:\/\/i0.wp.com\/hskurd.org\/wp-content\/uploads\/2024\/10\/465155306_855442716751029_8295762871801454754_n.jpg?fit=593%2C395&ssl=1&resize=350%2C200 1x, https:\/\/i0.wp.com\/hskurd.org\/wp-content\/uploads\/2024\/10\/465155306_855442716751029_8295762871801454754_n.jpg?fit=593%2C395&ssl=1&resize=525%2C300 1.5x"},"classes":[]},{"id":7496,"url":"https:\/\/hskurd.org\/?p=7496&lang=ku","url_meta":{"origin":10917,"position":4},"title":"Bi pi\u015ftgiriya Medico International Sw\u00eesre, Heyva Sor a Kurd bi r\u00eaya kl\u00een\u00eek\u00ean gerok p\u00ea\u015fk\u00ea\u015fkirina xizmet\u00ean bij\u00ee\u015fk\u00ee ji xelk\u00ea gund\u00ean d\u00fbr\u00ee gundewar\u00ea Tebqay\u00ea re berdewam dike","author":"heyvasorakurd","date":"10 \u0623\u063a\u0633\u0637\u0633\u060c 2023","format":false,"excerpt":"Xizmet\u00ean Heyva Sor a Kurd li her\u00eam\u00ean d\u00fbr \u00ean Tebqay\u00ea dewam dikin Gih\u00ee\u015ftina dever\u00ean d\u00fbr \u00fb gundewar\u00ee, bi taybet\u00ee y\u00ean ku rast\u00ee gelek qeyranan hatine, di nav de neb\u00fbna xizmetguzariy\u00ean piz\u00ee\u015fk\u00ee ji ber d\u00fbrb\u00fbna wan ji navend\u00ean bajaran, yek ji mezintir\u00een kelem\u00ean ku rast\u00ee p\u00ea\u015fk\u00ea\u015fk\u0131r\u0131na l\u00eaner\u00eena tenduristiy\u00ea ye. Ev e\u2026","rel":"","context":"\u0641\u064a &quot;Tendurist\u00ee&quot;","block_context":{"text":"Tendurist\u00ee","link":"https:\/\/hskurd.org\/?cat=846&lang=ku"},"img":{"alt_text":"","src":"https:\/\/i0.wp.com\/hskurd.org\/wp-content\/uploads\/2023\/08\/DSC_0134-copy-scaled.webp?fit=1200%2C800&ssl=1&resize=350%2C200","width":350,"height":200,"srcset":"https:\/\/i0.wp.com\/hskurd.org\/wp-content\/uploads\/2023\/08\/DSC_0134-copy-scaled.webp?fit=1200%2C800&ssl=1&resize=350%2C200 1x, https:\/\/i0.wp.com\/hskurd.org\/wp-content\/uploads\/2023\/08\/DSC_0134-copy-scaled.webp?fit=1200%2C800&ssl=1&resize=525%2C300 1.5x, https:\/\/i0.wp.com\/hskurd.org\/wp-content\/uploads\/2023\/08\/DSC_0134-copy-scaled.webp?fit=1200%2C800&ssl=1&resize=700%2C400 2x, https:\/\/i0.wp.com\/hskurd.org\/wp-content\/uploads\/2023\/08\/DSC_0134-copy-scaled.webp?fit=1200%2C800&ssl=1&resize=1050%2C600 3x"},"classes":[]},{"id":11776,"url":"https:\/\/hskurd.org\/?p=11776&lang=ku","url_meta":{"origin":10917,"position":5},"title":"Heyva Sor a Kurd mehek tij\u00ee \u00e7alak\u00ee \u00fb kampanyay\u00ean hi\u015fyarkirin\u00ea bi daw\u00ee kir.","author":"user55","date":"30 \u0623\u0643\u062a\u0648\u0628\u0631\u060c 2025","format":false,"excerpt":"https:\/\/youtu.be\/oyuu_1jUGAU?si=jjhZL02OQI8Kccb- Heyva Sor a Kurd mehek tij\u00ee \u00e7alak\u00ee \u00fb kampanyay\u00ean hi\u015fyarkirin\u00ea li ser tesp\u00eetkirina z\u00fb ya pence\u015f\u00eara p\u00eas\u00eer\u00ea bi daw\u00ee kir. Di nav wan de c\u00fbrbec\u00fbr \u00e7alak\u00ee heb\u00fbn wek\u00ee: maratonek werz\u00ee\u015f\u00ea bi hevkariya t\u00eema ez biskl\u00eat dixwazim \u00fb r\u00eaxistina Hez; s\u00eam\u00eener\u00ean hi\u015fyarkirin\u00ea bi hevr\u00eaziya Desteya Tenduristiy\u00ea \u00fb Weqfa Jinan li\u2026","rel":"","context":"\u0641\u064a &quot;Ge\u015fep\u00eadan&quot;","block_context":{"text":"Ge\u015fep\u00eadan","link":"https:\/\/hskurd.org\/?cat=862&lang=ku"},"img":{"alt_text":"","src":"https:\/\/i0.wp.com\/img.youtube.com\/vi\/oyuu_1jUGAU\/0.jpg?resize=350%2C200","width":350,"height":200},"classes":[]}],"jetpack_sharing_enabled":true,"_links":{"self":[{"href":"https:\/\/hskurd.org\/index.php?rest_route=\/wp\/v2\/posts\/10917","targetHints":{"allow":["GET"]}}],"collection":[{"href":"https:\/\/hskurd.org\/index.php?rest_route=\/wp\/v2\/posts"}],"about":[{"href":"https:\/\/hskurd.org\/index.php?rest_route=\/wp\/v2\/types\/post"}],"author":[{"embeddable":true,"href":"https:\/\/hskurd.org\/index.php?rest_route=\/wp\/v2\/users\/8"}],"replies":[{"embeddable":true,"href":"https:\/\/hskurd.org\/index.php?rest_route=%2Fwp%2Fv2%2Fcomments&post=10917"}],"version-history":[{"count":2,"href":"https:\/\/hskurd.org\/index.php?rest_route=\/wp\/v2\/posts\/10917\/revisions"}],"predecessor-version":[{"id":10919,"href":"https:\/\/hskurd.org\/index.php?rest_route=\/wp\/v2\/posts\/10917\/revisions\/10919"}],"wp:featuredmedia":[{"embeddable":true,"href":"https:\/\/hskurd.org\/index.php?rest_route=\/wp\/v2\/media\/10912"}],"wp:attachment":[{"href":"https:\/\/hskurd.org\/index.php?rest_route=%2Fwp%2Fv2%2Fmedia&parent=10917"}],"wp:term":[{"taxonomy":"category","embeddable":true,"href":"https:\/\/hskurd.org\/index.php?rest_route=%2Fwp%2Fv2%2Fcategories&post=10917"},{"taxonomy":"post_tag","embeddable":true,"href":"https:\/\/hskurd.org\/index.php?rest_route=%2Fwp%2Fv2%2Ftags&post=10917"}],"curies":[{"name":"wp","href":"https:\/\/api.w.org\/{rel}","templated":true}]}}