{"id":10877,"date":"2025-02-09T14:19:52","date_gmt":"2025-02-09T11:19:52","guid":{"rendered":"https:\/\/hskurd.org\/?p=10877"},"modified":"2025-02-09T14:19:52","modified_gmt":"2025-02-09T11:19:52","slug":"giringiya-rola-malbate-di-pistgiriya-zaroken-xwedi-pediviyen-taybet-de","status":"publish","type":"post","link":"https:\/\/hskurd.org\/?p=10877&lang=ku","title":{"rendered":"Gir\u00eengiya rola malbat\u00ea di pi\u015ftgiriya zarok\u00ean xwed\u00ee p\u00eadiviy\u00ean taybet de"},"content":{"rendered":"<div dir=\"auto\">Zarok\u00ean xwed\u00ee p\u00eadiviy\u00ean taybet, p\u00eaw\u00eestiya wan bi t\u00eagihi\u015ftineke k\u00fbr ji hewcedariy\u00ean wan re \u00fb r\u00eavebirineke pak ji malbat\u00ean wan, heye. Malbat ne ten\u00ea j\u00eengeha yekem e ku zarok t\u00ea de mezin dibe, l\u00ea ew \u00e7avkaniya bingeh\u00een a ragirtin \u00fb pi\u015ftgiriya hestyar\u00ee ye j\u00ee. Ev pi\u015ftgir\u00ee dan\u00fbstendina bibandor bi civak\u00ea re z\u00eade dike \u00fb r\u00ea dide l\u00eaner\u00eena taybet\u00ee ji bo tenduristiya der\u00fbn\u00ee \u00fb la\u015f\u00ee ya wan bi riya naskirna z\u00fb \u00fb dermankirina guncaw, ku dibe al\u00eekar ku p\u00eadiviy\u00ean wan ba\u015ftir peyda bikin.<\/div>\n<div dir=\"auto\">Malbata Cewad di v\u00ee war\u00ee de m\u00eenakek pir ba\u015f b\u00fb, ji ber ku t\u00eagihi\u015ftinek k\u00fbr ji hewcedariy\u00ean zarok\u00ea xwe n\u00ee\u015fan dan \u00fb l\u00eaner\u00eena tendurist\u00ee \u00fb der\u00fbn\u00ee a p\u00eaw\u00eest p\u00ea\u015fk\u00ea\u015f\u00ee w\u00ee kirin. Cewad bi serdana Navenda Prot\u00eazan ya Heyva Sor a Kurd, pi\u015ftgiriya der\u00fbn\u00ee \u00fb dermankirina fiz\u00eek\u00ee wergirt. Di heman dem\u00ea de du ling\u00ean j\u00ear\u00een ji bo w\u00ee hatine \u00e7\u00eakirin, ku ji w\u00ee re dibe al\u00eekar ku bi heval\u00ean xwe re \u00e7\u00eatir tevbigere \u00fb jiyana xwe ya rojane ba\u015ftir bi r\u00ea ve bibe.<\/div>\n<p>&nbsp;<\/p>\n<p><span class=\"embed-youtube\" style=\"text-align:center; display: block;\"><iframe loading=\"lazy\" class=\"youtube-player\" width=\"1500\" height=\"844\" src=\"https:\/\/www.youtube.com\/embed\/P-5-7CDvUAQ?version=3&#038;rel=1&#038;showsearch=0&#038;showinfo=1&#038;iv_load_policy=1&#038;fs=1&#038;hl=ar&#038;autohide=2&#038;wmode=transparent\" allowfullscreen=\"true\" style=\"border:0;\" sandbox=\"allow-scripts allow-same-origin allow-popups allow-presentation allow-popups-to-escape-sandbox\"><\/iframe><\/span><\/p>\n<p>&nbsp;<\/p>\n<p>&nbsp;<\/p>\n<p>&nbsp;<\/p>\n","protected":false},"excerpt":{"rendered":"<p>Zarok\u00ean xwed\u00ee p\u00eadiviy\u00ean taybet, p\u00eaw\u00eestiya wan bi t\u00eagihi\u015ftineke k\u00fbr ji hewcedariy\u00ean wan re \u00fb r\u00eavebirineke pak ji malbat\u00ean wan, heye. Malbat ne ten\u00ea j\u00eengeha yekem e ku zarok t\u00ea de mezin dibe, l\u00ea ew \u00e7avkaniya bingeh\u00een a ragirtin \u00fb pi\u015ftgiriya hestyar\u00ee ye j\u00ee. Ev pi\u015ftgir\u00ee dan\u00fbstendina bibandor bi civak\u00ea re z\u00eade dike \u00fb r\u00ea dide [&hellip;]<\/p>\n","protected":false},"author":8,"featured_media":10868,"comment_status":"open","ping_status":"open","sticky":false,"template":"","format":"standard","meta":{"give_campaign_id":0,"ngg_post_thumbnail":0,"jetpack_post_was_ever_published":false,"_jetpack_newsletter_access":"","_jetpack_dont_email_post_to_subs":false,"_jetpack_newsletter_tier_id":0,"_jetpack_memberships_contains_paywalled_content":false,"_jetpack_memberships_contains_paid_content":false,"footnotes":"","jetpack_publicize_message":"","jetpack_publicize_feature_enabled":true,"jetpack_social_post_already_shared":true,"jetpack_social_options":{"image_generator_settings":{"template":"highway","default_image_id":0,"font":"","enabled":false},"version":2},"_links_to":"","_links_to_target":""},"categories":[831,862,1486,846],"tags":[],"class_list":["post-10877","post","type-post","status-publish","format-standard","has-post-thumbnail","hentry","category-cirok","category-gesepedan","category-pistgirya-pskologik","category-tenduristi"],"jetpack_publicize_connections":[],"jetpack_featured_media_url":"https:\/\/i0.wp.com\/hskurd.org\/wp-content\/uploads\/2025\/02\/IMG_8269-scaled.jpg?fit=2560%2C1707&ssl=1","jetpack-related-posts":[{"id":5835,"url":"https:\/\/hskurd.org\/?p=5835&lang=ku","url_meta":{"origin":10877,"position":0},"title":"Navenda Minbic\u00ea m\u00eenakeke zind\u00ee ye di l\u00eaner\u00eena tenduristiy\u00ea ya seretay\u00ee de","author":"Sozdar","date":"29 \u062f\u064a\u0633\u0645\u0628\u0631\u060c 2021","format":false,"excerpt":"\u00a0 Xizmet\u00ean l\u00eaner\u00eena tendurist\u00ee ya seretay\u00ee li gor hewcedariy\u00ean kes, malbat \u00fb civakan ji bo \u00e7areserkirin \u00fb refahiya tendurist\u00ee di mil\u00ea la\u015f\u00ee, der\u00fbn\u00ee \u00fb civak\u00ee y\u00ean berfireh bi hev ve gir\u00eaday\u00ee ye, ku l\u00eaner\u00eena kesan bi gi\u015ft\u00ee \u00fb bi hem\u00fb hewcedariy\u00ean tenduristiy\u00ea di hem\u00fb jiyan\u00ea de, ne bi komek nexwe\u015fiy\u00ean\u2026","rel":"","context":"\u0641\u064a &quot;Ge\u015fep\u00eadan&quot;","block_context":{"text":"Ge\u015fep\u00eadan","link":"https:\/\/hskurd.org\/?cat=862&lang=ku"},"img":{"alt_text":"","src":"https:\/\/i0.wp.com\/hskurd.org\/wp-content\/uploads\/2021\/12\/952A1641-copy-2-scaled.jpg?fit=1200%2C800&ssl=1&resize=350%2C200","width":350,"height":200,"srcset":"https:\/\/i0.wp.com\/hskurd.org\/wp-content\/uploads\/2021\/12\/952A1641-copy-2-scaled.jpg?fit=1200%2C800&ssl=1&resize=350%2C200 1x, https:\/\/i0.wp.com\/hskurd.org\/wp-content\/uploads\/2021\/12\/952A1641-copy-2-scaled.jpg?fit=1200%2C800&ssl=1&resize=525%2C300 1.5x, https:\/\/i0.wp.com\/hskurd.org\/wp-content\/uploads\/2021\/12\/952A1641-copy-2-scaled.jpg?fit=1200%2C800&ssl=1&resize=700%2C400 2x, https:\/\/i0.wp.com\/hskurd.org\/wp-content\/uploads\/2021\/12\/952A1641-copy-2-scaled.jpg?fit=1200%2C800&ssl=1&resize=1050%2C600 3x"},"classes":[]},{"id":6264,"url":"https:\/\/hskurd.org\/?p=6264&lang=ku","url_meta":{"origin":10877,"position":1},"title":"Ken\u00ea wan ji bo me berdewam\u00ee ye","author":"Sozdar","date":"3 \u064a\u0648\u0644\u064a\u0648\u060c 2022","format":false,"excerpt":"Nav: Fed\u00eela Xidir El-El\u00ee Temen: 7 sal Cih: Kampa Wa\u015fokan\u00ee Rew\u015fa w\u00ea a tendurst\u00ee : hewcedariya la\u015f\u00ee Sedema hewcedariy\u00ea: derketina gir\u00eakek\u00ea li ser derzika pi\u015fta w\u00ea \u00fb di dema emel\u00eekirina w\u00ea de tevgera herdu ling\u00ean xwe wunda kir. Nekar\u00eeb\u00fbna Fed\u00eela di tevger \u00fb p\u00eakvejiyana bi heval\u00ean xwe re, \u00ea\u015fa ko\u00e7beriy\u00ea\u2026","rel":"","context":"\u0641\u064a &quot;\u00c7\u00eerok&quot;","block_context":{"text":"\u00c7\u00eerok","link":"https:\/\/hskurd.org\/?cat=831&lang=ku"},"img":{"alt_text":"","src":"https:\/\/i0.wp.com\/hskurd.org\/wp-content\/uploads\/2022\/07\/02-1-scaled.jpg?fit=1200%2C800&ssl=1&resize=350%2C200","width":350,"height":200,"srcset":"https:\/\/i0.wp.com\/hskurd.org\/wp-content\/uploads\/2022\/07\/02-1-scaled.jpg?fit=1200%2C800&ssl=1&resize=350%2C200 1x, https:\/\/i0.wp.com\/hskurd.org\/wp-content\/uploads\/2022\/07\/02-1-scaled.jpg?fit=1200%2C800&ssl=1&resize=525%2C300 1.5x, https:\/\/i0.wp.com\/hskurd.org\/wp-content\/uploads\/2022\/07\/02-1-scaled.jpg?fit=1200%2C800&ssl=1&resize=700%2C400 2x, https:\/\/i0.wp.com\/hskurd.org\/wp-content\/uploads\/2022\/07\/02-1-scaled.jpg?fit=1200%2C800&ssl=1&resize=1050%2C600 3x"},"classes":[]},{"id":8660,"url":"https:\/\/hskurd.org\/?p=8660&lang=ku","url_meta":{"origin":10877,"position":2},"title":"&#8221; Em ji bo nexwe\u015f\u00ean pence\u015f\u00ear\u00ea \u00fb telas\u00eemiyay\u00ea bibin al\u00eekar &#8220;","author":"neruda","date":"19 \u0633\u0628\u062a\u0645\u0628\u0631\u060c 2024","format":false,"excerpt":"https:\/\/www.youtube.com\/watch?v=NgMvX8IsKx0 \u00a0 https:\/\/www.youtube.com\/watch?v=NgMvX8IsKx0 Bi armanca peydakirina p\u00eadiviy\u00ean bij\u00ee\u015fk\u00ee y\u00ean z\u00eadebuy\u00ee \u00fb bi taybet ji bo nexwe\u015f\u00ean pence\u015f\u00ear\u00ea \u00fb zarok\u00ean telas\u00eemiyay\u00ea li Bakur \u00fb Rojhilat\u00ea S\u00fbriy\u00ea, R\u00eaxistina Heyva Sor a Kurd desp\u00eakirina r\u00eabazeke pi\u015ftgiriya civak\u00ee ji bo nexwe\u015fxaneya Onkoloj\u00ee, Telas\u00eemiyay\u00ea \u00fb \u015fewat\u00ea a li bajar\u00ea Qami\u015flo radigh\u00eene. Pi\u015ftgiriya civak\u00ee, ku sindoq\u00ean\u2026","rel":"","context":"\u0641\u064a &quot;Perwerdehiya tendurist\u00ee&quot;","block_context":{"text":"Perwerdehiya tendurist\u00ee","link":"https:\/\/hskurd.org\/?cat=844&lang=ku"},"img":{"alt_text":"","src":"https:\/\/i0.wp.com\/hskurd.org\/wp-content\/uploads\/2024\/09\/MVI_3438-copy.jpg?fit=1200%2C675&ssl=1&resize=350%2C200","width":350,"height":200,"srcset":"https:\/\/i0.wp.com\/hskurd.org\/wp-content\/uploads\/2024\/09\/MVI_3438-copy.jpg?fit=1200%2C675&ssl=1&resize=350%2C200 1x, https:\/\/i0.wp.com\/hskurd.org\/wp-content\/uploads\/2024\/09\/MVI_3438-copy.jpg?fit=1200%2C675&ssl=1&resize=525%2C300 1.5x, https:\/\/i0.wp.com\/hskurd.org\/wp-content\/uploads\/2024\/09\/MVI_3438-copy.jpg?fit=1200%2C675&ssl=1&resize=700%2C400 2x, https:\/\/i0.wp.com\/hskurd.org\/wp-content\/uploads\/2024\/09\/MVI_3438-copy.jpg?fit=1200%2C675&ssl=1&resize=1050%2C600 3x"},"classes":[]},{"id":6425,"url":"https:\/\/hskurd.org\/?p=6425&lang=ku","url_meta":{"origin":10877,"position":3},"title":"H\u00eav\u00ee bi R\u00eaya Kar","author":"Sozdar","date":"12 \u0633\u0628\u062a\u0645\u0628\u0631\u060c 2022","format":false,"excerpt":"Di Roja C\u00eehan\u00ea de ya P\u00ea\u015f\u00eel\u00eagirtina Xweku\u015ftin\u00ea ya ku dikeve 10 '\u00ea \u00celon\u00ea ji her sal ,niv\u00eesgeha Parastin \u00fb Pi\u015ftgiriya der\u00fbn\u00ee a Heyva Sor a Kurd kampaniyeke hi\u015fyariy\u00ea da destp\u00eakirin bi nav\u00ea 'H\u00eav\u00ee bi R\u00eaya Kar'. Li gor\u00ee R\u00eaxistina Tenduristiy\u00ea ya C\u00eehan\u00ee (WHO), her 40 \u00e7irkeyan li cihek\u00ea li c\u00eehan\u00ea\u2026","rel":"","context":"\u0641\u064a &quot;Parastin&quot;","block_context":{"text":"Parastin","link":"https:\/\/hskurd.org\/?cat=840&lang=ku"},"img":{"alt_text":"","src":"https:\/\/i0.wp.com\/hskurd.org\/wp-content\/uploads\/2022\/09\/IMG-20220911-WA0024.jpg?fit=432%2C984&ssl=1&resize=350%2C200","width":350,"height":200},"classes":[]},{"id":9904,"url":"https:\/\/hskurd.org\/?p=9904&lang=ku","url_meta":{"origin":10877,"position":4},"title":"Kampanyek x\u00earxwaziy\u00ea pi\u015ftgiriy\u00ea dide zarok\u00ean telas\u00eemiyay\u00ea","author":"neruda","date":"4 \u0646\u0648\u0641\u0645\u0628\u0631\u060c 2024","format":false,"excerpt":"Wek kampaniyek x\u00earxwaziy\u00ea ku armanca w\u00ea pi\u015ftgiriya zarok\u00ean telas\u00eemiyay\u00ea b\u00fb,\u00a0 komek ciwan\u00ean kurd\u00a0li w\u00eelayeta Vancouver, li Kanada, komek ji p\u00eal\u00eestok \u00fb derman\u00ean p\u00eaw\u00eest p\u00ea\u015fk\u00ea\u015f\u00ee Nexwe\u015fxaneya Onkoloj\u00ee, \u015eewat \u00fb Telasemiy\u00ea ya Heyva Sor a Kurd li bajar\u00ea Qami\u015flo kirin. Ev \u00e7alak\u00ee nirx\u00ean day\u00een \u00fb hevgirtin\u00ea n\u00ee\u015fan dide, bi taybet\u00ee ji bo\u2026","rel":"","context":"\u0641\u064a &quot;Pi\u015ftgirya pskolog\u00eek&quot;","block_context":{"text":"Pi\u015ftgirya pskolog\u00eek","link":"https:\/\/hskurd.org\/?cat=1486&lang=ku"},"img":{"alt_text":"","src":"https:\/\/i0.wp.com\/hskurd.org\/wp-content\/uploads\/2024\/11\/465655369_858427136452587_4768032065087841535_n.jpg?fit=1200%2C800&ssl=1&resize=350%2C200","width":350,"height":200,"srcset":"https:\/\/i0.wp.com\/hskurd.org\/wp-content\/uploads\/2024\/11\/465655369_858427136452587_4768032065087841535_n.jpg?fit=1200%2C800&ssl=1&resize=350%2C200 1x, https:\/\/i0.wp.com\/hskurd.org\/wp-content\/uploads\/2024\/11\/465655369_858427136452587_4768032065087841535_n.jpg?fit=1200%2C800&ssl=1&resize=525%2C300 1.5x, https:\/\/i0.wp.com\/hskurd.org\/wp-content\/uploads\/2024\/11\/465655369_858427136452587_4768032065087841535_n.jpg?fit=1200%2C800&ssl=1&resize=700%2C400 2x, https:\/\/i0.wp.com\/hskurd.org\/wp-content\/uploads\/2024\/11\/465655369_858427136452587_4768032065087841535_n.jpg?fit=1200%2C800&ssl=1&resize=1050%2C600 3x"},"classes":[]},{"id":12598,"url":"https:\/\/hskurd.org\/?p=12598&lang=ku","url_meta":{"origin":10877,"position":5},"title":"\u00c7alakiy\u00ean rekreasyon \u00fb pi\u015ftgiriya ps\u00eekoloj\u00eek ji bo kes\u00ean ko\u00e7ber li Qam\u00ee\u015fl\u00ee ji bo p\u00ea\u015fvebirina ba\u015fb\u00fbn\u00ea \u00fb an\u00eena ken","author":"user55","date":"14 \u0623\u0628\u0631\u064a\u0644\u060c 2026","format":false,"excerpt":"Di nav dibistana Polos Yaqoub de, t\u00eema Pi\u015ftgiriya Der\u00fbn\u00ee ya Heyva Sor a Kurd de\u060c \u00e7alakiy\u00ean taybet ji bo zarokan hatin p\u00eak an\u00een\u060c ku armanca wan k\u00eamkirina zext \u00fb vegerandina k\u00eafxwe\u015fiya zaroktiy\u00ea b\u00fb\u060c bi r\u00eaya l\u00eestin \u00fb hevkariya kom\u00ee. Herwiha\u060c ji bo mezinan j\u00ee dani\u015f\u00een\u00ean pi\u015ftgiriya der\u00fbn\u00ee hatin kirin\u060c da\u2026","rel":"","context":"\u0641\u064a &quot;Pi\u015ftgirya pskolog\u00eek&quot;","block_context":{"text":"Pi\u015ftgirya pskolog\u00eek","link":"https:\/\/hskurd.org\/?cat=1486&lang=ku"},"img":{"alt_text":"","src":"https:\/\/i0.wp.com\/hskurd.org\/wp-content\/uploads\/2026\/04\/672334112_1248390707456226_416795131695776741_n.jpg?fit=1200%2C675&ssl=1&resize=350%2C200","width":350,"height":200,"srcset":"https:\/\/i0.wp.com\/hskurd.org\/wp-content\/uploads\/2026\/04\/672334112_1248390707456226_416795131695776741_n.jpg?fit=1200%2C675&ssl=1&resize=350%2C200 1x, https:\/\/i0.wp.com\/hskurd.org\/wp-content\/uploads\/2026\/04\/672334112_1248390707456226_416795131695776741_n.jpg?fit=1200%2C675&ssl=1&resize=525%2C300 1.5x, https:\/\/i0.wp.com\/hskurd.org\/wp-content\/uploads\/2026\/04\/672334112_1248390707456226_416795131695776741_n.jpg?fit=1200%2C675&ssl=1&resize=700%2C400 2x, https:\/\/i0.wp.com\/hskurd.org\/wp-content\/uploads\/2026\/04\/672334112_1248390707456226_416795131695776741_n.jpg?fit=1200%2C675&ssl=1&resize=1050%2C600 3x"},"classes":[]}],"jetpack_sharing_enabled":true,"_links":{"self":[{"href":"https:\/\/hskurd.org\/index.php?rest_route=\/wp\/v2\/posts\/10877","targetHints":{"allow":["GET"]}}],"collection":[{"href":"https:\/\/hskurd.org\/index.php?rest_route=\/wp\/v2\/posts"}],"about":[{"href":"https:\/\/hskurd.org\/index.php?rest_route=\/wp\/v2\/types\/post"}],"author":[{"embeddable":true,"href":"https:\/\/hskurd.org\/index.php?rest_route=\/wp\/v2\/users\/8"}],"replies":[{"embeddable":true,"href":"https:\/\/hskurd.org\/index.php?rest_route=%2Fwp%2Fv2%2Fcomments&post=10877"}],"version-history":[{"count":2,"href":"https:\/\/hskurd.org\/index.php?rest_route=\/wp\/v2\/posts\/10877\/revisions"}],"predecessor-version":[{"id":10879,"href":"https:\/\/hskurd.org\/index.php?rest_route=\/wp\/v2\/posts\/10877\/revisions\/10879"}],"wp:featuredmedia":[{"embeddable":true,"href":"https:\/\/hskurd.org\/index.php?rest_route=\/wp\/v2\/media\/10868"}],"wp:attachment":[{"href":"https:\/\/hskurd.org\/index.php?rest_route=%2Fwp%2Fv2%2Fmedia&parent=10877"}],"wp:term":[{"taxonomy":"category","embeddable":true,"href":"https:\/\/hskurd.org\/index.php?rest_route=%2Fwp%2Fv2%2Fcategories&post=10877"},{"taxonomy":"post_tag","embeddable":true,"href":"https:\/\/hskurd.org\/index.php?rest_route=%2Fwp%2Fv2%2Ftags&post=10877"}],"curies":[{"name":"wp","href":"https:\/\/api.w.org\/{rel}","templated":true}]}}